{"id":8079,"date":"2024-03-22T10:58:23","date_gmt":"2024-03-22T09:58:23","guid":{"rendered":"https:\/\/supereule.pl\/?p=8079"},"modified":"2024-03-22T15:14:15","modified_gmt":"2024-03-22T14:14:15","slug":"deutsch-als-minderheitensprache-in-den-klassen-7-und-8-schreiben-des-vdg-an-die-stellvertr-bildungsministerin-katarzyna-lubnauer","status":"publish","type":"post","link":"https:\/\/supereule.pl\/de\/deutsch-als-minderheitensprache-in-den-klassen-7-und-8-schreiben-des-vdg-an-die-stellvertr-bildungsministerin-katarzyna-lubnauer\/","title":{"rendered":"Deutsch als Minderheitensprache in den Klassen 7 und 8 &#8211; Schreiben des VdG an die stellvertr. Bildungsministerin Katarzyna Lubnauer"},"content":{"rendered":"<p style=\"text-align: left;\">In Bezug auf das erste Treffen zwischen VertreterInnen der Deutschen Minderheit in Polen und der neuen stellvertretenden Bildungsministerin Katarzyna Lubnauer, das am 19. Januar 2024 in Warschau stattfand (\u21d2 <a href=\"https:\/\/supereule.pl\/de\/treffen-mit-katarzyna-lubnauer-der-stellvertretenden-bildungsministerin\/\">Treffen mit Katarzyna Lubnauer, der stellvertretenden Bildungsministerin &#8211; Supereule &#8211; Platforma edukacyjna Mniejszo\u015bci Niemieckiej<\/a>), richtete der <a href=\"https:\/\/vdg.pl\/de\/\" target=\"_blank\" rel=\"noopener\">Verband der deutschen sozial-kulturellen Gesellschaften in Polen (VdG)<\/a> ein Schreiben an Frau Lubnauer.<\/p>\n<p><img loading=\"lazy\" class=\"alignnone size-full wp-image-8087\" src=\"https:\/\/supereule.pl\/wp-content\/uploads\/2024\/03\/423e756a-63e2-434c-b9c2-beb33763e798.jpg\" alt=\"\" width=\"2048\" height=\"1376\" srcset=\"https:\/\/supereule.pl\/wp-content\/uploads\/2024\/03\/423e756a-63e2-434c-b9c2-beb33763e798.jpg 2048w, https:\/\/supereule.pl\/wp-content\/uploads\/2024\/03\/423e756a-63e2-434c-b9c2-beb33763e798-300x202.jpg 300w, https:\/\/supereule.pl\/wp-content\/uploads\/2024\/03\/423e756a-63e2-434c-b9c2-beb33763e798-1024x688.jpg 1024w, https:\/\/supereule.pl\/wp-content\/uploads\/2024\/03\/423e756a-63e2-434c-b9c2-beb33763e798-768x516.jpg 768w, https:\/\/supereule.pl\/wp-content\/uploads\/2024\/03\/423e756a-63e2-434c-b9c2-beb33763e798-1536x1032.jpg 1536w\" sizes=\"(max-width: 2048px) 100vw, 2048px\" \/><\/p>\n<p style=\"text-align: right;\">Treffen am 19. Januar 2024. Bildquelle: <a href=\"https:\/\/vdg.pl\/de\/treffen-mit-katarzyna-lubnauer-hoffnung-auf-gute-veraenderungen-im-bildungswesen-fuer-minderheiten\/\" target=\"_blank\" rel=\"noopener\">VdG<\/a>.<\/p>\n<p>Beim besagten ersten Treffen im Januar wurde die Situation des Unterrichts Deutsch als Minderheitensprache und die R\u00fcckkehr der 3 Stunden pro Woche thematisiert. Die damit verbundene Diskriminierung von Kindern der deutschen Minderheit wurde nachfolgend durch die neue Verordnung vom 5. Februar 2024 der neuen Bildungsministerin Barbara Nowacka (\u21d2 <a href=\"https:\/\/supereule.pl\/de\/ab-1-september-2024-wieder-3-wochenstunden-deutsch-als-minderheitensprache-neue-verordnung-des-bildungsministeriums\/\">Ab 1. September 2024 wieder 3 Wochenstunden Deutsch als Minderheitensprache &#8211; Neue Verordnung des Bildungsministeriums &#8211; Supereule &#8211; Platforma edukacyjna Mniejszo\u015bci Niemieckiej<\/a>) mit Wirkung zum 1. September 2024 beendet. Dadurch wird nach zwei Jahren die Verordnung vom 4. Februar 2022 des damaligen Bildungsministers Przemys\u0142aw Czarnek aufgehoben. Weitere Themen dieses Treffens bildeten der Personalmangel in Bildungseinrichtungen, die Qualit\u00e4t des Unterrichts in Kinderg\u00e4rten und Schulen, die rechtlichen Hindernisse bei der Entwicklung des Unterrichts einschlie\u00dflich der mangelhaften Umsetzung der Bestimmungen gem\u00e4\u00df der Europ\u00e4ischen Charta der Regional- und Minderheitensprachen (\u21d2 der Pr\u00fcfbericht des Sachverst\u00e4ndigenausschusses und Empfehlungen vom 14.06.2023 auf <a href=\"https:\/\/rm.coe.int\/polandecrml4-en\/1680ac6470\" target=\"_blank\" rel=\"noopener\">Englisch<\/a> und zusammengefasst auf <a href=\"https:\/\/rm.coe.int\/polandecrml4-summary-pl\/1680aca667\" target=\"_blank\" rel=\"noopener\">Polnisch<\/a> sowie die Empfehlungen des Ministerkomitees auf <a href=\"https:\/\/search.coe.int\/cm\/pages\/result_details.aspx?ObjectId=0900001680add29e\" target=\"_blank\" rel=\"noopener\">Englisch<\/a>).<\/p>\n<p>Das Schreiben des VdG vom 7. M\u00e4rz 2024 (\u21d2 <a href=\"https:\/\/supereule.pl\/wp-content\/uploads\/2024\/03\/Pismo-ZNSSK-do-MEN-ws.-j.niemieckiego_03.2024.docx.pdf\">Pismo ZNSSK do MEN ws. j.niemieckiego_03.2024.docx<\/a>) weist auf die Priorisierung einer bereits beim Januartreffen angesprochene Thematik hin:\u00a0 Im Jahr 2018 wurde die geltende Gesetzeslage durch die damalige Leitung des Bildungsministeriums neu interpretiert und diese Neuinterpretation untersagt seitdem, dass, ohne ein gesetzliches Verbot und trotz deutlicher inhaltlicher Unterschiede, Sch\u00fclerinnen und Sch\u00fcler den Unterrichts der beiden F\u00e4cher Deutsch als Minderheitensprache und Deutsch als Fremdsprache in den Schulklassen 7 und 8 der Grundschule gleichzeitig besuchen. Sie m\u00fcssen sich seitdem nach der 6. Klasse entweder f\u00fcr die weitere Teilnahme am Unterricht Deutsch als Minderheitensprache oder f\u00fcr die Teilnahme am Unterricht Deutsch als Fremdsprache entscheiden. Da die Grundschule nur mit zwei verpflichtenden Fremdsprachen abgeschlossen werden kann, f\u00fchrte dies dazu, dass mehrheitlich der Unterricht Deutsch als Minderheitensprache nach der 6. Schulkasse nicht mehr fortgef\u00fchrt wird, um am Unterricht Deutsch als Fremdsprache teilnehmen zu k\u00f6nnen, was zudem die Konsequenz hat, dass der Besuch des Unterrichts Deutsch als Minderheitensprache bis zur 6. Klasse aufgrund der rechtlichen Vorgaben nicht auf dem Abschlusszeugnis der Grundschule erscheint (\u21d2 <a href=\"https:\/\/supereule.pl\/de\/1457\/\">Bezeichnung und Status der F\u00e4cher, Schulzeugnis- und Klassenbucheintr\u00e4ge &#8211; Supereule &#8211; Platforma edukacyjna Mniejszo\u015bci Niemieckiej<\/a>). Daher bittet der VdG die stellvertretende Bildungsministerin im Namen der deutschen Minderheit in seinem Schreiben darum, dass das Bildungsministerium m\u00f6gliche L\u00f6sungsvorschl\u00e4ge erarbeitet, die im Rahmen der Gemeinsamen Kommission der Regierung und der nationalen und ethnischen Minderheiten in Polen sowie zusammen mit VertreterInnen der Deutschen Minderheit besprochen werden k\u00f6nnen.<\/p>\n<p>An dieses Schreiben wurden zudem zwei Dokumente angeh\u00e4ngt. Das Rechtsgutachten bez\u00fcglich des Unterrichts einer zweiten Fremdsprache und einer nationalen Minderheitensprache des B\u00fcros f\u00fcr parlamentarische Analysen der Sejm-Kanzlei vom 16. Mai 2018, in dem betont wurde, dass es sich bei der Neuinterpretation um eine rechtliche Interpretation, aber keine bindende Auslegung handelt. Im Gutachten bez\u00fcglich des Unterrichts Deutsch als Minderheitensprache im Kontext des Ersatzes durch Deutsch als Fremdsprache im Zusammenhang mit dem Schreiben des Direktors der Abteilung f\u00fcr Allgemeine Ausbildung des Bildungsministeriums vom 15. M\u00e4rz 2018 wurden einige wesentliche rechtliche Aspekte unterstrichen, die man bei der L\u00f6sung dieses Problems ber\u00fccksichtigen m\u00fcsste.<\/p>\n<p>Au\u00dferdem erhielten Grzegorz Kuprianowicz, Ko-Vorsitzender der Gemeinsamen Kommission der Regierung und der nationalen und ethnischen Minderheiten und Vertreter der ukrainischen Minderheit in Polen, und Tomasz Szyma\u0144ski, Staatssekret\u00e4r des Innenministeriums, das Schreiben zur Kenntnis.<\/p>\n<p>In der Woche nach Versendung dieses Schreibens trafen sich am 13. M\u00e4rz 2024 die stellvertretende Bildungsministerin Lubnauer mit Mitgliedern der Gemeinsamen Kommission der Regierung und der nationalen und ethnischen Minderheiten &#8211; Grzegorz Kuprianowicz, Ko-Vorsitzender der Gemeinsamen Kommission und Vertreter der ukrainischen Minderheit, Rafa\u0142 Bartek, Vertreter der deutschen Minderheit, Algirdas Vaicekauskas, Vertreter der litauischen Minderheit &#8211; zu einem Gespr\u00e4ch \u00fcber den Bildungsbereich nationaler und ethnischer Minderheiten in Polen (\u21d2 <a href=\"https:\/\/vdg.pl\/de\/treffen-mit-der-stellvertretenden-bildungsministerin-katarzyna-lubnauer-zum-thema-der-bildung-von-nationalen-und-ethnischen-minderheiten\/\">Treffen mit der stellvertretenden Bildungsministerin Katarzyna Lubnauer zum Thema der Bildung von nationalen und ethnischen Minderheiten (vdg.pl)<\/a>). Seitens der Minderheitenvertreter wurde die Einrichtung einer st\u00e4ndigen Arbeitsgruppe zu diesem Themenbereich vorgeschlagen.<\/p>\n<p><img loading=\"lazy\" class=\"alignnone wp-image-8085 size-full\" src=\"https:\/\/supereule.pl\/wp-content\/uploads\/2024\/03\/bc76a0cc-6f04-4696-bcee-2e88cca35796.jpg\" alt=\"\" width=\"2048\" height=\"1536\" srcset=\"https:\/\/supereule.pl\/wp-content\/uploads\/2024\/03\/bc76a0cc-6f04-4696-bcee-2e88cca35796.jpg 2048w, https:\/\/supereule.pl\/wp-content\/uploads\/2024\/03\/bc76a0cc-6f04-4696-bcee-2e88cca35796-300x225.jpg 300w, https:\/\/supereule.pl\/wp-content\/uploads\/2024\/03\/bc76a0cc-6f04-4696-bcee-2e88cca35796-1024x768.jpg 1024w, https:\/\/supereule.pl\/wp-content\/uploads\/2024\/03\/bc76a0cc-6f04-4696-bcee-2e88cca35796-768x576.jpg 768w, https:\/\/supereule.pl\/wp-content\/uploads\/2024\/03\/bc76a0cc-6f04-4696-bcee-2e88cca35796-1536x1152.jpg 1536w\" sizes=\"(max-width: 2048px) 100vw, 2048px\" \/><\/p>\n<p style=\"text-align: right;\">Treffen am 13. M\u00e4rz 2024. Bildquelle: <a href=\"https:\/\/vdg.pl\/de\/treffen-mit-der-stellvertretenden-bildungsministerin-katarzyna-lubnauer-zum-thema-der-bildung-von-nationalen-und-ethnischen-minderheiten\/\" target=\"_blank\" rel=\"noopener\">VdG.<\/a><\/p>\n<hr \/>\n<p>\u00dcber die weiteren Entwicklungen informiert nat\u00fcrlich die Supereule auf \u21d2<a href=\"https:\/\/supereule.pl\/de\/\" target=\"_blank\" rel=\"noopener\"> supereule.pl\u00a0<\/a> und auf \u21d2 <a href=\"https:\/\/www.facebook.com\/supereulepl\/\" target=\"_blank\" rel=\"noopener\">Facebook<\/a> sowie der VdG auf seinen Kan\u00e4len \u21d2 <a href=\"https:\/\/vdg.pl\/de\/\" target=\"_blank\" rel=\"noopener\">vdg.pl<\/a>\u00a0 \u21d2 <a href=\"https:\/\/www.facebook.com\/VdGinPolen\" target=\"_blank\" rel=\"noopener\">Facebook<\/a>\u00a0 \u21d2 <a href=\"https:\/\/www.instagram.com\/deutsche_in_pl\/\" target=\"_blank\" rel=\"noopener\">Instagram.<\/a><\/p>\n","protected":false},"excerpt":{"rendered":"<p>In Bezug auf das erste Treffen zwischen VertreterInnen der Deutschen Minderheit in Polen und der neuen stellvertretenden Bildungsministerin Katarzyna Lubnauer, das am 19. Januar 2024 in Warschau stattfand (\u21d2 Treffen mit Katarzyna Lubnauer, der stellvertretenden Bildungsministerin &#8211; Supereule &#8211; Platforma edukacyjna Mniejszo\u015bci Niemieckiej), richtete der Verband der deutschen sozial-kulturellen Gesellschaften in Polen (VdG) ein Schreiben [&hellip;]<\/p>\n","protected":false},"author":5,"featured_media":8092,"comment_status":"closed","ping_status":"closed","sticky":false,"template":"","format":"standard","meta":[],"categories":[95,94,61],"tags":[],"acf":[],"yoast_head":"<!-- This site is optimized with the Yoast SEO plugin v18.9 - https:\/\/yoast.com\/wordpress\/plugins\/seo\/ -->\n<title>Deutsch als Minderheitensprache in den Klassen 7 und 8 - Schreiben des VdG an die stellvertr. Bildungsministerin Katarzyna Lubnauer - Supereule - Platforma edukacyjna Mniejszo\u015bci Niemieckiej<\/title>\n<meta name=\"robots\" content=\"index, follow, max-snippet:-1, max-image-preview:large, max-video-preview:-1\" \/>\n<link rel=\"canonical\" href=\"https:\/\/supereule.pl\/de\/deutsch-als-minderheitensprache-in-den-klassen-7-und-8-schreiben-des-vdg-an-die-stellvertr-bildungsministerin-katarzyna-lubnauer\/\" \/>\n<meta property=\"og:locale\" content=\"de_DE\" \/>\n<meta property=\"og:type\" content=\"article\" \/>\n<meta property=\"og:title\" content=\"Deutsch als Minderheitensprache in den Klassen 7 und 8 - Schreiben des VdG an die stellvertr. Bildungsministerin Katarzyna Lubnauer - Supereule - Platforma edukacyjna Mniejszo\u015bci Niemieckiej\" \/>\n<meta property=\"og:description\" content=\"In Bezug auf das erste Treffen zwischen VertreterInnen der Deutschen Minderheit in Polen und der neuen stellvertretenden Bildungsministerin Katarzyna Lubnauer, das am 19. Januar 2024 in Warschau stattfand (\u21d2 Treffen mit Katarzyna Lubnauer, der stellvertretenden Bildungsministerin &#8211; Supereule &#8211; Platforma edukacyjna Mniejszo\u015bci Niemieckiej), richtete der Verband der deutschen sozial-kulturellen Gesellschaften in Polen (VdG) ein Schreiben [&hellip;]\" \/>\n<meta property=\"og:url\" content=\"https:\/\/supereule.pl\/de\/deutsch-als-minderheitensprache-in-den-klassen-7-und-8-schreiben-des-vdg-an-die-stellvertr-bildungsministerin-katarzyna-lubnauer\/\" \/>\n<meta property=\"og:site_name\" content=\"Supereule - Platforma edukacyjna Mniejszo\u015bci Niemieckiej\" \/>\n<meta property=\"article:published_time\" content=\"2024-03-22T09:58:23+00:00\" \/>\n<meta property=\"article:modified_time\" content=\"2024-03-22T14:14:15+00:00\" \/>\n<meta property=\"og:image\" content=\"https:\/\/supereule.pl\/wp-content\/uploads\/2024\/03\/Design-ohne-Titel-3-1.png\" \/>\n\t<meta property=\"og:image:width\" content=\"940\" \/>\n\t<meta property=\"og:image:height\" content=\"788\" \/>\n\t<meta property=\"og:image:type\" content=\"image\/png\" \/>\n<meta name=\"twitter:card\" content=\"summary_large_image\" \/>\n<meta name=\"twitter:label1\" content=\"Verfasst von\" \/>\n\t<meta name=\"twitter:data1\" content=\"Tur\" \/>\n\t<meta name=\"twitter:label2\" content=\"Gesch\u00e4tzte Lesezeit\" \/>\n\t<meta name=\"twitter:data2\" content=\"4\u00a0Minuten\" \/>\n<script type=\"application\/ld+json\" class=\"yoast-schema-graph\">{\"@context\":\"https:\/\/schema.org\",\"@graph\":[{\"@type\":\"WebSite\",\"@id\":\"https:\/\/supereule.pl\/de\/#website\",\"url\":\"https:\/\/supereule.pl\/de\/\",\"name\":\"Supereule - Platforma edukacyjna Mniejszo\u015bci Niemieckiej\",\"description\":\"\",\"potentialAction\":[{\"@type\":\"SearchAction\",\"target\":{\"@type\":\"EntryPoint\",\"urlTemplate\":\"https:\/\/supereule.pl\/de\/?s={search_term_string}\"},\"query-input\":\"required name=search_term_string\"}],\"inLanguage\":\"de\"},{\"@type\":\"ImageObject\",\"inLanguage\":\"de\",\"@id\":\"https:\/\/supereule.pl\/de\/deutsch-als-minderheitensprache-in-den-klassen-7-und-8-schreiben-des-vdg-an-die-stellvertr-bildungsministerin-katarzyna-lubnauer\/#primaryimage\",\"url\":\"https:\/\/supereule.pl\/wp-content\/uploads\/2024\/03\/Design-ohne-Titel-3-1.png\",\"contentUrl\":\"https:\/\/supereule.pl\/wp-content\/uploads\/2024\/03\/Design-ohne-Titel-3-1.png\",\"width\":940,\"height\":788},{\"@type\":\"WebPage\",\"@id\":\"https:\/\/supereule.pl\/de\/deutsch-als-minderheitensprache-in-den-klassen-7-und-8-schreiben-des-vdg-an-die-stellvertr-bildungsministerin-katarzyna-lubnauer\/#webpage\",\"url\":\"https:\/\/supereule.pl\/de\/deutsch-als-minderheitensprache-in-den-klassen-7-und-8-schreiben-des-vdg-an-die-stellvertr-bildungsministerin-katarzyna-lubnauer\/\",\"name\":\"Deutsch als Minderheitensprache in den Klassen 7 und 8 - Schreiben des VdG an die stellvertr. Bildungsministerin Katarzyna Lubnauer - Supereule - Platforma edukacyjna Mniejszo\u015bci Niemieckiej\",\"isPartOf\":{\"@id\":\"https:\/\/supereule.pl\/de\/#website\"},\"primaryImageOfPage\":{\"@id\":\"https:\/\/supereule.pl\/de\/deutsch-als-minderheitensprache-in-den-klassen-7-und-8-schreiben-des-vdg-an-die-stellvertr-bildungsministerin-katarzyna-lubnauer\/#primaryimage\"},\"datePublished\":\"2024-03-22T09:58:23+00:00\",\"dateModified\":\"2024-03-22T14:14:15+00:00\",\"author\":{\"@id\":\"https:\/\/supereule.pl\/de\/#\/schema\/person\/0e2c71e78eb51da67a5d94bdb4ee413b\"},\"breadcrumb\":{\"@id\":\"https:\/\/supereule.pl\/de\/deutsch-als-minderheitensprache-in-den-klassen-7-und-8-schreiben-des-vdg-an-die-stellvertr-bildungsministerin-katarzyna-lubnauer\/#breadcrumb\"},\"inLanguage\":\"de\",\"potentialAction\":[{\"@type\":\"ReadAction\",\"target\":[\"https:\/\/supereule.pl\/de\/deutsch-als-minderheitensprache-in-den-klassen-7-und-8-schreiben-des-vdg-an-die-stellvertr-bildungsministerin-katarzyna-lubnauer\/\"]}]},{\"@type\":\"BreadcrumbList\",\"@id\":\"https:\/\/supereule.pl\/de\/deutsch-als-minderheitensprache-in-den-klassen-7-und-8-schreiben-des-vdg-an-die-stellvertr-bildungsministerin-katarzyna-lubnauer\/#breadcrumb\",\"itemListElement\":[{\"@type\":\"ListItem\",\"position\":1,\"name\":\"Home\",\"item\":\"https:\/\/supereule.pl\/de\/\"},{\"@type\":\"ListItem\",\"position\":2,\"name\":\"Gesetz\",\"item\":\"https:\/\/supereule.pl\/de\/category\/gesetz\/\"},{\"@type\":\"ListItem\",\"position\":3,\"name\":\"Deutsch als Minderheitensprache in den Klassen 7 und 8 &#8211; Schreiben des VdG an die stellvertr. Bildungsministerin Katarzyna Lubnauer\"}]},{\"@type\":\"Person\",\"@id\":\"https:\/\/supereule.pl\/de\/#\/schema\/person\/0e2c71e78eb51da67a5d94bdb4ee413b\",\"name\":\"Tur\",\"image\":{\"@type\":\"ImageObject\",\"inLanguage\":\"de\",\"@id\":\"https:\/\/supereule.pl\/de\/#\/schema\/person\/image\/\",\"url\":\"https:\/\/secure.gravatar.com\/avatar\/3b9e229b05603115e26a689a3b251554?s=96&d=mm&r=g\",\"contentUrl\":\"https:\/\/secure.gravatar.com\/avatar\/3b9e229b05603115e26a689a3b251554?s=96&d=mm&r=g\",\"caption\":\"Tur\"},\"sameAs\":[\"http:\/\/supereule.pl\"],\"url\":\"https:\/\/supereule.pl\/de\/author\/beatetur\/\"}]}<\/script>\n<!-- \/ Yoast SEO plugin. -->","yoast_head_json":{"title":"Deutsch als Minderheitensprache in den Klassen 7 und 8 - Schreiben des VdG an die stellvertr. Bildungsministerin Katarzyna Lubnauer - Supereule - Platforma edukacyjna Mniejszo\u015bci Niemieckiej","robots":{"index":"index","follow":"follow","max-snippet":"max-snippet:-1","max-image-preview":"max-image-preview:large","max-video-preview":"max-video-preview:-1"},"canonical":"https:\/\/supereule.pl\/de\/deutsch-als-minderheitensprache-in-den-klassen-7-und-8-schreiben-des-vdg-an-die-stellvertr-bildungsministerin-katarzyna-lubnauer\/","og_locale":"de_DE","og_type":"article","og_title":"Deutsch als Minderheitensprache in den Klassen 7 und 8 - Schreiben des VdG an die stellvertr. Bildungsministerin Katarzyna Lubnauer - Supereule - Platforma edukacyjna Mniejszo\u015bci Niemieckiej","og_description":"In Bezug auf das erste Treffen zwischen VertreterInnen der Deutschen Minderheit in Polen und der neuen stellvertretenden Bildungsministerin Katarzyna Lubnauer, das am 19. Januar 2024 in Warschau stattfand (\u21d2 Treffen mit Katarzyna Lubnauer, der stellvertretenden Bildungsministerin &#8211; Supereule &#8211; Platforma edukacyjna Mniejszo\u015bci Niemieckiej), richtete der Verband der deutschen sozial-kulturellen Gesellschaften in Polen (VdG) ein Schreiben [&hellip;]","og_url":"https:\/\/supereule.pl\/de\/deutsch-als-minderheitensprache-in-den-klassen-7-und-8-schreiben-des-vdg-an-die-stellvertr-bildungsministerin-katarzyna-lubnauer\/","og_site_name":"Supereule - Platforma edukacyjna Mniejszo\u015bci Niemieckiej","article_published_time":"2024-03-22T09:58:23+00:00","article_modified_time":"2024-03-22T14:14:15+00:00","og_image":[{"width":940,"height":788,"url":"https:\/\/supereule.pl\/wp-content\/uploads\/2024\/03\/Design-ohne-Titel-3-1.png","type":"image\/png"}],"twitter_card":"summary_large_image","twitter_misc":{"Verfasst von":"Tur","Gesch\u00e4tzte Lesezeit":"4\u00a0Minuten"},"schema":{"@context":"https:\/\/schema.org","@graph":[{"@type":"WebSite","@id":"https:\/\/supereule.pl\/de\/#website","url":"https:\/\/supereule.pl\/de\/","name":"Supereule - Platforma edukacyjna Mniejszo\u015bci Niemieckiej","description":"","potentialAction":[{"@type":"SearchAction","target":{"@type":"EntryPoint","urlTemplate":"https:\/\/supereule.pl\/de\/?s={search_term_string}"},"query-input":"required name=search_term_string"}],"inLanguage":"de"},{"@type":"ImageObject","inLanguage":"de","@id":"https:\/\/supereule.pl\/de\/deutsch-als-minderheitensprache-in-den-klassen-7-und-8-schreiben-des-vdg-an-die-stellvertr-bildungsministerin-katarzyna-lubnauer\/#primaryimage","url":"https:\/\/supereule.pl\/wp-content\/uploads\/2024\/03\/Design-ohne-Titel-3-1.png","contentUrl":"https:\/\/supereule.pl\/wp-content\/uploads\/2024\/03\/Design-ohne-Titel-3-1.png","width":940,"height":788},{"@type":"WebPage","@id":"https:\/\/supereule.pl\/de\/deutsch-als-minderheitensprache-in-den-klassen-7-und-8-schreiben-des-vdg-an-die-stellvertr-bildungsministerin-katarzyna-lubnauer\/#webpage","url":"https:\/\/supereule.pl\/de\/deutsch-als-minderheitensprache-in-den-klassen-7-und-8-schreiben-des-vdg-an-die-stellvertr-bildungsministerin-katarzyna-lubnauer\/","name":"Deutsch als Minderheitensprache in den Klassen 7 und 8 - Schreiben des VdG an die stellvertr. Bildungsministerin Katarzyna Lubnauer - Supereule - Platforma edukacyjna Mniejszo\u015bci Niemieckiej","isPartOf":{"@id":"https:\/\/supereule.pl\/de\/#website"},"primaryImageOfPage":{"@id":"https:\/\/supereule.pl\/de\/deutsch-als-minderheitensprache-in-den-klassen-7-und-8-schreiben-des-vdg-an-die-stellvertr-bildungsministerin-katarzyna-lubnauer\/#primaryimage"},"datePublished":"2024-03-22T09:58:23+00:00","dateModified":"2024-03-22T14:14:15+00:00","author":{"@id":"https:\/\/supereule.pl\/de\/#\/schema\/person\/0e2c71e78eb51da67a5d94bdb4ee413b"},"breadcrumb":{"@id":"https:\/\/supereule.pl\/de\/deutsch-als-minderheitensprache-in-den-klassen-7-und-8-schreiben-des-vdg-an-die-stellvertr-bildungsministerin-katarzyna-lubnauer\/#breadcrumb"},"inLanguage":"de","potentialAction":[{"@type":"ReadAction","target":["https:\/\/supereule.pl\/de\/deutsch-als-minderheitensprache-in-den-klassen-7-und-8-schreiben-des-vdg-an-die-stellvertr-bildungsministerin-katarzyna-lubnauer\/"]}]},{"@type":"BreadcrumbList","@id":"https:\/\/supereule.pl\/de\/deutsch-als-minderheitensprache-in-den-klassen-7-und-8-schreiben-des-vdg-an-die-stellvertr-bildungsministerin-katarzyna-lubnauer\/#breadcrumb","itemListElement":[{"@type":"ListItem","position":1,"name":"Home","item":"https:\/\/supereule.pl\/de\/"},{"@type":"ListItem","position":2,"name":"Gesetz","item":"https:\/\/supereule.pl\/de\/category\/gesetz\/"},{"@type":"ListItem","position":3,"name":"Deutsch als Minderheitensprache in den Klassen 7 und 8 &#8211; Schreiben des VdG an die stellvertr. Bildungsministerin Katarzyna Lubnauer"}]},{"@type":"Person","@id":"https:\/\/supereule.pl\/de\/#\/schema\/person\/0e2c71e78eb51da67a5d94bdb4ee413b","name":"Tur","image":{"@type":"ImageObject","inLanguage":"de","@id":"https:\/\/supereule.pl\/de\/#\/schema\/person\/image\/","url":"https:\/\/secure.gravatar.com\/avatar\/3b9e229b05603115e26a689a3b251554?s=96&d=mm&r=g","contentUrl":"https:\/\/secure.gravatar.com\/avatar\/3b9e229b05603115e26a689a3b251554?s=96&d=mm&r=g","caption":"Tur"},"sameAs":["http:\/\/supereule.pl"],"url":"https:\/\/supereule.pl\/de\/author\/beatetur\/"}]}},"_links":{"self":[{"href":"https:\/\/supereule.pl\/de\/wp-json\/wp\/v2\/posts\/8079"}],"collection":[{"href":"https:\/\/supereule.pl\/de\/wp-json\/wp\/v2\/posts"}],"about":[{"href":"https:\/\/supereule.pl\/de\/wp-json\/wp\/v2\/types\/post"}],"author":[{"embeddable":true,"href":"https:\/\/supereule.pl\/de\/wp-json\/wp\/v2\/users\/5"}],"replies":[{"embeddable":true,"href":"https:\/\/supereule.pl\/de\/wp-json\/wp\/v2\/comments?post=8079"}],"version-history":[{"count":6,"href":"https:\/\/supereule.pl\/de\/wp-json\/wp\/v2\/posts\/8079\/revisions"}],"predecessor-version":[{"id":8110,"href":"https:\/\/supereule.pl\/de\/wp-json\/wp\/v2\/posts\/8079\/revisions\/8110"}],"wp:featuredmedia":[{"embeddable":true,"href":"https:\/\/supereule.pl\/de\/wp-json\/wp\/v2\/media\/8092"}],"wp:attachment":[{"href":"https:\/\/supereule.pl\/de\/wp-json\/wp\/v2\/media?parent=8079"}],"wp:term":[{"taxonomy":"category","embeddable":true,"href":"https:\/\/supereule.pl\/de\/wp-json\/wp\/v2\/categories?post=8079"},{"taxonomy":"post_tag","embeddable":true,"href":"https:\/\/supereule.pl\/de\/wp-json\/wp\/v2\/tags?post=8079"}],"curies":[{"name":"wp","href":"https:\/\/api.w.org\/{rel}","templated":true}]}}