{"id":7728,"date":"2024-01-23T14:55:20","date_gmt":"2024-01-23T13:55:20","guid":{"rendered":"https:\/\/supereule.pl\/?p=7728"},"modified":"2024-01-23T14:55:20","modified_gmt":"2024-01-23T13:55:20","slug":"treffen-mit-katarzyna-lubnauer-der-stellvertretenden-bildungsministerin","status":"publish","type":"post","link":"https:\/\/supereule.pl\/de\/treffen-mit-katarzyna-lubnauer-der-stellvertretenden-bildungsministerin\/","title":{"rendered":"Treffen mit Katarzyna Lubnauer, der stellvertretenden Bildungsministerin"},"content":{"rendered":"<p>Am 19. Januar 2024 fand ein Treffen mit Katarzyna Lubnauer, der stellvertretenden Bildungsministerin, statt. Als Vertreter der deutschen Minderheit nahmen an dem Treffen Rafa\u0142 Bartek \u2013 Vorsitzender des Verbandes der deutschen sozial-kulturellen Gesellschaften in Polen, Joanna Hassa \u2013 Gesch\u00e4ftsf\u00fchrerin des Verbandes, Ryszard Galla \u2013 ehemaliger Abgeordneter des polnischen Sejm der 5., 6., 7., 8. und 9. Legislaturperiode, und Bernard Gaida \u2013 Bevollm\u00e4chtigter des VdG f\u00fcr internationale Zusammenarbeit in Polen teil.<\/p>\n<p>Das Thema des Treffens war die Situation der deutschen Sprache nach der geplanten Wiedereinf\u00fchrung der Stunden, die die vorherige Regierung den Kindern der deutschen Minderheit weggenommen hatte. Dar\u00fcber hinaus wurden weitere Bildungsprobleme angesprochen: Personalmangel, die Qualit\u00e4t des Unterrichts dieser Sprache in Kinderg\u00e4rten und Schulen, rechtliche Hindernisse f\u00fcr die Entwicklung des Unterrichts dieser Sprache einschlie\u00dflich der mangelnden Umsetzung der Bestimmungen der Europ\u00e4ischen Charta der Regional- und Minderheitensprachen. Das Treffen gibt Hoffnung auf gute Ver\u00e4nderungen im Bildungswesen f\u00fcr Minderheiten, und das ist es, was wir uns erhoffen.<\/p>\n<p>&nbsp;<\/p>\n<p>Quelle Text und Bild: VdG<\/p>\n","protected":false},"excerpt":{"rendered":"<p>Am 19. Januar 2024 fand ein Treffen mit Katarzyna Lubnauer, der stellvertretenden Bildungsministerin, statt. Als Vertreter der deutschen Minderheit nahmen an dem Treffen Rafa\u0142 Bartek \u2013 Vorsitzender des Verbandes der deutschen sozial-kulturellen Gesellschaften in Polen, Joanna Hassa \u2013 Gesch\u00e4ftsf\u00fchrerin des Verbandes, Ryszard Galla \u2013 ehemaliger Abgeordneter des polnischen Sejm der 5., 6., 7., 8. und [&hellip;]<\/p>\n","protected":false},"author":5,"featured_media":7729,"comment_status":"closed","ping_status":"closed","sticky":false,"template":"","format":"standard","meta":[],"categories":[95,94,61],"tags":[],"acf":[],"yoast_head":"<!-- This site is optimized with the Yoast SEO plugin v18.9 - https:\/\/yoast.com\/wordpress\/plugins\/seo\/ -->\n<title>Treffen mit Katarzyna Lubnauer, der stellvertretenden Bildungsministerin - Supereule - Platforma edukacyjna Mniejszo\u015bci Niemieckiej<\/title>\n<meta name=\"robots\" content=\"index, follow, max-snippet:-1, max-image-preview:large, max-video-preview:-1\" \/>\n<link rel=\"canonical\" href=\"https:\/\/supereule.pl\/de\/treffen-mit-katarzyna-lubnauer-der-stellvertretenden-bildungsministerin\/\" \/>\n<meta property=\"og:locale\" content=\"de_DE\" \/>\n<meta property=\"og:type\" content=\"article\" \/>\n<meta property=\"og:title\" content=\"Treffen mit Katarzyna Lubnauer, der stellvertretenden Bildungsministerin - Supereule - Platforma edukacyjna Mniejszo\u015bci Niemieckiej\" \/>\n<meta property=\"og:description\" content=\"Am 19. Januar 2024 fand ein Treffen mit Katarzyna Lubnauer, der stellvertretenden Bildungsministerin, statt. Als Vertreter der deutschen Minderheit nahmen an dem Treffen Rafa\u0142 Bartek \u2013 Vorsitzender des Verbandes der deutschen sozial-kulturellen Gesellschaften in Polen, Joanna Hassa \u2013 Gesch\u00e4ftsf\u00fchrerin des Verbandes, Ryszard Galla \u2013 ehemaliger Abgeordneter des polnischen Sejm der 5., 6., 7., 8. und [&hellip;]\" \/>\n<meta property=\"og:url\" content=\"https:\/\/supereule.pl\/de\/treffen-mit-katarzyna-lubnauer-der-stellvertretenden-bildungsministerin\/\" \/>\n<meta property=\"og:site_name\" content=\"Supereule - Platforma edukacyjna Mniejszo\u015bci Niemieckiej\" \/>\n<meta property=\"article:published_time\" content=\"2024-01-23T13:55:20+00:00\" \/>\n<meta property=\"og:image\" content=\"https:\/\/supereule.pl\/wp-content\/uploads\/2024\/01\/423e756a-63e2-434c-b9c2-beb33763e798.jpg\" \/>\n\t<meta property=\"og:image:width\" content=\"2048\" \/>\n\t<meta property=\"og:image:height\" content=\"1376\" \/>\n\t<meta property=\"og:image:type\" content=\"image\/jpeg\" \/>\n<meta name=\"twitter:card\" content=\"summary_large_image\" \/>\n<meta name=\"twitter:label1\" content=\"Verfasst von\" \/>\n\t<meta name=\"twitter:data1\" content=\"Tur\" \/>\n\t<meta name=\"twitter:label2\" content=\"Gesch\u00e4tzte Lesezeit\" \/>\n\t<meta name=\"twitter:data2\" content=\"1\u00a0Minute\" \/>\n<script type=\"application\/ld+json\" class=\"yoast-schema-graph\">{\"@context\":\"https:\/\/schema.org\",\"@graph\":[{\"@type\":\"WebSite\",\"@id\":\"https:\/\/supereule.pl\/de\/#website\",\"url\":\"https:\/\/supereule.pl\/de\/\",\"name\":\"Supereule - Platforma edukacyjna Mniejszo\u015bci Niemieckiej\",\"description\":\"\",\"potentialAction\":[{\"@type\":\"SearchAction\",\"target\":{\"@type\":\"EntryPoint\",\"urlTemplate\":\"https:\/\/supereule.pl\/de\/?s={search_term_string}\"},\"query-input\":\"required name=search_term_string\"}],\"inLanguage\":\"de\"},{\"@type\":\"ImageObject\",\"inLanguage\":\"de\",\"@id\":\"https:\/\/supereule.pl\/de\/treffen-mit-katarzyna-lubnauer-der-stellvertretenden-bildungsministerin\/#primaryimage\",\"url\":\"https:\/\/supereule.pl\/wp-content\/uploads\/2024\/01\/423e756a-63e2-434c-b9c2-beb33763e798.jpg\",\"contentUrl\":\"https:\/\/supereule.pl\/wp-content\/uploads\/2024\/01\/423e756a-63e2-434c-b9c2-beb33763e798.jpg\",\"width\":2048,\"height\":1376},{\"@type\":\"WebPage\",\"@id\":\"https:\/\/supereule.pl\/de\/treffen-mit-katarzyna-lubnauer-der-stellvertretenden-bildungsministerin\/#webpage\",\"url\":\"https:\/\/supereule.pl\/de\/treffen-mit-katarzyna-lubnauer-der-stellvertretenden-bildungsministerin\/\",\"name\":\"Treffen mit Katarzyna Lubnauer, der stellvertretenden Bildungsministerin - Supereule - Platforma edukacyjna Mniejszo\u015bci Niemieckiej\",\"isPartOf\":{\"@id\":\"https:\/\/supereule.pl\/de\/#website\"},\"primaryImageOfPage\":{\"@id\":\"https:\/\/supereule.pl\/de\/treffen-mit-katarzyna-lubnauer-der-stellvertretenden-bildungsministerin\/#primaryimage\"},\"datePublished\":\"2024-01-23T13:55:20+00:00\",\"dateModified\":\"2024-01-23T13:55:20+00:00\",\"author\":{\"@id\":\"https:\/\/supereule.pl\/de\/#\/schema\/person\/0e2c71e78eb51da67a5d94bdb4ee413b\"},\"breadcrumb\":{\"@id\":\"https:\/\/supereule.pl\/de\/treffen-mit-katarzyna-lubnauer-der-stellvertretenden-bildungsministerin\/#breadcrumb\"},\"inLanguage\":\"de\",\"potentialAction\":[{\"@type\":\"ReadAction\",\"target\":[\"https:\/\/supereule.pl\/de\/treffen-mit-katarzyna-lubnauer-der-stellvertretenden-bildungsministerin\/\"]}]},{\"@type\":\"BreadcrumbList\",\"@id\":\"https:\/\/supereule.pl\/de\/treffen-mit-katarzyna-lubnauer-der-stellvertretenden-bildungsministerin\/#breadcrumb\",\"itemListElement\":[{\"@type\":\"ListItem\",\"position\":1,\"name\":\"Home\",\"item\":\"https:\/\/supereule.pl\/de\/\"},{\"@type\":\"ListItem\",\"position\":2,\"name\":\"Gesetz\",\"item\":\"https:\/\/supereule.pl\/de\/category\/gesetz\/\"},{\"@type\":\"ListItem\",\"position\":3,\"name\":\"Treffen mit Katarzyna Lubnauer, der stellvertretenden Bildungsministerin\"}]},{\"@type\":\"Person\",\"@id\":\"https:\/\/supereule.pl\/de\/#\/schema\/person\/0e2c71e78eb51da67a5d94bdb4ee413b\",\"name\":\"Tur\",\"image\":{\"@type\":\"ImageObject\",\"inLanguage\":\"de\",\"@id\":\"https:\/\/supereule.pl\/de\/#\/schema\/person\/image\/\",\"url\":\"https:\/\/secure.gravatar.com\/avatar\/3b9e229b05603115e26a689a3b251554?s=96&d=mm&r=g\",\"contentUrl\":\"https:\/\/secure.gravatar.com\/avatar\/3b9e229b05603115e26a689a3b251554?s=96&d=mm&r=g\",\"caption\":\"Tur\"},\"sameAs\":[\"http:\/\/supereule.pl\"],\"url\":\"https:\/\/supereule.pl\/de\/author\/beatetur\/\"}]}<\/script>\n<!-- \/ Yoast SEO plugin. -->","yoast_head_json":{"title":"Treffen mit Katarzyna Lubnauer, der stellvertretenden Bildungsministerin - Supereule - Platforma edukacyjna Mniejszo\u015bci Niemieckiej","robots":{"index":"index","follow":"follow","max-snippet":"max-snippet:-1","max-image-preview":"max-image-preview:large","max-video-preview":"max-video-preview:-1"},"canonical":"https:\/\/supereule.pl\/de\/treffen-mit-katarzyna-lubnauer-der-stellvertretenden-bildungsministerin\/","og_locale":"de_DE","og_type":"article","og_title":"Treffen mit Katarzyna Lubnauer, der stellvertretenden Bildungsministerin - Supereule - Platforma edukacyjna Mniejszo\u015bci Niemieckiej","og_description":"Am 19. Januar 2024 fand ein Treffen mit Katarzyna Lubnauer, der stellvertretenden Bildungsministerin, statt. Als Vertreter der deutschen Minderheit nahmen an dem Treffen Rafa\u0142 Bartek \u2013 Vorsitzender des Verbandes der deutschen sozial-kulturellen Gesellschaften in Polen, Joanna Hassa \u2013 Gesch\u00e4ftsf\u00fchrerin des Verbandes, Ryszard Galla \u2013 ehemaliger Abgeordneter des polnischen Sejm der 5., 6., 7., 8. und [&hellip;]","og_url":"https:\/\/supereule.pl\/de\/treffen-mit-katarzyna-lubnauer-der-stellvertretenden-bildungsministerin\/","og_site_name":"Supereule - Platforma edukacyjna Mniejszo\u015bci Niemieckiej","article_published_time":"2024-01-23T13:55:20+00:00","og_image":[{"width":2048,"height":1376,"url":"https:\/\/supereule.pl\/wp-content\/uploads\/2024\/01\/423e756a-63e2-434c-b9c2-beb33763e798.jpg","type":"image\/jpeg"}],"twitter_card":"summary_large_image","twitter_misc":{"Verfasst von":"Tur","Gesch\u00e4tzte Lesezeit":"1\u00a0Minute"},"schema":{"@context":"https:\/\/schema.org","@graph":[{"@type":"WebSite","@id":"https:\/\/supereule.pl\/de\/#website","url":"https:\/\/supereule.pl\/de\/","name":"Supereule - Platforma edukacyjna Mniejszo\u015bci Niemieckiej","description":"","potentialAction":[{"@type":"SearchAction","target":{"@type":"EntryPoint","urlTemplate":"https:\/\/supereule.pl\/de\/?s={search_term_string}"},"query-input":"required name=search_term_string"}],"inLanguage":"de"},{"@type":"ImageObject","inLanguage":"de","@id":"https:\/\/supereule.pl\/de\/treffen-mit-katarzyna-lubnauer-der-stellvertretenden-bildungsministerin\/#primaryimage","url":"https:\/\/supereule.pl\/wp-content\/uploads\/2024\/01\/423e756a-63e2-434c-b9c2-beb33763e798.jpg","contentUrl":"https:\/\/supereule.pl\/wp-content\/uploads\/2024\/01\/423e756a-63e2-434c-b9c2-beb33763e798.jpg","width":2048,"height":1376},{"@type":"WebPage","@id":"https:\/\/supereule.pl\/de\/treffen-mit-katarzyna-lubnauer-der-stellvertretenden-bildungsministerin\/#webpage","url":"https:\/\/supereule.pl\/de\/treffen-mit-katarzyna-lubnauer-der-stellvertretenden-bildungsministerin\/","name":"Treffen mit Katarzyna Lubnauer, der stellvertretenden Bildungsministerin - Supereule - Platforma edukacyjna Mniejszo\u015bci Niemieckiej","isPartOf":{"@id":"https:\/\/supereule.pl\/de\/#website"},"primaryImageOfPage":{"@id":"https:\/\/supereule.pl\/de\/treffen-mit-katarzyna-lubnauer-der-stellvertretenden-bildungsministerin\/#primaryimage"},"datePublished":"2024-01-23T13:55:20+00:00","dateModified":"2024-01-23T13:55:20+00:00","author":{"@id":"https:\/\/supereule.pl\/de\/#\/schema\/person\/0e2c71e78eb51da67a5d94bdb4ee413b"},"breadcrumb":{"@id":"https:\/\/supereule.pl\/de\/treffen-mit-katarzyna-lubnauer-der-stellvertretenden-bildungsministerin\/#breadcrumb"},"inLanguage":"de","potentialAction":[{"@type":"ReadAction","target":["https:\/\/supereule.pl\/de\/treffen-mit-katarzyna-lubnauer-der-stellvertretenden-bildungsministerin\/"]}]},{"@type":"BreadcrumbList","@id":"https:\/\/supereule.pl\/de\/treffen-mit-katarzyna-lubnauer-der-stellvertretenden-bildungsministerin\/#breadcrumb","itemListElement":[{"@type":"ListItem","position":1,"name":"Home","item":"https:\/\/supereule.pl\/de\/"},{"@type":"ListItem","position":2,"name":"Gesetz","item":"https:\/\/supereule.pl\/de\/category\/gesetz\/"},{"@type":"ListItem","position":3,"name":"Treffen mit Katarzyna Lubnauer, der stellvertretenden Bildungsministerin"}]},{"@type":"Person","@id":"https:\/\/supereule.pl\/de\/#\/schema\/person\/0e2c71e78eb51da67a5d94bdb4ee413b","name":"Tur","image":{"@type":"ImageObject","inLanguage":"de","@id":"https:\/\/supereule.pl\/de\/#\/schema\/person\/image\/","url":"https:\/\/secure.gravatar.com\/avatar\/3b9e229b05603115e26a689a3b251554?s=96&d=mm&r=g","contentUrl":"https:\/\/secure.gravatar.com\/avatar\/3b9e229b05603115e26a689a3b251554?s=96&d=mm&r=g","caption":"Tur"},"sameAs":["http:\/\/supereule.pl"],"url":"https:\/\/supereule.pl\/de\/author\/beatetur\/"}]}},"_links":{"self":[{"href":"https:\/\/supereule.pl\/de\/wp-json\/wp\/v2\/posts\/7728"}],"collection":[{"href":"https:\/\/supereule.pl\/de\/wp-json\/wp\/v2\/posts"}],"about":[{"href":"https:\/\/supereule.pl\/de\/wp-json\/wp\/v2\/types\/post"}],"author":[{"embeddable":true,"href":"https:\/\/supereule.pl\/de\/wp-json\/wp\/v2\/users\/5"}],"replies":[{"embeddable":true,"href":"https:\/\/supereule.pl\/de\/wp-json\/wp\/v2\/comments?post=7728"}],"version-history":[{"count":1,"href":"https:\/\/supereule.pl\/de\/wp-json\/wp\/v2\/posts\/7728\/revisions"}],"predecessor-version":[{"id":7731,"href":"https:\/\/supereule.pl\/de\/wp-json\/wp\/v2\/posts\/7728\/revisions\/7731"}],"wp:featuredmedia":[{"embeddable":true,"href":"https:\/\/supereule.pl\/de\/wp-json\/wp\/v2\/media\/7729"}],"wp:attachment":[{"href":"https:\/\/supereule.pl\/de\/wp-json\/wp\/v2\/media?parent=7728"}],"wp:term":[{"taxonomy":"category","embeddable":true,"href":"https:\/\/supereule.pl\/de\/wp-json\/wp\/v2\/categories?post=7728"},{"taxonomy":"post_tag","embeddable":true,"href":"https:\/\/supereule.pl\/de\/wp-json\/wp\/v2\/tags?post=7728"}],"curies":[{"name":"wp","href":"https:\/\/api.w.org\/{rel}","templated":true}]}}