{"id":6802,"date":"2023-06-16T09:05:08","date_gmt":"2023-06-16T07:05:08","guid":{"rendered":"https:\/\/supereule.pl\/?p=6802"},"modified":"2023-06-21T09:12:48","modified_gmt":"2023-06-21T07:12:48","slug":"die-supereule-in-dometzko","status":"publish","type":"post","link":"https:\/\/supereule.pl\/de\/die-supereule-in-dometzko\/","title":{"rendered":"Die Supereule in Dometzko"},"content":{"rendered":"<p>Weiter ging es mit dem Projekt Sprachworkshops mit der Supereule nach Dometzko (\u21d2<a href=\"http:\/\/www.szkola.domecko.pl\/?fbclid=IwAR26Vh750upOTpad8iJXZjUgfpw8uUrUBAVies8h1vMnp6naep4_IHEZ2Uo\" target=\"_blank\" rel=\"noopener\">PSP w Domecku<\/a>).<\/p>\n<p>Auch hier \u00fcbten die Sch\u00fclerinnen und Sch\u00fcler Deutsch und lernten supereule.pl kennen.<\/p>\n<p>Das Projekt wird mit Mitteln des Ausw\u00e4rtigen Amts der Bundesrepublik Deutschland durch das Institut f\u00fcr Auslandsbeziehungen gef\u00f6rdert.<\/p>\n<p><img loading=\"lazy\" class=\"alignnone size-full wp-image-6788\" src=\"https:\/\/supereule.pl\/wp-content\/uploads\/2023\/06\/DSC00746-scaled.jpg\" alt=\"\" width=\"2560\" height=\"1707\" srcset=\"https:\/\/supereule.pl\/wp-content\/uploads\/2023\/06\/DSC00746-scaled.jpg 2560w, https:\/\/supereule.pl\/wp-content\/uploads\/2023\/06\/DSC00746-300x200.jpg 300w, https:\/\/supereule.pl\/wp-content\/uploads\/2023\/06\/DSC00746-1024x683.jpg 1024w, https:\/\/supereule.pl\/wp-content\/uploads\/2023\/06\/DSC00746-768x512.jpg 768w, https:\/\/supereule.pl\/wp-content\/uploads\/2023\/06\/DSC00746-1536x1024.jpg 1536w, https:\/\/supereule.pl\/wp-content\/uploads\/2023\/06\/DSC00746-2048x1365.jpg 2048w\" sizes=\"(max-width: 2560px) 100vw, 2560px\" \/> <img loading=\"lazy\" class=\"alignnone size-full wp-image-6790\" src=\"https:\/\/supereule.pl\/wp-content\/uploads\/2023\/06\/DSC00748-scaled.jpg\" alt=\"\" width=\"2560\" height=\"1707\" srcset=\"https:\/\/supereule.pl\/wp-content\/uploads\/2023\/06\/DSC00748-scaled.jpg 2560w, https:\/\/supereule.pl\/wp-content\/uploads\/2023\/06\/DSC00748-300x200.jpg 300w, https:\/\/supereule.pl\/wp-content\/uploads\/2023\/06\/DSC00748-1024x683.jpg 1024w, https:\/\/supereule.pl\/wp-content\/uploads\/2023\/06\/DSC00748-768x512.jpg 768w, https:\/\/supereule.pl\/wp-content\/uploads\/2023\/06\/DSC00748-1536x1024.jpg 1536w, https:\/\/supereule.pl\/wp-content\/uploads\/2023\/06\/DSC00748-2048x1365.jpg 2048w\" sizes=\"(max-width: 2560px) 100vw, 2560px\" \/> <img loading=\"lazy\" class=\"alignnone size-full wp-image-6792\" src=\"https:\/\/supereule.pl\/wp-content\/uploads\/2023\/06\/DSC00749-scaled.jpg\" alt=\"\" width=\"2560\" height=\"1707\" srcset=\"https:\/\/supereule.pl\/wp-content\/uploads\/2023\/06\/DSC00749-scaled.jpg 2560w, https:\/\/supereule.pl\/wp-content\/uploads\/2023\/06\/DSC00749-300x200.jpg 300w, https:\/\/supereule.pl\/wp-content\/uploads\/2023\/06\/DSC00749-1024x683.jpg 1024w, https:\/\/supereule.pl\/wp-content\/uploads\/2023\/06\/DSC00749-768x512.jpg 768w, https:\/\/supereule.pl\/wp-content\/uploads\/2023\/06\/DSC00749-1536x1024.jpg 1536w, https:\/\/supereule.pl\/wp-content\/uploads\/2023\/06\/DSC00749-2048x1365.jpg 2048w\" sizes=\"(max-width: 2560px) 100vw, 2560px\" \/><\/p>\n","protected":false},"excerpt":{"rendered":"<p>Weiter ging es mit dem Projekt Sprachworkshops mit der Supereule nach Dometzko (\u21d2PSP w Domecku). Auch hier \u00fcbten die Sch\u00fclerinnen und Sch\u00fcler Deutsch und lernten supereule.pl kennen. Das Projekt wird mit Mitteln des Ausw\u00e4rtigen Amts der Bundesrepublik Deutschland durch das Institut f\u00fcr Auslandsbeziehungen gef\u00f6rdert.<\/p>\n","protected":false},"author":5,"featured_media":6794,"comment_status":"open","ping_status":"open","sticky":false,"template":"","format":"standard","meta":[],"categories":[94,61],"tags":[],"acf":[],"yoast_head":"<!-- This site is optimized with the Yoast SEO plugin v18.9 - https:\/\/yoast.com\/wordpress\/plugins\/seo\/ -->\n<title>Die Supereule in Dometzko - Supereule - Platforma edukacyjna Mniejszo\u015bci Niemieckiej<\/title>\n<meta name=\"robots\" content=\"index, follow, max-snippet:-1, max-image-preview:large, max-video-preview:-1\" \/>\n<link rel=\"canonical\" href=\"https:\/\/supereule.pl\/de\/die-supereule-in-dometzko\/\" \/>\n<meta property=\"og:locale\" content=\"de_DE\" \/>\n<meta property=\"og:type\" content=\"article\" \/>\n<meta property=\"og:title\" content=\"Die Supereule in Dometzko - Supereule - Platforma edukacyjna Mniejszo\u015bci Niemieckiej\" \/>\n<meta property=\"og:description\" content=\"Weiter ging es mit dem Projekt Sprachworkshops mit der Supereule nach Dometzko (\u21d2PSP w Domecku). Auch hier \u00fcbten die Sch\u00fclerinnen und Sch\u00fcler Deutsch und lernten supereule.pl kennen. Das Projekt wird mit Mitteln des Ausw\u00e4rtigen Amts der Bundesrepublik Deutschland durch das Institut f\u00fcr Auslandsbeziehungen gef\u00f6rdert.\" \/>\n<meta property=\"og:url\" content=\"https:\/\/supereule.pl\/de\/die-supereule-in-dometzko\/\" \/>\n<meta property=\"og:site_name\" content=\"Supereule - Platforma edukacyjna Mniejszo\u015bci Niemieckiej\" \/>\n<meta property=\"article:published_time\" content=\"2023-06-16T07:05:08+00:00\" \/>\n<meta property=\"article:modified_time\" content=\"2023-06-21T07:12:48+00:00\" \/>\n<meta property=\"og:image\" content=\"https:\/\/supereule.pl\/wp-content\/uploads\/2023\/06\/DSC00750-scaled.jpg\" \/>\n\t<meta property=\"og:image:width\" content=\"2560\" \/>\n\t<meta property=\"og:image:height\" content=\"1707\" \/>\n\t<meta property=\"og:image:type\" content=\"image\/jpeg\" \/>\n<meta name=\"twitter:card\" content=\"summary_large_image\" \/>\n<meta name=\"twitter:label1\" content=\"Verfasst von\" \/>\n\t<meta name=\"twitter:data1\" content=\"Tur\" \/>\n\t<meta name=\"twitter:label2\" content=\"Gesch\u00e4tzte Lesezeit\" \/>\n\t<meta name=\"twitter:data2\" content=\"1\u00a0Minute\" \/>\n<script type=\"application\/ld+json\" class=\"yoast-schema-graph\">{\"@context\":\"https:\/\/schema.org\",\"@graph\":[{\"@type\":\"WebSite\",\"@id\":\"https:\/\/supereule.pl\/de\/#website\",\"url\":\"https:\/\/supereule.pl\/de\/\",\"name\":\"Supereule - Platforma edukacyjna Mniejszo\u015bci Niemieckiej\",\"description\":\"\",\"potentialAction\":[{\"@type\":\"SearchAction\",\"target\":{\"@type\":\"EntryPoint\",\"urlTemplate\":\"https:\/\/supereule.pl\/de\/?s={search_term_string}\"},\"query-input\":\"required name=search_term_string\"}],\"inLanguage\":\"de\"},{\"@type\":\"ImageObject\",\"inLanguage\":\"de\",\"@id\":\"https:\/\/supereule.pl\/de\/die-supereule-in-dometzko\/#primaryimage\",\"url\":\"https:\/\/supereule.pl\/wp-content\/uploads\/2023\/06\/DSC00750-scaled.jpg\",\"contentUrl\":\"https:\/\/supereule.pl\/wp-content\/uploads\/2023\/06\/DSC00750-scaled.jpg\",\"width\":2560,\"height\":1707},{\"@type\":\"WebPage\",\"@id\":\"https:\/\/supereule.pl\/de\/die-supereule-in-dometzko\/#webpage\",\"url\":\"https:\/\/supereule.pl\/de\/die-supereule-in-dometzko\/\",\"name\":\"Die Supereule in Dometzko - Supereule - Platforma edukacyjna Mniejszo\u015bci Niemieckiej\",\"isPartOf\":{\"@id\":\"https:\/\/supereule.pl\/de\/#website\"},\"primaryImageOfPage\":{\"@id\":\"https:\/\/supereule.pl\/de\/die-supereule-in-dometzko\/#primaryimage\"},\"datePublished\":\"2023-06-16T07:05:08+00:00\",\"dateModified\":\"2023-06-21T07:12:48+00:00\",\"author\":{\"@id\":\"https:\/\/supereule.pl\/de\/#\/schema\/person\/0e2c71e78eb51da67a5d94bdb4ee413b\"},\"breadcrumb\":{\"@id\":\"https:\/\/supereule.pl\/de\/die-supereule-in-dometzko\/#breadcrumb\"},\"inLanguage\":\"de\",\"potentialAction\":[{\"@type\":\"ReadAction\",\"target\":[\"https:\/\/supereule.pl\/de\/die-supereule-in-dometzko\/\"]}]},{\"@type\":\"BreadcrumbList\",\"@id\":\"https:\/\/supereule.pl\/de\/die-supereule-in-dometzko\/#breadcrumb\",\"itemListElement\":[{\"@type\":\"ListItem\",\"position\":1,\"name\":\"Home\",\"item\":\"https:\/\/supereule.pl\/de\/\"},{\"@type\":\"ListItem\",\"position\":2,\"name\":\"Lehrer\",\"item\":\"https:\/\/supereule.pl\/de\/category\/lehrer\/\"},{\"@type\":\"ListItem\",\"position\":3,\"name\":\"Die Supereule in Dometzko\"}]},{\"@type\":\"Person\",\"@id\":\"https:\/\/supereule.pl\/de\/#\/schema\/person\/0e2c71e78eb51da67a5d94bdb4ee413b\",\"name\":\"Tur\",\"image\":{\"@type\":\"ImageObject\",\"inLanguage\":\"de\",\"@id\":\"https:\/\/supereule.pl\/de\/#\/schema\/person\/image\/\",\"url\":\"https:\/\/secure.gravatar.com\/avatar\/3b9e229b05603115e26a689a3b251554?s=96&d=mm&r=g\",\"contentUrl\":\"https:\/\/secure.gravatar.com\/avatar\/3b9e229b05603115e26a689a3b251554?s=96&d=mm&r=g\",\"caption\":\"Tur\"},\"sameAs\":[\"http:\/\/supereule.pl\"],\"url\":\"https:\/\/supereule.pl\/de\/author\/beatetur\/\"}]}<\/script>\n<!-- \/ Yoast SEO plugin. -->","yoast_head_json":{"title":"Die Supereule in Dometzko - Supereule - Platforma edukacyjna Mniejszo\u015bci Niemieckiej","robots":{"index":"index","follow":"follow","max-snippet":"max-snippet:-1","max-image-preview":"max-image-preview:large","max-video-preview":"max-video-preview:-1"},"canonical":"https:\/\/supereule.pl\/de\/die-supereule-in-dometzko\/","og_locale":"de_DE","og_type":"article","og_title":"Die Supereule in Dometzko - Supereule - Platforma edukacyjna Mniejszo\u015bci Niemieckiej","og_description":"Weiter ging es mit dem Projekt Sprachworkshops mit der Supereule nach Dometzko (\u21d2PSP w Domecku). Auch hier \u00fcbten die Sch\u00fclerinnen und Sch\u00fcler Deutsch und lernten supereule.pl kennen. Das Projekt wird mit Mitteln des Ausw\u00e4rtigen Amts der Bundesrepublik Deutschland durch das Institut f\u00fcr Auslandsbeziehungen gef\u00f6rdert.","og_url":"https:\/\/supereule.pl\/de\/die-supereule-in-dometzko\/","og_site_name":"Supereule - Platforma edukacyjna Mniejszo\u015bci Niemieckiej","article_published_time":"2023-06-16T07:05:08+00:00","article_modified_time":"2023-06-21T07:12:48+00:00","og_image":[{"width":2560,"height":1707,"url":"https:\/\/supereule.pl\/wp-content\/uploads\/2023\/06\/DSC00750-scaled.jpg","type":"image\/jpeg"}],"twitter_card":"summary_large_image","twitter_misc":{"Verfasst von":"Tur","Gesch\u00e4tzte Lesezeit":"1\u00a0Minute"},"schema":{"@context":"https:\/\/schema.org","@graph":[{"@type":"WebSite","@id":"https:\/\/supereule.pl\/de\/#website","url":"https:\/\/supereule.pl\/de\/","name":"Supereule - Platforma edukacyjna Mniejszo\u015bci Niemieckiej","description":"","potentialAction":[{"@type":"SearchAction","target":{"@type":"EntryPoint","urlTemplate":"https:\/\/supereule.pl\/de\/?s={search_term_string}"},"query-input":"required name=search_term_string"}],"inLanguage":"de"},{"@type":"ImageObject","inLanguage":"de","@id":"https:\/\/supereule.pl\/de\/die-supereule-in-dometzko\/#primaryimage","url":"https:\/\/supereule.pl\/wp-content\/uploads\/2023\/06\/DSC00750-scaled.jpg","contentUrl":"https:\/\/supereule.pl\/wp-content\/uploads\/2023\/06\/DSC00750-scaled.jpg","width":2560,"height":1707},{"@type":"WebPage","@id":"https:\/\/supereule.pl\/de\/die-supereule-in-dometzko\/#webpage","url":"https:\/\/supereule.pl\/de\/die-supereule-in-dometzko\/","name":"Die Supereule in Dometzko - Supereule - Platforma edukacyjna Mniejszo\u015bci Niemieckiej","isPartOf":{"@id":"https:\/\/supereule.pl\/de\/#website"},"primaryImageOfPage":{"@id":"https:\/\/supereule.pl\/de\/die-supereule-in-dometzko\/#primaryimage"},"datePublished":"2023-06-16T07:05:08+00:00","dateModified":"2023-06-21T07:12:48+00:00","author":{"@id":"https:\/\/supereule.pl\/de\/#\/schema\/person\/0e2c71e78eb51da67a5d94bdb4ee413b"},"breadcrumb":{"@id":"https:\/\/supereule.pl\/de\/die-supereule-in-dometzko\/#breadcrumb"},"inLanguage":"de","potentialAction":[{"@type":"ReadAction","target":["https:\/\/supereule.pl\/de\/die-supereule-in-dometzko\/"]}]},{"@type":"BreadcrumbList","@id":"https:\/\/supereule.pl\/de\/die-supereule-in-dometzko\/#breadcrumb","itemListElement":[{"@type":"ListItem","position":1,"name":"Home","item":"https:\/\/supereule.pl\/de\/"},{"@type":"ListItem","position":2,"name":"Lehrer","item":"https:\/\/supereule.pl\/de\/category\/lehrer\/"},{"@type":"ListItem","position":3,"name":"Die Supereule in Dometzko"}]},{"@type":"Person","@id":"https:\/\/supereule.pl\/de\/#\/schema\/person\/0e2c71e78eb51da67a5d94bdb4ee413b","name":"Tur","image":{"@type":"ImageObject","inLanguage":"de","@id":"https:\/\/supereule.pl\/de\/#\/schema\/person\/image\/","url":"https:\/\/secure.gravatar.com\/avatar\/3b9e229b05603115e26a689a3b251554?s=96&d=mm&r=g","contentUrl":"https:\/\/secure.gravatar.com\/avatar\/3b9e229b05603115e26a689a3b251554?s=96&d=mm&r=g","caption":"Tur"},"sameAs":["http:\/\/supereule.pl"],"url":"https:\/\/supereule.pl\/de\/author\/beatetur\/"}]}},"_links":{"self":[{"href":"https:\/\/supereule.pl\/de\/wp-json\/wp\/v2\/posts\/6802"}],"collection":[{"href":"https:\/\/supereule.pl\/de\/wp-json\/wp\/v2\/posts"}],"about":[{"href":"https:\/\/supereule.pl\/de\/wp-json\/wp\/v2\/types\/post"}],"author":[{"embeddable":true,"href":"https:\/\/supereule.pl\/de\/wp-json\/wp\/v2\/users\/5"}],"replies":[{"embeddable":true,"href":"https:\/\/supereule.pl\/de\/wp-json\/wp\/v2\/comments?post=6802"}],"version-history":[{"count":1,"href":"https:\/\/supereule.pl\/de\/wp-json\/wp\/v2\/posts\/6802\/revisions"}],"predecessor-version":[{"id":6803,"href":"https:\/\/supereule.pl\/de\/wp-json\/wp\/v2\/posts\/6802\/revisions\/6803"}],"wp:featuredmedia":[{"embeddable":true,"href":"https:\/\/supereule.pl\/de\/wp-json\/wp\/v2\/media\/6794"}],"wp:attachment":[{"href":"https:\/\/supereule.pl\/de\/wp-json\/wp\/v2\/media?parent=6802"}],"wp:term":[{"taxonomy":"category","embeddable":true,"href":"https:\/\/supereule.pl\/de\/wp-json\/wp\/v2\/categories?post=6802"},{"taxonomy":"post_tag","embeddable":true,"href":"https:\/\/supereule.pl\/de\/wp-json\/wp\/v2\/tags?post=6802"}],"curies":[{"name":"wp","href":"https:\/\/api.w.org\/{rel}","templated":true}]}}