{"id":6713,"date":"2023-06-05T14:02:07","date_gmt":"2023-06-05T12:02:07","guid":{"rendered":"https:\/\/supereule.pl\/?p=6713"},"modified":"2023-06-05T14:02:07","modified_gmt":"2023-06-05T12:02:07","slug":"die-supereule-flog-nach-schemrowitz","status":"publish","type":"post","link":"https:\/\/supereule.pl\/de\/die-supereule-flog-nach-schemrowitz\/","title":{"rendered":"Die Supereule flog nach Schemrowitz"},"content":{"rendered":"<p>Das Projekt <em>Sprachworkshops mit der Supereule<\/em> startete am vergangenen Freitag (2. Juni) an der Grundschule in Schemrowitz (Szemrowice).<\/p>\n<p>Dabei soll die Bildungsplattform der Deutschen Minderheit in Polen supereule.pl unter Sch\u00fclerInnen, LehrerInnen und indirekt Eltern beworben werden.<\/p>\n<p>Innerhalb des Workshops erarbeiteten sich die Kinder ein Lapbook mit verschiedenen Aufgaben, bei denen sie das Eulenteam \u2013 Supereule, Rechtseule, Eltern-Sch\u00fcler-Eule, Lehrereule \u2013 und die deutsche Minderheit kennenlernten sowie Deutsch lernten und \u00fcbten. Au\u00dferdem wurde durch diesen Schulbesuch der Kontakt mit Lehrkr\u00e4ften und der Schulleiterin der Grundschule mit Deutsch-als-Minderheitensprache-Unterricht aufgebaut und sich zur aktuellen Situation des DaM-Unterrichts ausgetauscht.<\/p>\n<p>Die Supereule wird noch zu f\u00fcnf weiteren Schulen im Juni ausfliegen.<\/p>\n<p>Das Projekt wird mit Mitteln des Ausw\u00e4rtigen Amts der Bundesrepublik Deutschland durch das Institut f\u00fcr Auslandsbeziehungen gef\u00f6rdert.<\/p>\n","protected":false},"excerpt":{"rendered":"<p>Das Projekt Sprachworkshops mit der Supereule startete am vergangenen Freitag (2. Juni) an der Grundschule in Schemrowitz (Szemrowice). Dabei soll die Bildungsplattform der Deutschen Minderheit in Polen supereule.pl unter Sch\u00fclerInnen, LehrerInnen und indirekt Eltern beworben werden. Innerhalb des Workshops erarbeiteten sich die Kinder ein Lapbook mit verschiedenen Aufgaben, bei denen sie das Eulenteam \u2013 Supereule, [&hellip;]<\/p>\n","protected":false},"author":5,"featured_media":6714,"comment_status":"open","ping_status":"open","sticky":false,"template":"","format":"standard","meta":[],"categories":[94,61],"tags":[],"acf":[],"yoast_head":"<!-- This site is optimized with the Yoast SEO plugin v18.9 - https:\/\/yoast.com\/wordpress\/plugins\/seo\/ -->\n<title>Die Supereule flog nach Schemrowitz - Supereule - Platforma edukacyjna Mniejszo\u015bci Niemieckiej<\/title>\n<meta name=\"robots\" content=\"index, follow, max-snippet:-1, max-image-preview:large, max-video-preview:-1\" \/>\n<link rel=\"canonical\" href=\"https:\/\/supereule.pl\/de\/die-supereule-flog-nach-schemrowitz\/\" \/>\n<meta property=\"og:locale\" content=\"de_DE\" \/>\n<meta property=\"og:type\" content=\"article\" \/>\n<meta property=\"og:title\" content=\"Die Supereule flog nach Schemrowitz - Supereule - Platforma edukacyjna Mniejszo\u015bci Niemieckiej\" \/>\n<meta property=\"og:description\" content=\"Das Projekt Sprachworkshops mit der Supereule startete am vergangenen Freitag (2. Juni) an der Grundschule in Schemrowitz (Szemrowice). Dabei soll die Bildungsplattform der Deutschen Minderheit in Polen supereule.pl unter Sch\u00fclerInnen, LehrerInnen und indirekt Eltern beworben werden. Innerhalb des Workshops erarbeiteten sich die Kinder ein Lapbook mit verschiedenen Aufgaben, bei denen sie das Eulenteam \u2013 Supereule, [&hellip;]\" \/>\n<meta property=\"og:url\" content=\"https:\/\/supereule.pl\/de\/die-supereule-flog-nach-schemrowitz\/\" \/>\n<meta property=\"og:site_name\" content=\"Supereule - Platforma edukacyjna Mniejszo\u015bci Niemieckiej\" \/>\n<meta property=\"article:published_time\" content=\"2023-06-05T12:02:07+00:00\" \/>\n<meta property=\"og:image\" content=\"https:\/\/supereule.pl\/wp-content\/uploads\/2023\/06\/DSC00689-scaled.jpg\" \/>\n\t<meta property=\"og:image:width\" content=\"2560\" \/>\n\t<meta property=\"og:image:height\" content=\"1707\" \/>\n\t<meta property=\"og:image:type\" content=\"image\/jpeg\" \/>\n<meta name=\"twitter:card\" content=\"summary_large_image\" \/>\n<meta name=\"twitter:label1\" content=\"Verfasst von\" \/>\n\t<meta name=\"twitter:data1\" content=\"Tur\" \/>\n\t<meta name=\"twitter:label2\" content=\"Gesch\u00e4tzte Lesezeit\" \/>\n\t<meta name=\"twitter:data2\" content=\"1\u00a0Minute\" \/>\n<script type=\"application\/ld+json\" class=\"yoast-schema-graph\">{\"@context\":\"https:\/\/schema.org\",\"@graph\":[{\"@type\":\"WebSite\",\"@id\":\"https:\/\/supereule.pl\/de\/#website\",\"url\":\"https:\/\/supereule.pl\/de\/\",\"name\":\"Supereule - Platforma edukacyjna Mniejszo\u015bci Niemieckiej\",\"description\":\"\",\"potentialAction\":[{\"@type\":\"SearchAction\",\"target\":{\"@type\":\"EntryPoint\",\"urlTemplate\":\"https:\/\/supereule.pl\/de\/?s={search_term_string}\"},\"query-input\":\"required name=search_term_string\"}],\"inLanguage\":\"de\"},{\"@type\":\"ImageObject\",\"inLanguage\":\"de\",\"@id\":\"https:\/\/supereule.pl\/de\/die-supereule-flog-nach-schemrowitz\/#primaryimage\",\"url\":\"https:\/\/supereule.pl\/wp-content\/uploads\/2023\/06\/DSC00689-scaled.jpg\",\"contentUrl\":\"https:\/\/supereule.pl\/wp-content\/uploads\/2023\/06\/DSC00689-scaled.jpg\",\"width\":2560,\"height\":1707},{\"@type\":\"WebPage\",\"@id\":\"https:\/\/supereule.pl\/de\/die-supereule-flog-nach-schemrowitz\/#webpage\",\"url\":\"https:\/\/supereule.pl\/de\/die-supereule-flog-nach-schemrowitz\/\",\"name\":\"Die Supereule flog nach Schemrowitz - Supereule - Platforma edukacyjna Mniejszo\u015bci Niemieckiej\",\"isPartOf\":{\"@id\":\"https:\/\/supereule.pl\/de\/#website\"},\"primaryImageOfPage\":{\"@id\":\"https:\/\/supereule.pl\/de\/die-supereule-flog-nach-schemrowitz\/#primaryimage\"},\"datePublished\":\"2023-06-05T12:02:07+00:00\",\"dateModified\":\"2023-06-05T12:02:07+00:00\",\"author\":{\"@id\":\"https:\/\/supereule.pl\/de\/#\/schema\/person\/0e2c71e78eb51da67a5d94bdb4ee413b\"},\"breadcrumb\":{\"@id\":\"https:\/\/supereule.pl\/de\/die-supereule-flog-nach-schemrowitz\/#breadcrumb\"},\"inLanguage\":\"de\",\"potentialAction\":[{\"@type\":\"ReadAction\",\"target\":[\"https:\/\/supereule.pl\/de\/die-supereule-flog-nach-schemrowitz\/\"]}]},{\"@type\":\"BreadcrumbList\",\"@id\":\"https:\/\/supereule.pl\/de\/die-supereule-flog-nach-schemrowitz\/#breadcrumb\",\"itemListElement\":[{\"@type\":\"ListItem\",\"position\":1,\"name\":\"Home\",\"item\":\"https:\/\/supereule.pl\/de\/\"},{\"@type\":\"ListItem\",\"position\":2,\"name\":\"Lehrer\",\"item\":\"https:\/\/supereule.pl\/de\/category\/lehrer\/\"},{\"@type\":\"ListItem\",\"position\":3,\"name\":\"Die Supereule flog nach Schemrowitz\"}]},{\"@type\":\"Person\",\"@id\":\"https:\/\/supereule.pl\/de\/#\/schema\/person\/0e2c71e78eb51da67a5d94bdb4ee413b\",\"name\":\"Tur\",\"image\":{\"@type\":\"ImageObject\",\"inLanguage\":\"de\",\"@id\":\"https:\/\/supereule.pl\/de\/#\/schema\/person\/image\/\",\"url\":\"https:\/\/secure.gravatar.com\/avatar\/3b9e229b05603115e26a689a3b251554?s=96&d=mm&r=g\",\"contentUrl\":\"https:\/\/secure.gravatar.com\/avatar\/3b9e229b05603115e26a689a3b251554?s=96&d=mm&r=g\",\"caption\":\"Tur\"},\"sameAs\":[\"http:\/\/supereule.pl\"],\"url\":\"https:\/\/supereule.pl\/de\/author\/beatetur\/\"}]}<\/script>\n<!-- \/ Yoast SEO plugin. -->","yoast_head_json":{"title":"Die Supereule flog nach Schemrowitz - Supereule - Platforma edukacyjna Mniejszo\u015bci Niemieckiej","robots":{"index":"index","follow":"follow","max-snippet":"max-snippet:-1","max-image-preview":"max-image-preview:large","max-video-preview":"max-video-preview:-1"},"canonical":"https:\/\/supereule.pl\/de\/die-supereule-flog-nach-schemrowitz\/","og_locale":"de_DE","og_type":"article","og_title":"Die Supereule flog nach Schemrowitz - Supereule - Platforma edukacyjna Mniejszo\u015bci Niemieckiej","og_description":"Das Projekt Sprachworkshops mit der Supereule startete am vergangenen Freitag (2. Juni) an der Grundschule in Schemrowitz (Szemrowice). Dabei soll die Bildungsplattform der Deutschen Minderheit in Polen supereule.pl unter Sch\u00fclerInnen, LehrerInnen und indirekt Eltern beworben werden. Innerhalb des Workshops erarbeiteten sich die Kinder ein Lapbook mit verschiedenen Aufgaben, bei denen sie das Eulenteam \u2013 Supereule, [&hellip;]","og_url":"https:\/\/supereule.pl\/de\/die-supereule-flog-nach-schemrowitz\/","og_site_name":"Supereule - Platforma edukacyjna Mniejszo\u015bci Niemieckiej","article_published_time":"2023-06-05T12:02:07+00:00","og_image":[{"width":2560,"height":1707,"url":"https:\/\/supereule.pl\/wp-content\/uploads\/2023\/06\/DSC00689-scaled.jpg","type":"image\/jpeg"}],"twitter_card":"summary_large_image","twitter_misc":{"Verfasst von":"Tur","Gesch\u00e4tzte Lesezeit":"1\u00a0Minute"},"schema":{"@context":"https:\/\/schema.org","@graph":[{"@type":"WebSite","@id":"https:\/\/supereule.pl\/de\/#website","url":"https:\/\/supereule.pl\/de\/","name":"Supereule - Platforma edukacyjna Mniejszo\u015bci Niemieckiej","description":"","potentialAction":[{"@type":"SearchAction","target":{"@type":"EntryPoint","urlTemplate":"https:\/\/supereule.pl\/de\/?s={search_term_string}"},"query-input":"required name=search_term_string"}],"inLanguage":"de"},{"@type":"ImageObject","inLanguage":"de","@id":"https:\/\/supereule.pl\/de\/die-supereule-flog-nach-schemrowitz\/#primaryimage","url":"https:\/\/supereule.pl\/wp-content\/uploads\/2023\/06\/DSC00689-scaled.jpg","contentUrl":"https:\/\/supereule.pl\/wp-content\/uploads\/2023\/06\/DSC00689-scaled.jpg","width":2560,"height":1707},{"@type":"WebPage","@id":"https:\/\/supereule.pl\/de\/die-supereule-flog-nach-schemrowitz\/#webpage","url":"https:\/\/supereule.pl\/de\/die-supereule-flog-nach-schemrowitz\/","name":"Die Supereule flog nach Schemrowitz - Supereule - Platforma edukacyjna Mniejszo\u015bci Niemieckiej","isPartOf":{"@id":"https:\/\/supereule.pl\/de\/#website"},"primaryImageOfPage":{"@id":"https:\/\/supereule.pl\/de\/die-supereule-flog-nach-schemrowitz\/#primaryimage"},"datePublished":"2023-06-05T12:02:07+00:00","dateModified":"2023-06-05T12:02:07+00:00","author":{"@id":"https:\/\/supereule.pl\/de\/#\/schema\/person\/0e2c71e78eb51da67a5d94bdb4ee413b"},"breadcrumb":{"@id":"https:\/\/supereule.pl\/de\/die-supereule-flog-nach-schemrowitz\/#breadcrumb"},"inLanguage":"de","potentialAction":[{"@type":"ReadAction","target":["https:\/\/supereule.pl\/de\/die-supereule-flog-nach-schemrowitz\/"]}]},{"@type":"BreadcrumbList","@id":"https:\/\/supereule.pl\/de\/die-supereule-flog-nach-schemrowitz\/#breadcrumb","itemListElement":[{"@type":"ListItem","position":1,"name":"Home","item":"https:\/\/supereule.pl\/de\/"},{"@type":"ListItem","position":2,"name":"Lehrer","item":"https:\/\/supereule.pl\/de\/category\/lehrer\/"},{"@type":"ListItem","position":3,"name":"Die Supereule flog nach Schemrowitz"}]},{"@type":"Person","@id":"https:\/\/supereule.pl\/de\/#\/schema\/person\/0e2c71e78eb51da67a5d94bdb4ee413b","name":"Tur","image":{"@type":"ImageObject","inLanguage":"de","@id":"https:\/\/supereule.pl\/de\/#\/schema\/person\/image\/","url":"https:\/\/secure.gravatar.com\/avatar\/3b9e229b05603115e26a689a3b251554?s=96&d=mm&r=g","contentUrl":"https:\/\/secure.gravatar.com\/avatar\/3b9e229b05603115e26a689a3b251554?s=96&d=mm&r=g","caption":"Tur"},"sameAs":["http:\/\/supereule.pl"],"url":"https:\/\/supereule.pl\/de\/author\/beatetur\/"}]}},"_links":{"self":[{"href":"https:\/\/supereule.pl\/de\/wp-json\/wp\/v2\/posts\/6713"}],"collection":[{"href":"https:\/\/supereule.pl\/de\/wp-json\/wp\/v2\/posts"}],"about":[{"href":"https:\/\/supereule.pl\/de\/wp-json\/wp\/v2\/types\/post"}],"author":[{"embeddable":true,"href":"https:\/\/supereule.pl\/de\/wp-json\/wp\/v2\/users\/5"}],"replies":[{"embeddable":true,"href":"https:\/\/supereule.pl\/de\/wp-json\/wp\/v2\/comments?post=6713"}],"version-history":[{"count":1,"href":"https:\/\/supereule.pl\/de\/wp-json\/wp\/v2\/posts\/6713\/revisions"}],"predecessor-version":[{"id":6716,"href":"https:\/\/supereule.pl\/de\/wp-json\/wp\/v2\/posts\/6713\/revisions\/6716"}],"wp:featuredmedia":[{"embeddable":true,"href":"https:\/\/supereule.pl\/de\/wp-json\/wp\/v2\/media\/6714"}],"wp:attachment":[{"href":"https:\/\/supereule.pl\/de\/wp-json\/wp\/v2\/media?parent=6713"}],"wp:term":[{"taxonomy":"category","embeddable":true,"href":"https:\/\/supereule.pl\/de\/wp-json\/wp\/v2\/categories?post=6713"},{"taxonomy":"post_tag","embeddable":true,"href":"https:\/\/supereule.pl\/de\/wp-json\/wp\/v2\/tags?post=6713"}],"curies":[{"name":"wp","href":"https:\/\/api.w.org\/{rel}","templated":true}]}}