{"id":6697,"date":"2023-05-31T08:00:05","date_gmt":"2023-05-31T06:00:05","guid":{"rendered":"https:\/\/supereule.pl\/?p=6697"},"modified":"2023-05-31T09:12:32","modified_gmt":"2023-05-31T07:12:32","slug":"petition-zur-unterrichtskuerzung-von-dam-wird-am-26-juni-im-eu-petitionsausschuss-behandelt","status":"publish","type":"post","link":"https:\/\/supereule.pl\/de\/petition-zur-unterrichtskuerzung-von-dam-wird-am-26-juni-im-eu-petitionsausschuss-behandelt\/","title":{"rendered":"Petition zur Unterrichtsk\u00fcrzung von DaM wird am 26. Juni im EU-Petitionsausschuss behandelt"},"content":{"rendered":"<p>Die Ende November 2022 durch den Verband der deutschen sozial-kulturellen Gesellschaften in Polen (VdG) eingereichte Petition &#8222;zu mutma\u00dflichen K\u00fcrzungen der Finanzmittel der polnischen Beh\u00f6rden f\u00fcr den Unterricht der deutschen Sprache als Minderheitssprache in polnischen Schulen&#8220; wird in der Sitzung am 26. Juni 2023 (15-18.30 Uhr Br\u00fcsseler Zeit) im Petitionsausschuss des Europ\u00e4ischen Parlaments behandelt.<\/p>\n<p>\u21d2 <a href=\"https:\/\/www.europarl.europa.eu\/committees\/de\/peti\/home\/highlights\" target=\"_blank\" rel=\"noopener\">Petitionsausschuss<\/a><\/p>\n<p>\u21d2 <a href=\"https:\/\/www.europarl.europa.eu\/petitions\/de\/petition\/content\/1212%252F2022\/html\/Petition-No-1212%252F2022-by-S.K.-%2528Polish%2529%252C-on-behalf-of-Zarz%25C4%2585d-Zwi%25C4%2585zku-Niemieckich-Stowarzysze%25C5%2584-Spo%25C5%2582eczno-Kulturalnych-w-Polsce-%2528ZNSSK%2529%252C-signed-by-1%25C2%25A0other-person%252C-on-alleged-funding-cuts-by-Polish-authorities-to-learn-German-language-as-minority-language-at-schools-in-Poland\" target=\"_blank\" rel=\"noopener\">die eingereichte Petition<\/a><\/p>\n<p>\u21d2 <a href=\"https:\/\/www.europarl.europa.eu\/committees\/en\/peti\/meetings\/webstreaming\" target=\"_blank\" rel=\"noopener\">Webstream<\/a><\/p>\n","protected":false},"excerpt":{"rendered":"<p>Die Ende November 2022 durch den Verband der deutschen sozial-kulturellen Gesellschaften in Polen (VdG) eingereichte Petition &#8222;zu mutma\u00dflichen K\u00fcrzungen der Finanzmittel der polnischen Beh\u00f6rden f\u00fcr den Unterricht der deutschen Sprache als Minderheitssprache in polnischen Schulen&#8220; wird in der Sitzung am 26. Juni 2023 (15-18.30 Uhr Br\u00fcsseler Zeit) im Petitionsausschuss des Europ\u00e4ischen Parlaments behandelt. \u21d2 Petitionsausschuss [&hellip;]<\/p>\n","protected":false},"author":5,"featured_media":6698,"comment_status":"open","ping_status":"open","sticky":false,"template":"","format":"standard","meta":[],"categories":[95],"tags":[],"acf":[],"yoast_head":"<!-- This site is optimized with the Yoast SEO plugin v18.9 - https:\/\/yoast.com\/wordpress\/plugins\/seo\/ -->\n<title>Petition zur Unterrichtsk\u00fcrzung von DaM wird am 26. Juni im EU-Petitionsausschuss behandelt - Supereule - Platforma edukacyjna Mniejszo\u015bci Niemieckiej<\/title>\n<meta name=\"robots\" content=\"index, follow, max-snippet:-1, max-image-preview:large, max-video-preview:-1\" \/>\n<link rel=\"canonical\" href=\"https:\/\/supereule.pl\/de\/petition-zur-unterrichtskuerzung-von-dam-wird-am-26-juni-im-eu-petitionsausschuss-behandelt\/\" \/>\n<meta property=\"og:locale\" content=\"de_DE\" \/>\n<meta property=\"og:type\" content=\"article\" \/>\n<meta property=\"og:title\" content=\"Petition zur Unterrichtsk\u00fcrzung von DaM wird am 26. Juni im EU-Petitionsausschuss behandelt - Supereule - Platforma edukacyjna Mniejszo\u015bci Niemieckiej\" \/>\n<meta property=\"og:description\" content=\"Die Ende November 2022 durch den Verband der deutschen sozial-kulturellen Gesellschaften in Polen (VdG) eingereichte Petition &#8222;zu mutma\u00dflichen K\u00fcrzungen der Finanzmittel der polnischen Beh\u00f6rden f\u00fcr den Unterricht der deutschen Sprache als Minderheitssprache in polnischen Schulen&#8220; wird in der Sitzung am 26. Juni 2023 (15-18.30 Uhr Br\u00fcsseler Zeit) im Petitionsausschuss des Europ\u00e4ischen Parlaments behandelt. \u21d2 Petitionsausschuss [&hellip;]\" \/>\n<meta property=\"og:url\" content=\"https:\/\/supereule.pl\/de\/petition-zur-unterrichtskuerzung-von-dam-wird-am-26-juni-im-eu-petitionsausschuss-behandelt\/\" \/>\n<meta property=\"og:site_name\" content=\"Supereule - Platforma edukacyjna Mniejszo\u015bci Niemieckiej\" \/>\n<meta property=\"article:published_time\" content=\"2023-05-31T06:00:05+00:00\" \/>\n<meta property=\"article:modified_time\" content=\"2023-05-31T07:12:32+00:00\" \/>\n<meta property=\"og:image\" content=\"https:\/\/supereule.pl\/wp-content\/uploads\/2023\/05\/eu.png\" \/>\n\t<meta property=\"og:image:width\" content=\"940\" \/>\n\t<meta property=\"og:image:height\" content=\"788\" \/>\n\t<meta property=\"og:image:type\" content=\"image\/png\" \/>\n<meta name=\"twitter:card\" content=\"summary_large_image\" \/>\n<meta name=\"twitter:label1\" content=\"Verfasst von\" \/>\n\t<meta name=\"twitter:data1\" content=\"Tur\" \/>\n\t<meta name=\"twitter:label2\" content=\"Gesch\u00e4tzte Lesezeit\" \/>\n\t<meta name=\"twitter:data2\" content=\"1\u00a0Minute\" \/>\n<script type=\"application\/ld+json\" class=\"yoast-schema-graph\">{\"@context\":\"https:\/\/schema.org\",\"@graph\":[{\"@type\":\"WebSite\",\"@id\":\"https:\/\/supereule.pl\/de\/#website\",\"url\":\"https:\/\/supereule.pl\/de\/\",\"name\":\"Supereule - Platforma edukacyjna Mniejszo\u015bci Niemieckiej\",\"description\":\"\",\"potentialAction\":[{\"@type\":\"SearchAction\",\"target\":{\"@type\":\"EntryPoint\",\"urlTemplate\":\"https:\/\/supereule.pl\/de\/?s={search_term_string}\"},\"query-input\":\"required name=search_term_string\"}],\"inLanguage\":\"de\"},{\"@type\":\"ImageObject\",\"inLanguage\":\"de\",\"@id\":\"https:\/\/supereule.pl\/de\/petition-zur-unterrichtskuerzung-von-dam-wird-am-26-juni-im-eu-petitionsausschuss-behandelt\/#primaryimage\",\"url\":\"https:\/\/supereule.pl\/wp-content\/uploads\/2023\/05\/eu.png\",\"contentUrl\":\"https:\/\/supereule.pl\/wp-content\/uploads\/2023\/05\/eu.png\",\"width\":940,\"height\":788},{\"@type\":\"WebPage\",\"@id\":\"https:\/\/supereule.pl\/de\/petition-zur-unterrichtskuerzung-von-dam-wird-am-26-juni-im-eu-petitionsausschuss-behandelt\/#webpage\",\"url\":\"https:\/\/supereule.pl\/de\/petition-zur-unterrichtskuerzung-von-dam-wird-am-26-juni-im-eu-petitionsausschuss-behandelt\/\",\"name\":\"Petition zur Unterrichtsk\u00fcrzung von DaM wird am 26. Juni im EU-Petitionsausschuss behandelt - Supereule - Platforma edukacyjna Mniejszo\u015bci Niemieckiej\",\"isPartOf\":{\"@id\":\"https:\/\/supereule.pl\/de\/#website\"},\"primaryImageOfPage\":{\"@id\":\"https:\/\/supereule.pl\/de\/petition-zur-unterrichtskuerzung-von-dam-wird-am-26-juni-im-eu-petitionsausschuss-behandelt\/#primaryimage\"},\"datePublished\":\"2023-05-31T06:00:05+00:00\",\"dateModified\":\"2023-05-31T07:12:32+00:00\",\"author\":{\"@id\":\"https:\/\/supereule.pl\/de\/#\/schema\/person\/0e2c71e78eb51da67a5d94bdb4ee413b\"},\"breadcrumb\":{\"@id\":\"https:\/\/supereule.pl\/de\/petition-zur-unterrichtskuerzung-von-dam-wird-am-26-juni-im-eu-petitionsausschuss-behandelt\/#breadcrumb\"},\"inLanguage\":\"de\",\"potentialAction\":[{\"@type\":\"ReadAction\",\"target\":[\"https:\/\/supereule.pl\/de\/petition-zur-unterrichtskuerzung-von-dam-wird-am-26-juni-im-eu-petitionsausschuss-behandelt\/\"]}]},{\"@type\":\"BreadcrumbList\",\"@id\":\"https:\/\/supereule.pl\/de\/petition-zur-unterrichtskuerzung-von-dam-wird-am-26-juni-im-eu-petitionsausschuss-behandelt\/#breadcrumb\",\"itemListElement\":[{\"@type\":\"ListItem\",\"position\":1,\"name\":\"Home\",\"item\":\"https:\/\/supereule.pl\/de\/\"},{\"@type\":\"ListItem\",\"position\":2,\"name\":\"Gesetz\",\"item\":\"https:\/\/supereule.pl\/de\/category\/gesetz\/\"},{\"@type\":\"ListItem\",\"position\":3,\"name\":\"Petition zur Unterrichtsk\u00fcrzung von DaM wird am 26. Juni im EU-Petitionsausschuss behandelt\"}]},{\"@type\":\"Person\",\"@id\":\"https:\/\/supereule.pl\/de\/#\/schema\/person\/0e2c71e78eb51da67a5d94bdb4ee413b\",\"name\":\"Tur\",\"image\":{\"@type\":\"ImageObject\",\"inLanguage\":\"de\",\"@id\":\"https:\/\/supereule.pl\/de\/#\/schema\/person\/image\/\",\"url\":\"https:\/\/secure.gravatar.com\/avatar\/3b9e229b05603115e26a689a3b251554?s=96&d=mm&r=g\",\"contentUrl\":\"https:\/\/secure.gravatar.com\/avatar\/3b9e229b05603115e26a689a3b251554?s=96&d=mm&r=g\",\"caption\":\"Tur\"},\"sameAs\":[\"http:\/\/supereule.pl\"],\"url\":\"https:\/\/supereule.pl\/de\/author\/beatetur\/\"}]}<\/script>\n<!-- \/ Yoast SEO plugin. -->","yoast_head_json":{"title":"Petition zur Unterrichtsk\u00fcrzung von DaM wird am 26. Juni im EU-Petitionsausschuss behandelt - Supereule - Platforma edukacyjna Mniejszo\u015bci Niemieckiej","robots":{"index":"index","follow":"follow","max-snippet":"max-snippet:-1","max-image-preview":"max-image-preview:large","max-video-preview":"max-video-preview:-1"},"canonical":"https:\/\/supereule.pl\/de\/petition-zur-unterrichtskuerzung-von-dam-wird-am-26-juni-im-eu-petitionsausschuss-behandelt\/","og_locale":"de_DE","og_type":"article","og_title":"Petition zur Unterrichtsk\u00fcrzung von DaM wird am 26. Juni im EU-Petitionsausschuss behandelt - Supereule - Platforma edukacyjna Mniejszo\u015bci Niemieckiej","og_description":"Die Ende November 2022 durch den Verband der deutschen sozial-kulturellen Gesellschaften in Polen (VdG) eingereichte Petition &#8222;zu mutma\u00dflichen K\u00fcrzungen der Finanzmittel der polnischen Beh\u00f6rden f\u00fcr den Unterricht der deutschen Sprache als Minderheitssprache in polnischen Schulen&#8220; wird in der Sitzung am 26. Juni 2023 (15-18.30 Uhr Br\u00fcsseler Zeit) im Petitionsausschuss des Europ\u00e4ischen Parlaments behandelt. \u21d2 Petitionsausschuss [&hellip;]","og_url":"https:\/\/supereule.pl\/de\/petition-zur-unterrichtskuerzung-von-dam-wird-am-26-juni-im-eu-petitionsausschuss-behandelt\/","og_site_name":"Supereule - Platforma edukacyjna Mniejszo\u015bci Niemieckiej","article_published_time":"2023-05-31T06:00:05+00:00","article_modified_time":"2023-05-31T07:12:32+00:00","og_image":[{"width":940,"height":788,"url":"https:\/\/supereule.pl\/wp-content\/uploads\/2023\/05\/eu.png","type":"image\/png"}],"twitter_card":"summary_large_image","twitter_misc":{"Verfasst von":"Tur","Gesch\u00e4tzte Lesezeit":"1\u00a0Minute"},"schema":{"@context":"https:\/\/schema.org","@graph":[{"@type":"WebSite","@id":"https:\/\/supereule.pl\/de\/#website","url":"https:\/\/supereule.pl\/de\/","name":"Supereule - Platforma edukacyjna Mniejszo\u015bci Niemieckiej","description":"","potentialAction":[{"@type":"SearchAction","target":{"@type":"EntryPoint","urlTemplate":"https:\/\/supereule.pl\/de\/?s={search_term_string}"},"query-input":"required name=search_term_string"}],"inLanguage":"de"},{"@type":"ImageObject","inLanguage":"de","@id":"https:\/\/supereule.pl\/de\/petition-zur-unterrichtskuerzung-von-dam-wird-am-26-juni-im-eu-petitionsausschuss-behandelt\/#primaryimage","url":"https:\/\/supereule.pl\/wp-content\/uploads\/2023\/05\/eu.png","contentUrl":"https:\/\/supereule.pl\/wp-content\/uploads\/2023\/05\/eu.png","width":940,"height":788},{"@type":"WebPage","@id":"https:\/\/supereule.pl\/de\/petition-zur-unterrichtskuerzung-von-dam-wird-am-26-juni-im-eu-petitionsausschuss-behandelt\/#webpage","url":"https:\/\/supereule.pl\/de\/petition-zur-unterrichtskuerzung-von-dam-wird-am-26-juni-im-eu-petitionsausschuss-behandelt\/","name":"Petition zur Unterrichtsk\u00fcrzung von DaM wird am 26. Juni im EU-Petitionsausschuss behandelt - Supereule - Platforma edukacyjna Mniejszo\u015bci Niemieckiej","isPartOf":{"@id":"https:\/\/supereule.pl\/de\/#website"},"primaryImageOfPage":{"@id":"https:\/\/supereule.pl\/de\/petition-zur-unterrichtskuerzung-von-dam-wird-am-26-juni-im-eu-petitionsausschuss-behandelt\/#primaryimage"},"datePublished":"2023-05-31T06:00:05+00:00","dateModified":"2023-05-31T07:12:32+00:00","author":{"@id":"https:\/\/supereule.pl\/de\/#\/schema\/person\/0e2c71e78eb51da67a5d94bdb4ee413b"},"breadcrumb":{"@id":"https:\/\/supereule.pl\/de\/petition-zur-unterrichtskuerzung-von-dam-wird-am-26-juni-im-eu-petitionsausschuss-behandelt\/#breadcrumb"},"inLanguage":"de","potentialAction":[{"@type":"ReadAction","target":["https:\/\/supereule.pl\/de\/petition-zur-unterrichtskuerzung-von-dam-wird-am-26-juni-im-eu-petitionsausschuss-behandelt\/"]}]},{"@type":"BreadcrumbList","@id":"https:\/\/supereule.pl\/de\/petition-zur-unterrichtskuerzung-von-dam-wird-am-26-juni-im-eu-petitionsausschuss-behandelt\/#breadcrumb","itemListElement":[{"@type":"ListItem","position":1,"name":"Home","item":"https:\/\/supereule.pl\/de\/"},{"@type":"ListItem","position":2,"name":"Gesetz","item":"https:\/\/supereule.pl\/de\/category\/gesetz\/"},{"@type":"ListItem","position":3,"name":"Petition zur Unterrichtsk\u00fcrzung von DaM wird am 26. Juni im EU-Petitionsausschuss behandelt"}]},{"@type":"Person","@id":"https:\/\/supereule.pl\/de\/#\/schema\/person\/0e2c71e78eb51da67a5d94bdb4ee413b","name":"Tur","image":{"@type":"ImageObject","inLanguage":"de","@id":"https:\/\/supereule.pl\/de\/#\/schema\/person\/image\/","url":"https:\/\/secure.gravatar.com\/avatar\/3b9e229b05603115e26a689a3b251554?s=96&d=mm&r=g","contentUrl":"https:\/\/secure.gravatar.com\/avatar\/3b9e229b05603115e26a689a3b251554?s=96&d=mm&r=g","caption":"Tur"},"sameAs":["http:\/\/supereule.pl"],"url":"https:\/\/supereule.pl\/de\/author\/beatetur\/"}]}},"_links":{"self":[{"href":"https:\/\/supereule.pl\/de\/wp-json\/wp\/v2\/posts\/6697"}],"collection":[{"href":"https:\/\/supereule.pl\/de\/wp-json\/wp\/v2\/posts"}],"about":[{"href":"https:\/\/supereule.pl\/de\/wp-json\/wp\/v2\/types\/post"}],"author":[{"embeddable":true,"href":"https:\/\/supereule.pl\/de\/wp-json\/wp\/v2\/users\/5"}],"replies":[{"embeddable":true,"href":"https:\/\/supereule.pl\/de\/wp-json\/wp\/v2\/comments?post=6697"}],"version-history":[{"count":2,"href":"https:\/\/supereule.pl\/de\/wp-json\/wp\/v2\/posts\/6697\/revisions"}],"predecessor-version":[{"id":6704,"href":"https:\/\/supereule.pl\/de\/wp-json\/wp\/v2\/posts\/6697\/revisions\/6704"}],"wp:featuredmedia":[{"embeddable":true,"href":"https:\/\/supereule.pl\/de\/wp-json\/wp\/v2\/media\/6698"}],"wp:attachment":[{"href":"https:\/\/supereule.pl\/de\/wp-json\/wp\/v2\/media?parent=6697"}],"wp:term":[{"taxonomy":"category","embeddable":true,"href":"https:\/\/supereule.pl\/de\/wp-json\/wp\/v2\/categories?post=6697"},{"taxonomy":"post_tag","embeddable":true,"href":"https:\/\/supereule.pl\/de\/wp-json\/wp\/v2\/tags?post=6697"}],"curies":[{"name":"wp","href":"https:\/\/api.w.org\/{rel}","templated":true}]}}