{"id":5517,"date":"2023-01-23T15:01:31","date_gmt":"2023-01-23T14:01:31","guid":{"rendered":"https:\/\/supereule.pl\/?p=5517"},"modified":"2023-01-24T11:43:33","modified_gmt":"2023-01-24T10:43:33","slug":"minister-czarnek-erklaerte-die-baldige-wiedereinfuehrung-von-3-stunden-deutsch-als-minderheitensprache-die-er-allerdings-an-bestimmte-bedingungen-knuepft","status":"publish","type":"post","link":"https:\/\/supereule.pl\/de\/minister-czarnek-erklaerte-die-baldige-wiedereinfuehrung-von-3-stunden-deutsch-als-minderheitensprache-die-er-allerdings-an-bestimmte-bedingungen-knuepft\/","title":{"rendered":"Minister Czarnek erkl\u00e4rte die baldige Wiedereinf\u00fchrung von 3 Std. Deutsch als Minderheitensprache, die er allerdings an bestimmte Bedingungen kn\u00fcpft"},"content":{"rendered":"<p>Am 22. Januar 2023, gleich zu Anfang des Wahljahres, kam es zu einem Treffen zwischen dem Bildungsminister Przemys\u0142aw Czarnek und Vertretern der Deutschen Minderheit beim Verband der deutschen Gesellschaften in Polen (VdG), um \u00fcber die aktuelle Situation und die Diskriminierung der deutschen Minderheit in Polen durch die Stundenk\u00fcrzungen zu sprechen.<\/p>\n<p>Bei einem Interview vor Ort mit dem Chefredakteur Rudolf Urban vom <a href=\"https:\/\/wochenblatt.pl\/\"><em>Wochenblatt<\/em> <\/a>beteuerte Czarnek, dass er &#8222;seit langem [] die Kontakte zu den Vertretern der deutschen Minderheit&#8220; sch\u00e4tze, allerdings war dies sein erster direkter Besuch bei der deutschen Minderheit seitdem die Stundenk\u00fcrzungen erstmals ins Gespr\u00e4ch vor \u00fcber einem Jahr kamen. Der Bildungsminister fiel zudem in der Vergangenheit im Gegenteil durchweg durch negative Aussagen gegen\u00fcber der deutschen Minderheit in Polen auf, wie beispielsweise, dass die deutsche Minderheit im Schulsystem eine Gefahr darstelle (Nachzulesen <a href=\"https:\/\/wochenblatt.pl\/minister-czarnek-kaempft-gegen-die-deutsche-geschichte-schlesiens\/\">hier<\/a>). Im November 2022 wurden au\u00dferdem weitere Stunden- und Budgetk\u00fcrzungen f\u00fcr das n\u00e4chste Jahr angek\u00fcndigt (Nachzulesen <a href=\"https:\/\/wochenblatt.pl\/weitere-kuerzungen-geplant\/\">hier<\/a>).<\/p>\n<p>Durch seine stetigen Versuche das Bildungssystem zum Nachteil der deutschen Minderheit und des Deutsch-als-Minderheitensprache-Unterrichts zu ver\u00e4ndern, ist die Stimmung bei den Organisationen der Deutschen Minderheit und Bildungseinrichtungen mit Deutsch als Minderheitensprache angespannt und mit Unsicherheit erf\u00fcllt, wie sich die Situation weiterentwickeln wird, die momentan durch die bereits schon get\u00e4tigten politischen Entscheidungen f\u00fcr Vereinsschulen und Deutschlehrkr\u00e4fte schwierig geworden ist. Gl\u00fccklicherweise scheiterte im Dezember 2022 auch sein zweiter Versuch, die Verordnung Lex Czarnek 2.0 durchzubringen, am Veto des Pr\u00e4sidenten Andrzej Duda. Durch diese Verordnung w\u00e4re es u.a. m\u00f6glich gewesen, dass Sprachprojekte wie die <em>Deutsch AG<\/em> der deutschen Minderheit an Schulen durch die Schulbeh\u00f6rden h\u00e4tten verboten werden k\u00f6nnen. Das Projekt <em>Deutsch AG<\/em> wurde \u00fcberhaupt erst initiiert, um den Wegfall des Deutsch-als-Minderheitensprache-Unterrichts in der 7. und 8. Klasse aufzufangen, da durch die Neuinterpretation des unver\u00e4ndert gebliebenen Gesetzes ab dem Schuljahr 2017\/2018 kein Deutsch-als-Minderheitensprache- zeitgleich mit dem Deutsch-als-Fremdsprache-Unterricht besucht werden darf und deshalb die meisten Sch\u00fclerinnen und Sch\u00fcler seitdem ganz auf den Fremdsprachenunterricht in der 7. und 8. Klasse aufgrund der Regelungen zur <a href=\"https:\/\/supereule.pl\/de\/achtklaessler-und-abiturpruefung\/\">Achtkl\u00e4sslerpr\u00fcfungen<\/a> wechseln.<\/p>\n<p>Czarnek k\u00fcndigte im Interview an, &#8222;dass das Finanzierungssystem so ge\u00e4ndert werden muss, dass es f\u00fcr alle nationalen und ethnischen Minderheiten und nicht nur f\u00fcr die deutsche Minderheit effizienter ist. Damit die sehr umfangreichen Mittel f\u00fcr den Unterricht der Minderheitensprache als Muttersprache effektiver und damit wirtschaftlicher eingesetzt werden.&#8220; Zwar stritt er ab, dass es dabei um die \u00dcberpr\u00fcfung der Nationalit\u00e4t ginge, machte aber klar, dass zuk\u00fcnftig der muttersprachliche Unterricht f\u00fcr alle Minderheiten ausschlie\u00dflich f\u00fcr Personen vorgesehen sein solle, die die jeweilige Minderheitensprache als Mutter- und nicht als Fremdsprache spr\u00e4chen. Dies bedeutet jedoch, dass eine \u00dcberpr\u00fcfung dieses Umstands, ob eine Sprache nun f\u00fcr eine Person eine Mutter- oder Fremdsprache darstellt, in irgendeiner Form stattfinden m\u00fcsste. Und dies soll eine Arbeitsgruppe im Bildungsministerium zusammen mit einem gemeinsamen Ausschuss der polnischen Regierung und der nationalen und ethnischen Minderheiten erarbeiten. Dies ist eine Bedingung Czarneks zur R\u00fcckkehr zu den drei Unterrichtsstunden.<\/p>\n<p>Die aktuelle rechtliche Lage sieht keinen Nachweis bzw. Beweis vor, ob man zur deutschen Minderheit geh\u00f6rt oder ob Deutsch die Muttersprache ist, um am Minderheitensprachunterricht teilzunehmen. Es gen\u00fcgt ein Antrag der Eltern, um ihre Kinder anzumelden. Die einzige Bedingung ist, dass die Kinder polnische Staatsb\u00fcrger sein m\u00fcssen. Weitere Informationen zu diesem Thema finden Sie <a href=\"https:\/\/supereule.pl\/de\/antrag-auf-unterricht-deutsch-als-minderheitensprache\/\">hier<\/a>.<\/p>\n<p>Des Weiteren kann man gespannt sein, wie Mutter- und Fremdsprache auch vor dem Hintergrund von Zweisprachigkeit sowie Erst- und Zweitsprache von der Arbeitsgruppe und dem Ausschuss definiert und v.a. \u00fcberpr\u00fcft werden sollen.<\/p>\n<p>Czarnek erw\u00e4hnte in diesem Zusammenhang, dass ein politisches Ziel die Anerkennung und Behandlung der in Deutschland lebenden Polen als polnische Minderheit in Deutschland sei, das weiterverfolgt werden m\u00fcsse, betonte am Anfang des Gespr\u00e4chs ebenso: &#8222;Beide Themenfelder [Stundenk\u00fcrzungen des Deutsch-als-Minderheitensprach-Unterrichts und Polnischunterricht in Deutschland] sind zwar nicht voneinander abh\u00e4ngig, aber es gibt gewisse Verbindungen&#8220;, und \u00e4u\u00dferte seinen Wunsch eines Gefallens: &#8222;Dies [Polnischunterricht in Deutschland und Anerkennung der Polen in Deutschland als nationale Minderheit] ist keine Angelegenheit, die in die Zust\u00e4ndigkeit der deutschen Minderheit in Polen f\u00e4llt, aber sie kann von ihr unterst\u00fctzt werden, wenn auch nur im Rahmen eines polnisch-deutschen Runden Tisches, auf den wir im Rahmen der gegenseitigen Gespr\u00e4che \u00fcber die Lage der Deutschen in Polen und der Polen in Deutschland zur\u00fcckkommen k\u00f6nnen.&#8220;<\/p>\n<p>Im weiteren Verlauf erl\u00e4uterte er, dass die Stundenk\u00fcrzungen notwendig gewesen seien, denn &#8222;[m]anchmal muss man Ma\u00dfnahmen ergreifen, die weder allgemein gut, popul\u00e4r noch bequem sind&#8220;, um die \u00c4nderung des Finanzierungssystems zu realisieren, und ging im n\u00e4chsten Atemzug wieder auf das Thema Polnischunterricht in Deutschland ein: &#8222;Glauben Sie, dass die Bundesrepublik Deutschland jemals so etwas wie einen Fonds zur Popularisierung der polnischen Sprache einrichten w\u00fcrde? Nein, sie w\u00fcrden sich dieses Themas \u00fcberhaupt nicht annehmen. Es gibt eine Reihe von Beispielen, nicht nur auf der Ebene von Minderheiten, die zeigen, dass man manchmal auf die Pauke hauen muss, um die Dinge anschlie\u00dfend gut regeln zu k\u00f6nnen&#8220;, bestritt dann allerdings auf Nachfrage, dass ihm von Beginn an bewusst war, dass die Stundenk\u00fcrzungen ein schlechtes Mittel gewesen waren, um ein anderes Ziel zu erreichen, nur um sich dann wieder selbst zu widersprechen: &#8222;Nein, ich wollte eine \u00c4nderung des Systems erreichen, das ineffizient ist. Die immer wieder erh\u00f6hten Investitionen in den Unterricht von Deutsch als Minderheitensprache haben nicht zu einer gr\u00f6\u00dferen Zufriedenheit der Minderheit gef\u00fchrt. Das liegt unter anderem an der ineffizienten Verteilung dieser Mittel f\u00fcr den Unterricht in Deutsch als Muttersprache. Und ich wollte erreichen, dass die Bundesrepublik Deutschland in Sachen Polnischunterricht als Muttersprache f\u00fcr Polen in Deutschland wirklich etwas tut. Und es ist mir gelungen, dies zu initiieren. Aber das ist nur der Anfang.&#8220;<\/p>\n<p>Das ganze Interview ist <a href=\"https:\/\/wochenblatt.pl\/jetzt-geht-es-nicht-mehr-um-symmetrie\/\">hier<\/a> nachzulesen.<\/p>\n<p>&nbsp;<\/p>\n<p>&nbsp;<\/p>\n<p>Kommentar von Beate Tur<\/p>\n<p>&nbsp;<\/p>\n<p>&nbsp;<\/p>\n<p>Bildquelle: Rudolf Urban, <a href=\"https:\/\/wochenblatt.pl\/jetzt-geht-es-nicht-mehr-um-symmetrie\/\">https:\/\/wochenblatt.pl\/jetzt-geht-es-nicht-mehr-um-symmetrie\/<\/a><\/p>\n<p>&nbsp;<\/p>\n","protected":false},"excerpt":{"rendered":"<p>Am 22. Januar 2023, gleich zu Anfang des Wahljahres, kam es zu einem Treffen zwischen dem Bildungsminister Przemys\u0142aw Czarnek und Vertretern der Deutschen Minderheit beim Verband der deutschen Gesellschaften in Polen (VdG), um \u00fcber die aktuelle Situation und die Diskriminierung der deutschen Minderheit in Polen durch die Stundenk\u00fcrzungen zu sprechen. Bei einem Interview vor Ort [&hellip;]<\/p>\n","protected":false},"author":5,"featured_media":5519,"comment_status":"open","ping_status":"open","sticky":false,"template":"","format":"standard","meta":[],"categories":[95],"tags":[],"acf":[],"yoast_head":"<!-- This site is optimized with the Yoast SEO plugin v18.9 - https:\/\/yoast.com\/wordpress\/plugins\/seo\/ -->\n<title>Minister Czarnek erkl\u00e4rte die baldige Wiedereinf\u00fchrung von 3 Std. Deutsch als Minderheitensprache, die er allerdings an bestimmte Bedingungen kn\u00fcpft - Supereule - Platforma edukacyjna Mniejszo\u015bci Niemieckiej<\/title>\n<meta name=\"robots\" content=\"index, follow, max-snippet:-1, max-image-preview:large, max-video-preview:-1\" \/>\n<link rel=\"canonical\" href=\"https:\/\/supereule.pl\/de\/minister-czarnek-erklaerte-die-baldige-wiedereinfuehrung-von-3-stunden-deutsch-als-minderheitensprache-die-er-allerdings-an-bestimmte-bedingungen-knuepft\/\" \/>\n<meta property=\"og:locale\" content=\"de_DE\" \/>\n<meta property=\"og:type\" content=\"article\" \/>\n<meta property=\"og:title\" content=\"Minister Czarnek erkl\u00e4rte die baldige Wiedereinf\u00fchrung von 3 Std. Deutsch als Minderheitensprache, die er allerdings an bestimmte Bedingungen kn\u00fcpft - Supereule - Platforma edukacyjna Mniejszo\u015bci Niemieckiej\" \/>\n<meta property=\"og:description\" content=\"Am 22. Januar 2023, gleich zu Anfang des Wahljahres, kam es zu einem Treffen zwischen dem Bildungsminister Przemys\u0142aw Czarnek und Vertretern der Deutschen Minderheit beim Verband der deutschen Gesellschaften in Polen (VdG), um \u00fcber die aktuelle Situation und die Diskriminierung der deutschen Minderheit in Polen durch die Stundenk\u00fcrzungen zu sprechen. Bei einem Interview vor Ort [&hellip;]\" \/>\n<meta property=\"og:url\" content=\"https:\/\/supereule.pl\/de\/minister-czarnek-erklaerte-die-baldige-wiedereinfuehrung-von-3-stunden-deutsch-als-minderheitensprache-die-er-allerdings-an-bestimmte-bedingungen-knuepft\/\" \/>\n<meta property=\"og:site_name\" content=\"Supereule - Platforma edukacyjna Mniejszo\u015bci Niemieckiej\" \/>\n<meta property=\"article:published_time\" content=\"2023-01-23T14:01:31+00:00\" \/>\n<meta property=\"article:modified_time\" content=\"2023-01-24T10:43:33+00:00\" \/>\n<meta name=\"twitter:card\" content=\"summary_large_image\" \/>\n<meta name=\"twitter:image\" content=\"https:\/\/supereule.pl\/wp-content\/uploads\/2023\/01\/xDSC_5375-1024x683.jpg.pagespeed.ic_.oljKMYksL_.webp\" \/>\n<meta name=\"twitter:label1\" content=\"Verfasst von\" \/>\n\t<meta name=\"twitter:data1\" content=\"Tur\" \/>\n\t<meta name=\"twitter:label2\" content=\"Gesch\u00e4tzte Lesezeit\" \/>\n\t<meta name=\"twitter:data2\" content=\"5\u00a0Minuten\" \/>\n<script type=\"application\/ld+json\" class=\"yoast-schema-graph\">{\"@context\":\"https:\/\/schema.org\",\"@graph\":[{\"@type\":\"WebSite\",\"@id\":\"https:\/\/supereule.pl\/de\/#website\",\"url\":\"https:\/\/supereule.pl\/de\/\",\"name\":\"Supereule - Platforma edukacyjna Mniejszo\u015bci Niemieckiej\",\"description\":\"\",\"potentialAction\":[{\"@type\":\"SearchAction\",\"target\":{\"@type\":\"EntryPoint\",\"urlTemplate\":\"https:\/\/supereule.pl\/de\/?s={search_term_string}\"},\"query-input\":\"required name=search_term_string\"}],\"inLanguage\":\"de\"},{\"@type\":\"ImageObject\",\"inLanguage\":\"de\",\"@id\":\"https:\/\/supereule.pl\/de\/minister-czarnek-erklaerte-die-baldige-wiedereinfuehrung-von-3-stunden-deutsch-als-minderheitensprache-die-er-allerdings-an-bestimmte-bedingungen-knuepft\/#primaryimage\",\"url\":\"https:\/\/supereule.pl\/wp-content\/uploads\/2023\/01\/xDSC_5375-1024x683.jpg.pagespeed.ic_.oljKMYksL_.webp\",\"contentUrl\":\"https:\/\/supereule.pl\/wp-content\/uploads\/2023\/01\/xDSC_5375-1024x683.jpg.pagespeed.ic_.oljKMYksL_.webp\",\"width\":1024,\"height\":683},{\"@type\":\"WebPage\",\"@id\":\"https:\/\/supereule.pl\/de\/minister-czarnek-erklaerte-die-baldige-wiedereinfuehrung-von-3-stunden-deutsch-als-minderheitensprache-die-er-allerdings-an-bestimmte-bedingungen-knuepft\/#webpage\",\"url\":\"https:\/\/supereule.pl\/de\/minister-czarnek-erklaerte-die-baldige-wiedereinfuehrung-von-3-stunden-deutsch-als-minderheitensprache-die-er-allerdings-an-bestimmte-bedingungen-knuepft\/\",\"name\":\"Minister Czarnek erkl\u00e4rte die baldige Wiedereinf\u00fchrung von 3 Std. Deutsch als Minderheitensprache, die er allerdings an bestimmte Bedingungen kn\u00fcpft - Supereule - Platforma edukacyjna Mniejszo\u015bci Niemieckiej\",\"isPartOf\":{\"@id\":\"https:\/\/supereule.pl\/de\/#website\"},\"primaryImageOfPage\":{\"@id\":\"https:\/\/supereule.pl\/de\/minister-czarnek-erklaerte-die-baldige-wiedereinfuehrung-von-3-stunden-deutsch-als-minderheitensprache-die-er-allerdings-an-bestimmte-bedingungen-knuepft\/#primaryimage\"},\"datePublished\":\"2023-01-23T14:01:31+00:00\",\"dateModified\":\"2023-01-24T10:43:33+00:00\",\"author\":{\"@id\":\"https:\/\/supereule.pl\/de\/#\/schema\/person\/0e2c71e78eb51da67a5d94bdb4ee413b\"},\"breadcrumb\":{\"@id\":\"https:\/\/supereule.pl\/de\/minister-czarnek-erklaerte-die-baldige-wiedereinfuehrung-von-3-stunden-deutsch-als-minderheitensprache-die-er-allerdings-an-bestimmte-bedingungen-knuepft\/#breadcrumb\"},\"inLanguage\":\"de\",\"potentialAction\":[{\"@type\":\"ReadAction\",\"target\":[\"https:\/\/supereule.pl\/de\/minister-czarnek-erklaerte-die-baldige-wiedereinfuehrung-von-3-stunden-deutsch-als-minderheitensprache-die-er-allerdings-an-bestimmte-bedingungen-knuepft\/\"]}]},{\"@type\":\"BreadcrumbList\",\"@id\":\"https:\/\/supereule.pl\/de\/minister-czarnek-erklaerte-die-baldige-wiedereinfuehrung-von-3-stunden-deutsch-als-minderheitensprache-die-er-allerdings-an-bestimmte-bedingungen-knuepft\/#breadcrumb\",\"itemListElement\":[{\"@type\":\"ListItem\",\"position\":1,\"name\":\"Home\",\"item\":\"https:\/\/supereule.pl\/de\/\"},{\"@type\":\"ListItem\",\"position\":2,\"name\":\"Gesetz\",\"item\":\"https:\/\/supereule.pl\/de\/category\/gesetz\/\"},{\"@type\":\"ListItem\",\"position\":3,\"name\":\"Minister Czarnek erkl\u00e4rte die baldige Wiedereinf\u00fchrung von 3 Std. Deutsch als Minderheitensprache, die er allerdings an bestimmte Bedingungen kn\u00fcpft\"}]},{\"@type\":\"Person\",\"@id\":\"https:\/\/supereule.pl\/de\/#\/schema\/person\/0e2c71e78eb51da67a5d94bdb4ee413b\",\"name\":\"Tur\",\"image\":{\"@type\":\"ImageObject\",\"inLanguage\":\"de\",\"@id\":\"https:\/\/supereule.pl\/de\/#\/schema\/person\/image\/\",\"url\":\"https:\/\/secure.gravatar.com\/avatar\/3b9e229b05603115e26a689a3b251554?s=96&d=mm&r=g\",\"contentUrl\":\"https:\/\/secure.gravatar.com\/avatar\/3b9e229b05603115e26a689a3b251554?s=96&d=mm&r=g\",\"caption\":\"Tur\"},\"sameAs\":[\"http:\/\/supereule.pl\"],\"url\":\"https:\/\/supereule.pl\/de\/author\/beatetur\/\"}]}<\/script>\n<!-- \/ Yoast SEO plugin. -->","yoast_head_json":{"title":"Minister Czarnek erkl\u00e4rte die baldige Wiedereinf\u00fchrung von 3 Std. Deutsch als Minderheitensprache, die er allerdings an bestimmte Bedingungen kn\u00fcpft - Supereule - Platforma edukacyjna Mniejszo\u015bci Niemieckiej","robots":{"index":"index","follow":"follow","max-snippet":"max-snippet:-1","max-image-preview":"max-image-preview:large","max-video-preview":"max-video-preview:-1"},"canonical":"https:\/\/supereule.pl\/de\/minister-czarnek-erklaerte-die-baldige-wiedereinfuehrung-von-3-stunden-deutsch-als-minderheitensprache-die-er-allerdings-an-bestimmte-bedingungen-knuepft\/","og_locale":"de_DE","og_type":"article","og_title":"Minister Czarnek erkl\u00e4rte die baldige Wiedereinf\u00fchrung von 3 Std. Deutsch als Minderheitensprache, die er allerdings an bestimmte Bedingungen kn\u00fcpft - Supereule - Platforma edukacyjna Mniejszo\u015bci Niemieckiej","og_description":"Am 22. Januar 2023, gleich zu Anfang des Wahljahres, kam es zu einem Treffen zwischen dem Bildungsminister Przemys\u0142aw Czarnek und Vertretern der Deutschen Minderheit beim Verband der deutschen Gesellschaften in Polen (VdG), um \u00fcber die aktuelle Situation und die Diskriminierung der deutschen Minderheit in Polen durch die Stundenk\u00fcrzungen zu sprechen. Bei einem Interview vor Ort [&hellip;]","og_url":"https:\/\/supereule.pl\/de\/minister-czarnek-erklaerte-die-baldige-wiedereinfuehrung-von-3-stunden-deutsch-als-minderheitensprache-die-er-allerdings-an-bestimmte-bedingungen-knuepft\/","og_site_name":"Supereule - Platforma edukacyjna Mniejszo\u015bci Niemieckiej","article_published_time":"2023-01-23T14:01:31+00:00","article_modified_time":"2023-01-24T10:43:33+00:00","twitter_card":"summary_large_image","twitter_image":"https:\/\/supereule.pl\/wp-content\/uploads\/2023\/01\/xDSC_5375-1024x683.jpg.pagespeed.ic_.oljKMYksL_.webp","twitter_misc":{"Verfasst von":"Tur","Gesch\u00e4tzte Lesezeit":"5\u00a0Minuten"},"schema":{"@context":"https:\/\/schema.org","@graph":[{"@type":"WebSite","@id":"https:\/\/supereule.pl\/de\/#website","url":"https:\/\/supereule.pl\/de\/","name":"Supereule - Platforma edukacyjna Mniejszo\u015bci Niemieckiej","description":"","potentialAction":[{"@type":"SearchAction","target":{"@type":"EntryPoint","urlTemplate":"https:\/\/supereule.pl\/de\/?s={search_term_string}"},"query-input":"required name=search_term_string"}],"inLanguage":"de"},{"@type":"ImageObject","inLanguage":"de","@id":"https:\/\/supereule.pl\/de\/minister-czarnek-erklaerte-die-baldige-wiedereinfuehrung-von-3-stunden-deutsch-als-minderheitensprache-die-er-allerdings-an-bestimmte-bedingungen-knuepft\/#primaryimage","url":"https:\/\/supereule.pl\/wp-content\/uploads\/2023\/01\/xDSC_5375-1024x683.jpg.pagespeed.ic_.oljKMYksL_.webp","contentUrl":"https:\/\/supereule.pl\/wp-content\/uploads\/2023\/01\/xDSC_5375-1024x683.jpg.pagespeed.ic_.oljKMYksL_.webp","width":1024,"height":683},{"@type":"WebPage","@id":"https:\/\/supereule.pl\/de\/minister-czarnek-erklaerte-die-baldige-wiedereinfuehrung-von-3-stunden-deutsch-als-minderheitensprache-die-er-allerdings-an-bestimmte-bedingungen-knuepft\/#webpage","url":"https:\/\/supereule.pl\/de\/minister-czarnek-erklaerte-die-baldige-wiedereinfuehrung-von-3-stunden-deutsch-als-minderheitensprache-die-er-allerdings-an-bestimmte-bedingungen-knuepft\/","name":"Minister Czarnek erkl\u00e4rte die baldige Wiedereinf\u00fchrung von 3 Std. Deutsch als Minderheitensprache, die er allerdings an bestimmte Bedingungen kn\u00fcpft - Supereule - Platforma edukacyjna Mniejszo\u015bci Niemieckiej","isPartOf":{"@id":"https:\/\/supereule.pl\/de\/#website"},"primaryImageOfPage":{"@id":"https:\/\/supereule.pl\/de\/minister-czarnek-erklaerte-die-baldige-wiedereinfuehrung-von-3-stunden-deutsch-als-minderheitensprache-die-er-allerdings-an-bestimmte-bedingungen-knuepft\/#primaryimage"},"datePublished":"2023-01-23T14:01:31+00:00","dateModified":"2023-01-24T10:43:33+00:00","author":{"@id":"https:\/\/supereule.pl\/de\/#\/schema\/person\/0e2c71e78eb51da67a5d94bdb4ee413b"},"breadcrumb":{"@id":"https:\/\/supereule.pl\/de\/minister-czarnek-erklaerte-die-baldige-wiedereinfuehrung-von-3-stunden-deutsch-als-minderheitensprache-die-er-allerdings-an-bestimmte-bedingungen-knuepft\/#breadcrumb"},"inLanguage":"de","potentialAction":[{"@type":"ReadAction","target":["https:\/\/supereule.pl\/de\/minister-czarnek-erklaerte-die-baldige-wiedereinfuehrung-von-3-stunden-deutsch-als-minderheitensprache-die-er-allerdings-an-bestimmte-bedingungen-knuepft\/"]}]},{"@type":"BreadcrumbList","@id":"https:\/\/supereule.pl\/de\/minister-czarnek-erklaerte-die-baldige-wiedereinfuehrung-von-3-stunden-deutsch-als-minderheitensprache-die-er-allerdings-an-bestimmte-bedingungen-knuepft\/#breadcrumb","itemListElement":[{"@type":"ListItem","position":1,"name":"Home","item":"https:\/\/supereule.pl\/de\/"},{"@type":"ListItem","position":2,"name":"Gesetz","item":"https:\/\/supereule.pl\/de\/category\/gesetz\/"},{"@type":"ListItem","position":3,"name":"Minister Czarnek erkl\u00e4rte die baldige Wiedereinf\u00fchrung von 3 Std. Deutsch als Minderheitensprache, die er allerdings an bestimmte Bedingungen kn\u00fcpft"}]},{"@type":"Person","@id":"https:\/\/supereule.pl\/de\/#\/schema\/person\/0e2c71e78eb51da67a5d94bdb4ee413b","name":"Tur","image":{"@type":"ImageObject","inLanguage":"de","@id":"https:\/\/supereule.pl\/de\/#\/schema\/person\/image\/","url":"https:\/\/secure.gravatar.com\/avatar\/3b9e229b05603115e26a689a3b251554?s=96&d=mm&r=g","contentUrl":"https:\/\/secure.gravatar.com\/avatar\/3b9e229b05603115e26a689a3b251554?s=96&d=mm&r=g","caption":"Tur"},"sameAs":["http:\/\/supereule.pl"],"url":"https:\/\/supereule.pl\/de\/author\/beatetur\/"}]}},"_links":{"self":[{"href":"https:\/\/supereule.pl\/de\/wp-json\/wp\/v2\/posts\/5517"}],"collection":[{"href":"https:\/\/supereule.pl\/de\/wp-json\/wp\/v2\/posts"}],"about":[{"href":"https:\/\/supereule.pl\/de\/wp-json\/wp\/v2\/types\/post"}],"author":[{"embeddable":true,"href":"https:\/\/supereule.pl\/de\/wp-json\/wp\/v2\/users\/5"}],"replies":[{"embeddable":true,"href":"https:\/\/supereule.pl\/de\/wp-json\/wp\/v2\/comments?post=5517"}],"version-history":[{"count":13,"href":"https:\/\/supereule.pl\/de\/wp-json\/wp\/v2\/posts\/5517\/revisions"}],"predecessor-version":[{"id":5552,"href":"https:\/\/supereule.pl\/de\/wp-json\/wp\/v2\/posts\/5517\/revisions\/5552"}],"wp:featuredmedia":[{"embeddable":true,"href":"https:\/\/supereule.pl\/de\/wp-json\/wp\/v2\/media\/5519"}],"wp:attachment":[{"href":"https:\/\/supereule.pl\/de\/wp-json\/wp\/v2\/media?parent=5517"}],"wp:term":[{"taxonomy":"category","embeddable":true,"href":"https:\/\/supereule.pl\/de\/wp-json\/wp\/v2\/categories?post=5517"},{"taxonomy":"post_tag","embeddable":true,"href":"https:\/\/supereule.pl\/de\/wp-json\/wp\/v2\/tags?post=5517"}],"curies":[{"name":"wp","href":"https:\/\/api.w.org\/{rel}","templated":true}]}}