{"id":3090,"date":"2022-05-17T09:26:18","date_gmt":"2022-05-17T07:26:18","guid":{"rendered":"https:\/\/supereule.pl\/?p=3090"},"modified":"2022-09-22T09:30:57","modified_gmt":"2022-09-22T07:30:57","slug":"europaeische-charta-der-regional-oder-minderheitensprachen","status":"publish","type":"post","link":"https:\/\/supereule.pl\/de\/europaeische-charta-der-regional-oder-minderheitensprachen\/","title":{"rendered":"Die Europ\u00e4ische Charta der Regional- oder Minderheitensprachen"},"content":{"rendered":"<p><strong>1. Europa der Sprachen<\/strong><\/p>\n<p>Europa ist ein Kontinent der Vielfalt von Regionen, Traditionen, Mentalit\u00e4ten, Religionen und Sprachen. Die verschiedenen Perspektiven auf diese Heterogenit\u00e4t und der Umgang mit ihr sowie deren Auswirkungen pr\u00e4gen sehr stark das Europabild und dessen Geschichte.<\/p>\n<p>Die meisten europ\u00e4ischen L\u00e4nder werden heute von regionalen autochthonen Gruppen bewohnt, die eine andere Sprache als die der Mehrheitsbev\u00f6lkerung sprechen. Diese Situation ist eine Folge der historischen Ver\u00e4nderungen und der Staatsbildungsprozesse. Die Grenzen der Staaten waren jedoch nicht mit den Grenzen der Sprachen identisch. Die Situation der Regional- oder Minderheitensprachen ist in demografischer Hinsicht sehr differenziert. Eine sich vereinheitlichende Zivilisation und\u00a0 eine assimilatorische Politik der Staaten stellen f\u00fcr viele Regional- oder Minderheitensprachen eine Gefahr dar, was ihre Erhaltung oder Entwicklung betrifft. [1]<\/p>\n<p><strong>2. Die Europ\u00e4ische Charta und die sprachliche Vielfalt<\/strong><\/p>\n<p>Der R\u00fcckgang der Regional- oder Minderheitensprachen in Europa des 20. Jahrhunderts war der Grund daf\u00fcr,\u00a0dass der <a href=\"https:\/\/www.coe.int\/de\/web\/portal\/home\">Europarat<\/a> 1992 in der <a href=\"https:\/\/rm.coe.int\/168007c089\">Europ\u00e4ischen Charta der Regional- oder Minderheitensprachen<\/a> konkrete Ma\u00dfnahmen zur Erhaltung und F\u00f6rderung des lokalen Gebrauchs von Minderheitensprachen formuliert hat. Die Charta ist ein multilateraler v\u00f6lkerrechtlicher Vertrag. Die Republik Polen hat die Charta am 12. Februar 2009 ratifiziert.<\/p>\n<p>Die Charta f\u00f6rdert die sprachliche Vielfalt als eines der wertvollsten Elemente des kulturellen Lebens in Europa und tr\u00e4gt zur Entwicklung der Regional- oder Minderheitensprachen bei, indem sie unter anderem sicherstellt, dass die Sprecher von Minderheitensprachen wieder oder weiterhin ihre Sprachen in der Schule, am Arbeitsplatz, in den Medien, im wirtschaftlichen, administrativen, sozialen und kulturellen Leben und in der grenz\u00fcberschreitenden Zusammenarbeit verwenden k\u00f6nnen.<\/p>\n<p>Die Charta bietet eine Grundlage f\u00fcr eine innerstaatliche Vereinbarung zwischen den Gemeinschaften, die Regional- und Minderheitensprachen sprechen, und der \u00f6ffentlichen Verwaltung und enth\u00e4lt angemessene Garantien und konkrete Leitlinien f\u00fcr den Schutz und die Entwicklung der Minderheitensprachen. Die in der Charta enthaltenen konkreten Forderungen und Vorschl\u00e4ge helfen den Staaten, die die Charta ratifiziert haben, konkrete Ma\u00dfnahmen zu ergreifen, um den Gebrauch traditioneller Regional- oder Minderheitensprachen in allen Bereichen des \u00f6ffentlichen Lebens aktiv zu f\u00f6rdern oder es vielen Menschen zu erm\u00f6glichen, die Sprache ihrer Vorfahren, ihrer Familien und ihrer Heimat zu erlernen, weil sie in ihrem eigenen Land aufgrund der komplexen politischen und sozialen Situation dazu nicht die M\u00f6glichkeit hatten. In der Charta wird auf die zahlreichen M\u00f6glichkeiten des Sprachenlernens auch im au\u00dferschulischen Bereich hingewiesen.<\/p>\n<p><strong>3.<\/strong> <strong>Der Weg zur sicheren Zukunft der deutschen Sprache<\/strong><\/p>\n<p><img loading=\"lazy\" class=\"alignnone size-medium wp-image-3112\" src=\"https:\/\/supereule.pl\/wp-content\/uploads\/2022\/05\/Bild.-Titel-1-300x192.jpg\" alt=\"\" width=\"300\" height=\"192\" srcset=\"https:\/\/supereule.pl\/wp-content\/uploads\/2022\/05\/Bild.-Titel-1-300x192.jpg 300w, https:\/\/supereule.pl\/wp-content\/uploads\/2022\/05\/Bild.-Titel-1.jpg 651w\" sizes=\"(max-width: 300px) 100vw, 300px\" \/><\/p>\n<p>In Bezug auf das zyklische <a href=\"https:\/\/rm.coe.int\/third-evaluation-report-on-poland-the-european-charter-for-regional-or\/1680a4e7ee\">Monitoring der Umsetzung der Charta<\/a> durch den Europarat und angesichts der Schlussfolgerungen und Empfehlungen des Ministerkomitees des Europarats und insbesondere der wiederholten Empfehlungen zur Verbesserung der Situation der deutschen Sprache als Minderheitensprache hat der <a href=\"http:\/\/vdg.pl\">Verband der deutschen sozial-kulturellen Gesellschaften in Polen<\/a> (VdG) eine solide schriftliche Stellungnahme zur Umsetzung der Charta ausgearbeitet. Das Dokument enth\u00e4lt Anmerkungen und Forderungen seitens der Organisation der Deutschen in Polen, die sich auf die Umsetzung der Charta durch die polnische Vertragspartei beziehen.<\/p>\n<p>Die Stellungnahme des VdG, die in dem Dokument <a href=\"https:\/\/vdg.pl\/de\/der-weg-zur-sicheren-zukunft-der-deutschen-sprache\/\">&#8222;Der Weg zur sicheren Zukunft der deutschen Sprache&#8220;<\/a> formuliert ist, wurde am 18. Oktober 2021 durch einen Beschluss des Vorstandes verabschiedet und im Dezember 2021 an das polnische Ministerium f\u00fcr Inneres und Verwaltung sowie an den Europarat \u00fcbermittelt. Am 11. Mai 2022 wurde das Dokument in der \u00d6ffentlichkeit vorgestellt: Vertretern der deutschen Minderheit, den Lehrer:innen und der lokalen Regierung.<\/p>\n<p>&nbsp;<\/p>\n<hr \/>\n<p>[1] Haus der deutsch-polnischen Zusammenarbeit, Konferenz \u00fcber Regional- und Minderheitensprachen (http:\/\/alt.haus.pl\/m\/arch-762.html)<\/p>\n","protected":false},"excerpt":{"rendered":"<p>1. Europa der Sprachen Europa ist ein Kontinent der Vielfalt von Regionen, Traditionen, Mentalit\u00e4ten, Religionen und Sprachen. Die verschiedenen Perspektiven auf diese Heterogenit\u00e4t und der Umgang mit ihr sowie deren Auswirkungen pr\u00e4gen sehr stark das Europabild und dessen Geschichte. Die meisten europ\u00e4ischen L\u00e4nder werden heute von regionalen autochthonen Gruppen bewohnt, die eine andere Sprache als [&hellip;]<\/p>\n","protected":false},"author":6,"featured_media":2572,"comment_status":"open","ping_status":"open","sticky":false,"template":"","format":"standard","meta":[],"categories":[43],"tags":[],"acf":[],"yoast_head":"<!-- This site is optimized with the Yoast SEO plugin v18.9 - https:\/\/yoast.com\/wordpress\/plugins\/seo\/ -->\n<title>Die Europ\u00e4ische Charta der Regional- oder Minderheitensprachen - Supereule - Platforma edukacyjna Mniejszo\u015bci Niemieckiej<\/title>\n<meta name=\"robots\" content=\"index, follow, max-snippet:-1, max-image-preview:large, max-video-preview:-1\" \/>\n<link rel=\"canonical\" href=\"https:\/\/supereule.pl\/de\/europaeische-charta-der-regional-oder-minderheitensprachen\/\" \/>\n<meta property=\"og:locale\" content=\"de_DE\" \/>\n<meta property=\"og:type\" content=\"article\" \/>\n<meta property=\"og:title\" content=\"Die Europ\u00e4ische Charta der Regional- oder Minderheitensprachen - Supereule - Platforma edukacyjna Mniejszo\u015bci Niemieckiej\" \/>\n<meta property=\"og:description\" content=\"1. Europa der Sprachen Europa ist ein Kontinent der Vielfalt von Regionen, Traditionen, Mentalit\u00e4ten, Religionen und Sprachen. Die verschiedenen Perspektiven auf diese Heterogenit\u00e4t und der Umgang mit ihr sowie deren Auswirkungen pr\u00e4gen sehr stark das Europabild und dessen Geschichte. Die meisten europ\u00e4ischen L\u00e4nder werden heute von regionalen autochthonen Gruppen bewohnt, die eine andere Sprache als [&hellip;]\" \/>\n<meta property=\"og:url\" content=\"https:\/\/supereule.pl\/de\/europaeische-charta-der-regional-oder-minderheitensprachen\/\" \/>\n<meta property=\"og:site_name\" content=\"Supereule - Platforma edukacyjna Mniejszo\u015bci Niemieckiej\" \/>\n<meta property=\"article:published_time\" content=\"2022-05-17T07:26:18+00:00\" \/>\n<meta property=\"article:modified_time\" content=\"2022-09-22T07:30:57+00:00\" \/>\n<meta property=\"og:image\" content=\"https:\/\/supereule.pl\/wp-content\/uploads\/2022\/03\/prawo.jpg\" \/>\n\t<meta property=\"og:image:width\" content=\"400\" \/>\n\t<meta property=\"og:image:height\" content=\"250\" \/>\n\t<meta property=\"og:image:type\" content=\"image\/jpeg\" \/>\n<meta name=\"twitter:card\" content=\"summary_large_image\" \/>\n<meta name=\"twitter:label1\" content=\"Verfasst von\" \/>\n\t<meta name=\"twitter:data1\" content=\"Edyta Opyd\" \/>\n\t<meta name=\"twitter:label2\" content=\"Gesch\u00e4tzte Lesezeit\" \/>\n\t<meta name=\"twitter:data2\" content=\"3\u00a0Minuten\" \/>\n<script type=\"application\/ld+json\" class=\"yoast-schema-graph\">{\"@context\":\"https:\/\/schema.org\",\"@graph\":[{\"@type\":\"WebSite\",\"@id\":\"https:\/\/supereule.pl\/de\/#website\",\"url\":\"https:\/\/supereule.pl\/de\/\",\"name\":\"Supereule - Platforma edukacyjna Mniejszo\u015bci Niemieckiej\",\"description\":\"\",\"potentialAction\":[{\"@type\":\"SearchAction\",\"target\":{\"@type\":\"EntryPoint\",\"urlTemplate\":\"https:\/\/supereule.pl\/de\/?s={search_term_string}\"},\"query-input\":\"required name=search_term_string\"}],\"inLanguage\":\"de\"},{\"@type\":\"ImageObject\",\"inLanguage\":\"de\",\"@id\":\"https:\/\/supereule.pl\/de\/europaeische-charta-der-regional-oder-minderheitensprachen\/#primaryimage\",\"url\":\"https:\/\/supereule.pl\/wp-content\/uploads\/2022\/03\/prawo.jpg\",\"contentUrl\":\"https:\/\/supereule.pl\/wp-content\/uploads\/2022\/03\/prawo.jpg\",\"width\":400,\"height\":250},{\"@type\":\"WebPage\",\"@id\":\"https:\/\/supereule.pl\/de\/europaeische-charta-der-regional-oder-minderheitensprachen\/#webpage\",\"url\":\"https:\/\/supereule.pl\/de\/europaeische-charta-der-regional-oder-minderheitensprachen\/\",\"name\":\"Die Europ\u00e4ische Charta der Regional- oder Minderheitensprachen - Supereule - Platforma edukacyjna Mniejszo\u015bci Niemieckiej\",\"isPartOf\":{\"@id\":\"https:\/\/supereule.pl\/de\/#website\"},\"primaryImageOfPage\":{\"@id\":\"https:\/\/supereule.pl\/de\/europaeische-charta-der-regional-oder-minderheitensprachen\/#primaryimage\"},\"datePublished\":\"2022-05-17T07:26:18+00:00\",\"dateModified\":\"2022-09-22T07:30:57+00:00\",\"author\":{\"@id\":\"https:\/\/supereule.pl\/de\/#\/schema\/person\/efe6bb9cc065a86e89ae3f27f2116c31\"},\"breadcrumb\":{\"@id\":\"https:\/\/supereule.pl\/de\/europaeische-charta-der-regional-oder-minderheitensprachen\/#breadcrumb\"},\"inLanguage\":\"de\",\"potentialAction\":[{\"@type\":\"ReadAction\",\"target\":[\"https:\/\/supereule.pl\/de\/europaeische-charta-der-regional-oder-minderheitensprachen\/\"]}]},{\"@type\":\"BreadcrumbList\",\"@id\":\"https:\/\/supereule.pl\/de\/europaeische-charta-der-regional-oder-minderheitensprachen\/#breadcrumb\",\"itemListElement\":[{\"@type\":\"ListItem\",\"position\":1,\"name\":\"Home\",\"item\":\"https:\/\/supereule.pl\/de\/\"},{\"@type\":\"ListItem\",\"position\":2,\"name\":\"Rechtszone\",\"item\":\"https:\/\/supereule.pl\/de\/category\/rechtszone\/\"},{\"@type\":\"ListItem\",\"position\":3,\"name\":\"Die Europ\u00e4ische Charta der Regional- oder Minderheitensprachen\"}]},{\"@type\":\"Person\",\"@id\":\"https:\/\/supereule.pl\/de\/#\/schema\/person\/efe6bb9cc065a86e89ae3f27f2116c31\",\"name\":\"Edyta Opyd\",\"image\":{\"@type\":\"ImageObject\",\"inLanguage\":\"de\",\"@id\":\"https:\/\/supereule.pl\/de\/#\/schema\/person\/image\/\",\"url\":\"https:\/\/secure.gravatar.com\/avatar\/741fe069387a49deaf79d28189ef38a5?s=96&d=mm&r=g\",\"contentUrl\":\"https:\/\/secure.gravatar.com\/avatar\/741fe069387a49deaf79d28189ef38a5?s=96&d=mm&r=g\",\"caption\":\"Edyta Opyd\"},\"url\":\"https:\/\/supereule.pl\/de\/author\/edyta\/\"}]}<\/script>\n<!-- \/ Yoast SEO plugin. -->","yoast_head_json":{"title":"Die Europ\u00e4ische Charta der Regional- oder Minderheitensprachen - Supereule - Platforma edukacyjna Mniejszo\u015bci Niemieckiej","robots":{"index":"index","follow":"follow","max-snippet":"max-snippet:-1","max-image-preview":"max-image-preview:large","max-video-preview":"max-video-preview:-1"},"canonical":"https:\/\/supereule.pl\/de\/europaeische-charta-der-regional-oder-minderheitensprachen\/","og_locale":"de_DE","og_type":"article","og_title":"Die Europ\u00e4ische Charta der Regional- oder Minderheitensprachen - Supereule - Platforma edukacyjna Mniejszo\u015bci Niemieckiej","og_description":"1. Europa der Sprachen Europa ist ein Kontinent der Vielfalt von Regionen, Traditionen, Mentalit\u00e4ten, Religionen und Sprachen. Die verschiedenen Perspektiven auf diese Heterogenit\u00e4t und der Umgang mit ihr sowie deren Auswirkungen pr\u00e4gen sehr stark das Europabild und dessen Geschichte. Die meisten europ\u00e4ischen L\u00e4nder werden heute von regionalen autochthonen Gruppen bewohnt, die eine andere Sprache als [&hellip;]","og_url":"https:\/\/supereule.pl\/de\/europaeische-charta-der-regional-oder-minderheitensprachen\/","og_site_name":"Supereule - Platforma edukacyjna Mniejszo\u015bci Niemieckiej","article_published_time":"2022-05-17T07:26:18+00:00","article_modified_time":"2022-09-22T07:30:57+00:00","og_image":[{"width":400,"height":250,"url":"https:\/\/supereule.pl\/wp-content\/uploads\/2022\/03\/prawo.jpg","type":"image\/jpeg"}],"twitter_card":"summary_large_image","twitter_misc":{"Verfasst von":"Edyta Opyd","Gesch\u00e4tzte Lesezeit":"3\u00a0Minuten"},"schema":{"@context":"https:\/\/schema.org","@graph":[{"@type":"WebSite","@id":"https:\/\/supereule.pl\/de\/#website","url":"https:\/\/supereule.pl\/de\/","name":"Supereule - Platforma edukacyjna Mniejszo\u015bci Niemieckiej","description":"","potentialAction":[{"@type":"SearchAction","target":{"@type":"EntryPoint","urlTemplate":"https:\/\/supereule.pl\/de\/?s={search_term_string}"},"query-input":"required name=search_term_string"}],"inLanguage":"de"},{"@type":"ImageObject","inLanguage":"de","@id":"https:\/\/supereule.pl\/de\/europaeische-charta-der-regional-oder-minderheitensprachen\/#primaryimage","url":"https:\/\/supereule.pl\/wp-content\/uploads\/2022\/03\/prawo.jpg","contentUrl":"https:\/\/supereule.pl\/wp-content\/uploads\/2022\/03\/prawo.jpg","width":400,"height":250},{"@type":"WebPage","@id":"https:\/\/supereule.pl\/de\/europaeische-charta-der-regional-oder-minderheitensprachen\/#webpage","url":"https:\/\/supereule.pl\/de\/europaeische-charta-der-regional-oder-minderheitensprachen\/","name":"Die Europ\u00e4ische Charta der Regional- oder Minderheitensprachen - Supereule - Platforma edukacyjna Mniejszo\u015bci Niemieckiej","isPartOf":{"@id":"https:\/\/supereule.pl\/de\/#website"},"primaryImageOfPage":{"@id":"https:\/\/supereule.pl\/de\/europaeische-charta-der-regional-oder-minderheitensprachen\/#primaryimage"},"datePublished":"2022-05-17T07:26:18+00:00","dateModified":"2022-09-22T07:30:57+00:00","author":{"@id":"https:\/\/supereule.pl\/de\/#\/schema\/person\/efe6bb9cc065a86e89ae3f27f2116c31"},"breadcrumb":{"@id":"https:\/\/supereule.pl\/de\/europaeische-charta-der-regional-oder-minderheitensprachen\/#breadcrumb"},"inLanguage":"de","potentialAction":[{"@type":"ReadAction","target":["https:\/\/supereule.pl\/de\/europaeische-charta-der-regional-oder-minderheitensprachen\/"]}]},{"@type":"BreadcrumbList","@id":"https:\/\/supereule.pl\/de\/europaeische-charta-der-regional-oder-minderheitensprachen\/#breadcrumb","itemListElement":[{"@type":"ListItem","position":1,"name":"Home","item":"https:\/\/supereule.pl\/de\/"},{"@type":"ListItem","position":2,"name":"Rechtszone","item":"https:\/\/supereule.pl\/de\/category\/rechtszone\/"},{"@type":"ListItem","position":3,"name":"Die Europ\u00e4ische Charta der Regional- oder Minderheitensprachen"}]},{"@type":"Person","@id":"https:\/\/supereule.pl\/de\/#\/schema\/person\/efe6bb9cc065a86e89ae3f27f2116c31","name":"Edyta Opyd","image":{"@type":"ImageObject","inLanguage":"de","@id":"https:\/\/supereule.pl\/de\/#\/schema\/person\/image\/","url":"https:\/\/secure.gravatar.com\/avatar\/741fe069387a49deaf79d28189ef38a5?s=96&d=mm&r=g","contentUrl":"https:\/\/secure.gravatar.com\/avatar\/741fe069387a49deaf79d28189ef38a5?s=96&d=mm&r=g","caption":"Edyta Opyd"},"url":"https:\/\/supereule.pl\/de\/author\/edyta\/"}]}},"_links":{"self":[{"href":"https:\/\/supereule.pl\/de\/wp-json\/wp\/v2\/posts\/3090"}],"collection":[{"href":"https:\/\/supereule.pl\/de\/wp-json\/wp\/v2\/posts"}],"about":[{"href":"https:\/\/supereule.pl\/de\/wp-json\/wp\/v2\/types\/post"}],"author":[{"embeddable":true,"href":"https:\/\/supereule.pl\/de\/wp-json\/wp\/v2\/users\/6"}],"replies":[{"embeddable":true,"href":"https:\/\/supereule.pl\/de\/wp-json\/wp\/v2\/comments?post=3090"}],"version-history":[{"count":12,"href":"https:\/\/supereule.pl\/de\/wp-json\/wp\/v2\/posts\/3090\/revisions"}],"predecessor-version":[{"id":4232,"href":"https:\/\/supereule.pl\/de\/wp-json\/wp\/v2\/posts\/3090\/revisions\/4232"}],"wp:featuredmedia":[{"embeddable":true,"href":"https:\/\/supereule.pl\/de\/wp-json\/wp\/v2\/media\/2572"}],"wp:attachment":[{"href":"https:\/\/supereule.pl\/de\/wp-json\/wp\/v2\/media?parent=3090"}],"wp:term":[{"taxonomy":"category","embeddable":true,"href":"https:\/\/supereule.pl\/de\/wp-json\/wp\/v2\/categories?post=3090"},{"taxonomy":"post_tag","embeddable":true,"href":"https:\/\/supereule.pl\/de\/wp-json\/wp\/v2\/tags?post=3090"}],"curies":[{"name":"wp","href":"https:\/\/api.w.org\/{rel}","templated":true}]}}