{"id":2175,"date":"2022-03-02T13:05:56","date_gmt":"2022-03-02T12:05:56","guid":{"rendered":"https:\/\/supereule.pl\/szkolenia-w-ramach-projektu-erasmus\/"},"modified":"2022-03-02T13:07:22","modified_gmt":"2022-03-02T12:07:22","slug":"schulungen-im-rahmen-des-projekts-erasmus","status":"publish","type":"post","link":"https:\/\/supereule.pl\/de\/schulungen-im-rahmen-des-projekts-erasmus\/","title":{"rendered":"Schulungen im Rahmen des Projekts Erasmus+"},"content":{"rendered":"<p>Eine empfehlenswerte, doch in Polen nicht genug popul\u00e4re Form, sich beruflich weiterzuentwickeln: In ganz Europa werden Lehrerfortbildungen angeboten. Lehrkr\u00e4fte aller F\u00e4cher k\u00f6nnen sich bewerben und an diversen Veranstaltungen in mehreren L\u00e4ndern teilnehmen!<\/p>\n","protected":false},"excerpt":{"rendered":"<p>Eine empfehlenswerte, doch in Polen nicht genug popul\u00e4re Form, sich beruflich weiterzuentwickeln: In ganz Europa werden Lehrerfortbildungen angeboten. Lehrkr\u00e4fte aller F\u00e4cher k\u00f6nnen sich bewerben und an diversen Veranstaltungen in mehreren L\u00e4ndern teilnehmen!<\/p>\n","protected":false},"author":2,"featured_media":2173,"comment_status":"open","ping_status":"open","sticky":false,"template":"","format":"standard","meta":[],"categories":[83],"tags":[],"acf":[],"yoast_head":"<!-- This site is optimized with the Yoast SEO plugin v18.9 - https:\/\/yoast.com\/wordpress\/plugins\/seo\/ -->\n<title>Schulungen im Rahmen des Projekts Erasmus+ - Supereule - Platforma edukacyjna Mniejszo\u015bci Niemieckiej<\/title>\n<meta name=\"robots\" content=\"index, follow, max-snippet:-1, max-image-preview:large, max-video-preview:-1\" \/>\n<link rel=\"canonical\" href=\"https:\/\/supereule.pl\/de\/schulungen-im-rahmen-des-projekts-erasmus\/\" \/>\n<meta property=\"og:locale\" content=\"de_DE\" \/>\n<meta property=\"og:type\" content=\"article\" \/>\n<meta property=\"og:title\" content=\"Schulungen im Rahmen des Projekts Erasmus+ - Supereule - Platforma edukacyjna Mniejszo\u015bci Niemieckiej\" \/>\n<meta property=\"og:description\" content=\"Eine empfehlenswerte, doch in Polen nicht genug popul\u00e4re Form, sich beruflich weiterzuentwickeln: In ganz Europa werden Lehrerfortbildungen angeboten. Lehrkr\u00e4fte aller F\u00e4cher k\u00f6nnen sich bewerben und an diversen Veranstaltungen in mehreren L\u00e4ndern teilnehmen!\" \/>\n<meta property=\"og:url\" content=\"https:\/\/supereule.pl\/de\/schulungen-im-rahmen-des-projekts-erasmus\/\" \/>\n<meta property=\"og:site_name\" content=\"Supereule - Platforma edukacyjna Mniejszo\u015bci Niemieckiej\" \/>\n<meta property=\"article:published_time\" content=\"2022-03-02T12:05:56+00:00\" \/>\n<meta property=\"article:modified_time\" content=\"2022-03-02T12:07:22+00:00\" \/>\n<meta property=\"og:image\" content=\"https:\/\/supereule.pl\/wp-content\/uploads\/2022\/03\/erasmus.png\" \/>\n\t<meta property=\"og:image:width\" content=\"420\" \/>\n\t<meta property=\"og:image:height\" content=\"120\" \/>\n\t<meta property=\"og:image:type\" content=\"image\/png\" \/>\n<meta name=\"twitter:card\" content=\"summary_large_image\" \/>\n<meta name=\"twitter:label1\" content=\"Verfasst von\" \/>\n\t<meta name=\"twitter:data1\" content=\"adapt-systems\" \/>\n<script type=\"application\/ld+json\" class=\"yoast-schema-graph\">{\"@context\":\"https:\/\/schema.org\",\"@graph\":[{\"@type\":\"WebSite\",\"@id\":\"https:\/\/supereule.pl\/de\/#website\",\"url\":\"https:\/\/supereule.pl\/de\/\",\"name\":\"Supereule - Platforma edukacyjna Mniejszo\u015bci Niemieckiej\",\"description\":\"\",\"potentialAction\":[{\"@type\":\"SearchAction\",\"target\":{\"@type\":\"EntryPoint\",\"urlTemplate\":\"https:\/\/supereule.pl\/de\/?s={search_term_string}\"},\"query-input\":\"required name=search_term_string\"}],\"inLanguage\":\"de\"},{\"@type\":\"ImageObject\",\"inLanguage\":\"de\",\"@id\":\"https:\/\/supereule.pl\/de\/schulungen-im-rahmen-des-projekts-erasmus\/#primaryimage\",\"url\":\"https:\/\/supereule.pl\/wp-content\/uploads\/2022\/03\/erasmus.png\",\"contentUrl\":\"https:\/\/supereule.pl\/wp-content\/uploads\/2022\/03\/erasmus.png\",\"width\":420,\"height\":120},{\"@type\":\"WebPage\",\"@id\":\"https:\/\/supereule.pl\/de\/schulungen-im-rahmen-des-projekts-erasmus\/#webpage\",\"url\":\"https:\/\/supereule.pl\/de\/schulungen-im-rahmen-des-projekts-erasmus\/\",\"name\":\"Schulungen im Rahmen des Projekts Erasmus+ - Supereule - Platforma edukacyjna Mniejszo\u015bci Niemieckiej\",\"isPartOf\":{\"@id\":\"https:\/\/supereule.pl\/de\/#website\"},\"primaryImageOfPage\":{\"@id\":\"https:\/\/supereule.pl\/de\/schulungen-im-rahmen-des-projekts-erasmus\/#primaryimage\"},\"datePublished\":\"2022-03-02T12:05:56+00:00\",\"dateModified\":\"2022-03-02T12:07:22+00:00\",\"author\":{\"@id\":\"https:\/\/supereule.pl\/de\/#\/schema\/person\/9abb1fee30c14f13b5130fd83da9c01f\"},\"breadcrumb\":{\"@id\":\"https:\/\/supereule.pl\/de\/schulungen-im-rahmen-des-projekts-erasmus\/#breadcrumb\"},\"inLanguage\":\"de\",\"potentialAction\":[{\"@type\":\"ReadAction\",\"target\":[\"https:\/\/supereule.pl\/de\/schulungen-im-rahmen-des-projekts-erasmus\/\"]}]},{\"@type\":\"BreadcrumbList\",\"@id\":\"https:\/\/supereule.pl\/de\/schulungen-im-rahmen-des-projekts-erasmus\/#breadcrumb\",\"itemListElement\":[{\"@type\":\"ListItem\",\"position\":1,\"name\":\"Home\",\"item\":\"https:\/\/supereule.pl\/de\/\"},{\"@type\":\"ListItem\",\"position\":2,\"name\":\"Lehrerzone\",\"item\":\"https:\/\/supereule.pl\/de\/category\/lehrerzone\/\"},{\"@type\":\"ListItem\",\"position\":3,\"name\":\"Fortbildung\",\"item\":\"https:\/\/supereule.pl\/de\/category\/lehrerzone\/fortbildung\/\"},{\"@type\":\"ListItem\",\"position\":4,\"name\":\"Schulungen im Rahmen des Projekts Erasmus+\"}]},{\"@type\":\"Person\",\"@id\":\"https:\/\/supereule.pl\/de\/#\/schema\/person\/9abb1fee30c14f13b5130fd83da9c01f\",\"name\":\"adapt-systems\",\"image\":{\"@type\":\"ImageObject\",\"inLanguage\":\"de\",\"@id\":\"https:\/\/supereule.pl\/de\/#\/schema\/person\/image\/\",\"url\":\"https:\/\/secure.gravatar.com\/avatar\/07f78fe850b014b20023ff13e301e400?s=96&d=mm&r=g\",\"contentUrl\":\"https:\/\/secure.gravatar.com\/avatar\/07f78fe850b014b20023ff13e301e400?s=96&d=mm&r=g\",\"caption\":\"adapt-systems\"},\"url\":\"https:\/\/supereule.pl\/de\/author\/adapt-systems\/\"}]}<\/script>\n<!-- \/ Yoast SEO plugin. -->","yoast_head_json":{"title":"Schulungen im Rahmen des Projekts Erasmus+ - Supereule - Platforma edukacyjna Mniejszo\u015bci Niemieckiej","robots":{"index":"index","follow":"follow","max-snippet":"max-snippet:-1","max-image-preview":"max-image-preview:large","max-video-preview":"max-video-preview:-1"},"canonical":"https:\/\/supereule.pl\/de\/schulungen-im-rahmen-des-projekts-erasmus\/","og_locale":"de_DE","og_type":"article","og_title":"Schulungen im Rahmen des Projekts Erasmus+ - Supereule - Platforma edukacyjna Mniejszo\u015bci Niemieckiej","og_description":"Eine empfehlenswerte, doch in Polen nicht genug popul\u00e4re Form, sich beruflich weiterzuentwickeln: In ganz Europa werden Lehrerfortbildungen angeboten. Lehrkr\u00e4fte aller F\u00e4cher k\u00f6nnen sich bewerben und an diversen Veranstaltungen in mehreren L\u00e4ndern teilnehmen!","og_url":"https:\/\/supereule.pl\/de\/schulungen-im-rahmen-des-projekts-erasmus\/","og_site_name":"Supereule - Platforma edukacyjna Mniejszo\u015bci Niemieckiej","article_published_time":"2022-03-02T12:05:56+00:00","article_modified_time":"2022-03-02T12:07:22+00:00","og_image":[{"width":420,"height":120,"url":"https:\/\/supereule.pl\/wp-content\/uploads\/2022\/03\/erasmus.png","type":"image\/png"}],"twitter_card":"summary_large_image","twitter_misc":{"Verfasst von":"adapt-systems"},"schema":{"@context":"https:\/\/schema.org","@graph":[{"@type":"WebSite","@id":"https:\/\/supereule.pl\/de\/#website","url":"https:\/\/supereule.pl\/de\/","name":"Supereule - Platforma edukacyjna Mniejszo\u015bci Niemieckiej","description":"","potentialAction":[{"@type":"SearchAction","target":{"@type":"EntryPoint","urlTemplate":"https:\/\/supereule.pl\/de\/?s={search_term_string}"},"query-input":"required name=search_term_string"}],"inLanguage":"de"},{"@type":"ImageObject","inLanguage":"de","@id":"https:\/\/supereule.pl\/de\/schulungen-im-rahmen-des-projekts-erasmus\/#primaryimage","url":"https:\/\/supereule.pl\/wp-content\/uploads\/2022\/03\/erasmus.png","contentUrl":"https:\/\/supereule.pl\/wp-content\/uploads\/2022\/03\/erasmus.png","width":420,"height":120},{"@type":"WebPage","@id":"https:\/\/supereule.pl\/de\/schulungen-im-rahmen-des-projekts-erasmus\/#webpage","url":"https:\/\/supereule.pl\/de\/schulungen-im-rahmen-des-projekts-erasmus\/","name":"Schulungen im Rahmen des Projekts Erasmus+ - Supereule - Platforma edukacyjna Mniejszo\u015bci Niemieckiej","isPartOf":{"@id":"https:\/\/supereule.pl\/de\/#website"},"primaryImageOfPage":{"@id":"https:\/\/supereule.pl\/de\/schulungen-im-rahmen-des-projekts-erasmus\/#primaryimage"},"datePublished":"2022-03-02T12:05:56+00:00","dateModified":"2022-03-02T12:07:22+00:00","author":{"@id":"https:\/\/supereule.pl\/de\/#\/schema\/person\/9abb1fee30c14f13b5130fd83da9c01f"},"breadcrumb":{"@id":"https:\/\/supereule.pl\/de\/schulungen-im-rahmen-des-projekts-erasmus\/#breadcrumb"},"inLanguage":"de","potentialAction":[{"@type":"ReadAction","target":["https:\/\/supereule.pl\/de\/schulungen-im-rahmen-des-projekts-erasmus\/"]}]},{"@type":"BreadcrumbList","@id":"https:\/\/supereule.pl\/de\/schulungen-im-rahmen-des-projekts-erasmus\/#breadcrumb","itemListElement":[{"@type":"ListItem","position":1,"name":"Home","item":"https:\/\/supereule.pl\/de\/"},{"@type":"ListItem","position":2,"name":"Lehrerzone","item":"https:\/\/supereule.pl\/de\/category\/lehrerzone\/"},{"@type":"ListItem","position":3,"name":"Fortbildung","item":"https:\/\/supereule.pl\/de\/category\/lehrerzone\/fortbildung\/"},{"@type":"ListItem","position":4,"name":"Schulungen im Rahmen des Projekts Erasmus+"}]},{"@type":"Person","@id":"https:\/\/supereule.pl\/de\/#\/schema\/person\/9abb1fee30c14f13b5130fd83da9c01f","name":"adapt-systems","image":{"@type":"ImageObject","inLanguage":"de","@id":"https:\/\/supereule.pl\/de\/#\/schema\/person\/image\/","url":"https:\/\/secure.gravatar.com\/avatar\/07f78fe850b014b20023ff13e301e400?s=96&d=mm&r=g","contentUrl":"https:\/\/secure.gravatar.com\/avatar\/07f78fe850b014b20023ff13e301e400?s=96&d=mm&r=g","caption":"adapt-systems"},"url":"https:\/\/supereule.pl\/de\/author\/adapt-systems\/"}]}},"_links":{"self":[{"href":"https:\/\/supereule.pl\/de\/wp-json\/wp\/v2\/posts\/2175"}],"collection":[{"href":"https:\/\/supereule.pl\/de\/wp-json\/wp\/v2\/posts"}],"about":[{"href":"https:\/\/supereule.pl\/de\/wp-json\/wp\/v2\/types\/post"}],"author":[{"embeddable":true,"href":"https:\/\/supereule.pl\/de\/wp-json\/wp\/v2\/users\/2"}],"replies":[{"embeddable":true,"href":"https:\/\/supereule.pl\/de\/wp-json\/wp\/v2\/comments?post=2175"}],"version-history":[{"count":1,"href":"https:\/\/supereule.pl\/de\/wp-json\/wp\/v2\/posts\/2175\/revisions"}],"predecessor-version":[{"id":2176,"href":"https:\/\/supereule.pl\/de\/wp-json\/wp\/v2\/posts\/2175\/revisions\/2176"}],"wp:featuredmedia":[{"embeddable":true,"href":"https:\/\/supereule.pl\/de\/wp-json\/wp\/v2\/media\/2173"}],"wp:attachment":[{"href":"https:\/\/supereule.pl\/de\/wp-json\/wp\/v2\/media?parent=2175"}],"wp:term":[{"taxonomy":"category","embeddable":true,"href":"https:\/\/supereule.pl\/de\/wp-json\/wp\/v2\/categories?post=2175"},{"taxonomy":"post_tag","embeddable":true,"href":"https:\/\/supereule.pl\/de\/wp-json\/wp\/v2\/tags?post=2175"}],"curies":[{"name":"wp","href":"https:\/\/api.w.org\/{rel}","templated":true}]}}