{"id":1466,"date":"2024-09-06T11:18:22","date_gmt":"2024-09-06T09:18:22","guid":{"rendered":"https:\/\/supereule.pl\/?p=1466"},"modified":"2026-03-18T09:38:35","modified_gmt":"2026-03-18T08:38:35","slug":"rechtsakte","status":"publish","type":"post","link":"https:\/\/supereule.pl\/de\/rechtsakte\/","title":{"rendered":"Rechtsakte und Schreiben des Ministeriums f\u00fcr Bildung und Wissenschaft"},"content":{"rendered":"<p><strong>Rechtsgrundlagen f\u00fcr den Minderheitensprachunterricht<\/strong><\/p>\n<ul>\n<li><a href=\"https:\/\/www.sejm.gov.pl\/prawo\/konst\/polski\/kon1.htm\">Verfassung der Republik Polen<\/a>, Artikel 35<\/li>\n<li><a href=\"https:\/\/isap.sejm.gov.pl\/isap.nsf\/download.xsp\/WDU19910950425\/O\/D19910425.pdf\">Gesetz vom 7. September 1991 \u00fcber das Bildungssystem.<\/a> Artikel 13<\/li>\n<li><a href=\"https:\/\/www.gov.pl\/web\/mniejszosci-narodowe-i-etniczne\/ustawa-o-mniejszosciach-narodowych-i-etnicznych-oraz-o-jezyku-regionalnym\">Das Gesetz vom 6. Januar 2005 \u00fcber nationale und ethnische Minderheiten sowie \u00fcber Regionalsprache<\/a>, Artikel 2.1, Artikel 6.1, Artikel 8<\/li>\n<li><a href=\"https:\/\/isap.sejm.gov.pl\/isap.nsf\/DocDetails.xsp?id=WDU20170001627\">Verordnung des Bildungsministers vom 18. August 2017<\/a>\u00fcber die Bedingungen und die Art und Weise der Aufgabenerf\u00fcllung durch Kinderg\u00e4rten, Schulen und \u00f6ffentliche Einrichtungen, die es erm\u00f6glichen, das Bewusstsein der nationalen, ethnischen und sprachlichen Identit\u00e4t von Sch\u00fclerinnen und Sch\u00fclern nationaler und ethnischer Minderheiten und Gemeinschaften, die die Regionalsprache verwenden, zu erhalten.<\/li>\n<li><a href=\"https:\/\/isap.sejm.gov.pl\/isap.nsf\/DocDetails.xsp?id=WDU20250001032\">Verordnung des Bildungsministers vom 28. Juli 2025 \u00fcber die Aufteilung des Gesamtbetrags der Bildungsausgaben auf die Gebietsk\u00f6rperschaften im Jahr 2026<\/a><\/li>\n<\/ul>\n<p><strong>Curricula &#8211; Reform 26<\/strong><\/p>\n<p><script src=\"https:\/\/supereule.pl\/wp-content\/plugins\/embed-extended\/assets\/js\/embed.js?ver=1.3.0\"><\/script><iframe class=\"ee-iframe\" sandbox=\"allow-scripts\" security=\"restricted\" src=\"https:\/\/supereule.pl\/wp-admin\/admin-ajax.php?action=embed_extended_iframe&#038;url=https:\/\/www.gov.pl\/web\/edukacja\/nowe-podstawy-programowe-wychowania-przedszkolnego-i-ksztalcenia-ogolnego-dla-szkoly-podstawowej-wraz-ze-zmianami-w-ramowych-planach-nauczania-dla-publicznych-szkol-podstawowych--rozporzadzenia-podpisane#secret=69ba648ca76c4\" title=\"\" data-secret=\"69ba648ca76c4\" width=\"600\" height=\"338\" frameborder=\"0\" marginwidth=\"0\" marginheight=\"0\" scrolling=\"no\" data-class=\"wp-embedded-content\"><\/iframe> <\/p>\n<ul>\n<li><a href=\"https:\/\/www.gov.pl\/web\/edukacja\/uszczuplone-podstawy-programowe--rozporzadzenia-podpisane\">Ver\u00e4ndertes Kerncurriculum aus dem Jahr 2024<\/a><\/li>\n<\/ul>\n<p><strong>Gesetzakte, die andere Fragen im Zusammenhang mit dem Unterricht von Minderheitensprachen regeln<\/strong><\/p>\n<ul>\n<li><a href=\"https:\/\/isap.sejm.gov.pl\/isap.nsf\/DocDetails.xsp?id=wdu20170000059\">Das Schulgesetz vom 14. Dezember 2016<\/a><\/li>\n<li><a href=\"https:\/\/isap.sejm.gov.pl\/isap.nsf\/download.xsp\/WDU20051191013\/O\/D20051013.pdf\">Verordnung des Ministers f\u00fcr Inneres und Verwaltung vom 16. Juni 2005 \u00fcber Diplome, Zeugnisse oder Bescheinigungen zum Nachweis von Kenntnissen einer Hilfssprache<\/a><\/li>\n<li><a href=\"https:\/\/isap.sejm.gov.pl\/isap.nsf\/download.xsp\/WDU20170001575\/O\/D20171575.pdf\">Verordnung des Bildungsministers vom 14. September 2023 \u00fcber die spezifischen Qualifikationen von Lehrern.<\/a><\/li>\n<li><a href=\"https:\/\/isap.sejm.gov.pl\/isap.nsf\/DocDetails.xsp?id=WDU20190000502\">Verordnung des Bildungsministeriums vom 28. Februar 2019<\/a> \u00fcber die detaillierte Organisation der \u00f6ffentlichen Schulen und \u00f6ffentlichen Kinderg\u00e4rten (Dauer des Unterrichts der Minderheitensprache im Kindergarten)<\/li>\n<li><a href=\"https:\/\/dziennikustaw.gov.pl\/DU\/2025\/778\" target=\"_blank\" rel=\"noopener\">Verordnung des Bildungsministeriums vom 13. Juni 2025<\/a> \u00fcber die Beurteilung, Einstufung und Versetzung von Sch\u00fclern an \u00f6ffentlichen Schulen (Gleichstellung von Minderheitensprachunterricht mit dem Unterricht einer modernen Fremdsprache oder Latein bzgl. der 7. und 8. Klasse an Grundschulen)<\/li>\n<\/ul>\n<p>&nbsp;<\/p>\n<p><strong>Schreiben des Ministeriums f\u00fcr Bildung und Wissenschaft<\/strong><\/p>\n<ul>\n<li><a href=\"https:\/\/supereule.pl\/wp-content\/uploads\/2022\/01\/Opinia-w-sprawie-mozliwosci-zwiekszenia-liczby-godzin-jezyka-niemieckiego-2.pdf\">Stellungnahme zur M\u00f6glichkeit der Erh\u00f6hung der Stundenzahl f\u00fcr\u00a0<em>Deutsch als Minderheitensprache<\/em><\/a>nach den \u00c4nderungen, die sich aus der\u00a0<a href=\"https:\/\/isap.sejm.gov.pl\/isap.nsf\/DocDetails.xsp?id=WDU20220000276\">Verordnung vom 4. Februar 2022<\/a>\u00a0ergeben (Reduzierung der Stundenzahl f\u00fcr den Unterricht von Deutsch als Minderheitensprache).<\/li>\n<li><a href=\"https:\/\/supereule.pl\/wp-content\/uploads\/2022\/01\/Pismo-MEN.-Kwalifikacje-nauczycieli-1.pdf\">Lehrbef\u00e4higung f\u00fcr das Fach\u00a0<em>Deutsch als Minderheitensprache<\/em><\/a>(Schreiben aus dem Jahr 2020)<\/li>\n<li><a href=\"https:\/\/view.officeapps.live.com\/op\/view.aspx?src=https%3A%2F%2Fsupereule.pl%2Fwp-content%2Fuploads%2F2022%2F01%2FKwalifikacje-do-nauczania-w-jezyku-niemieckim-1.docx&amp;wdOrigin=BROWSELINK\">Qualifikationen zum Unterrichten des Faches\u00a0<em>Deutsch als Minderheitensprache<\/em><\/a>(Schreiben aus dem Jahr 2022)<\/li>\n<li><a href=\"https:\/\/supereule.pl\/wp-content\/uploads\/2022\/01\/wiadectwo-ukoczenia-szkoy.pdf\">Schulzeugniseintr\u00e4ge.<\/a>F\u00e4cher: \u201eDeutsch als Minderheitensprache\u201c, \u201eGeschichte und Kultur der deutschen Minderheit\u201c, \u201eGeografie des Herkunftslandes der deutschen Minderheit\u201c<\/li>\n<li><a href=\"https:\/\/view.officeapps.live.com\/op\/view.aspx?src=https%3A%2F%2Fsupereule.pl%2Fwp-content%2Fuploads%2F2022%2F07%2FDKOPP-edukacja-wczesnoszkolna-w-dwoch-jezykach.docx&amp;wdOrigin=BROWSELINK\">Fr\u00fchschulische Bildung in zwei Sprachen.<\/a><\/li>\n<\/ul>\n<p>&nbsp;<\/p>\n<p><strong>Archivierte Verordnungen <\/strong><\/p>\n<ul>\n<li><a href=\"https:\/\/isap.sejm.gov.pl\/isap.nsf\/DocDetails.xsp?id=WDU20220000276\">Verordnung des Ministers f\u00fcr Bildung und Wissenschaft vom 4. Februar 2022<\/a>zur \u00c4nderung der Verordnung \u00fcber die Bedingungen und die Art und Weise der Erf\u00fcllung von Aufgaben durch \u00f6ffentliche Kinderg\u00e4rten, Schulen und Einrichtungen, die der Erhaltung des Gef\u00fchls der nationalen, ethnischen und sprachlichen Identit\u00e4t von Sch\u00fclerinnen und Sch\u00fclern dienen, die nationalen und ethnischen Minderheiten und Gemeinschaften angeh\u00f6ren, die eine Regionalsprache sprechen.<\/li>\n<li><a href=\"https:\/\/dziennikustaw.gov.pl\/DU\/2023\/2737\">Bekanntmachung des Ministers f\u00fcr Bildung und Wissenschaft<\/a> vom 21. November 2023 \u00fcber die Ver\u00f6ffentlichung des konsolidierten Textes der Verordnung des Ministers f\u00fcr nationale Bildung \u00fcber die Bedingungen und die Art und Weise der Erf\u00fcllung von Aufgaben durch \u00f6ffentliche Kinderg\u00e4rten, Schulen und Einrichtungen, die der Erhaltung des Gef\u00fchls der nationalen, ethnischen und sprachlichen Identit\u00e4t von Sch\u00fclern dienen, die nationalen und ethnischen Minderheiten und Gemeinschaften angeh\u00f6ren, die eine Regionalsprache sprechen.<\/li>\n<li><a href=\"https:\/\/isap.sejm.gov.pl\/isap.nsf\/DocDetails.xsp?id=WDU20240000144\">Verordnung des Ministers f\u00fcr Bildung und Wissenschaft<\/a> vom 2. Februar 2024 zur \u00c4nderung der Verordnung \u00fcber die Bedingungen und die Art und Weise der Erf\u00fcllung von Aufgaben durch \u00f6ffentliche Kinderg\u00e4rten, Schulen und Einrichtungen, die der Erhaltung des Gef\u00fchls der nationalen, ethnischen und sprachlichen Identit\u00e4t von Sch\u00fclern dienen, die nationalen und ethnischen Minderheiten und Gemeinschaften angeh\u00f6ren, die eine Regionalsprache sprechen.<\/li>\n<li><a href=\"https:\/\/isap.sejm.gov.pl\/isap.nsf\/DocDetails.xsp?id=WDU20220000352\">Verordnung des Ministers f\u00fcr Bildung und Wissenschaft vom 10. Februar 2022<\/a>zur \u00c4nderung der Verordnung \u00fcber die Art und Weise der Verteilung des Bildungsanteils der allgemeinen Subvention f\u00fcr die Selbstverwaltungen im Jahr 2022.<\/li>\n<li><a href=\"https:\/\/isap.sejm.gov.pl\/isap.nsf\/DocDetails.xsp?id=WDU20220002820\">Verordnung des Ministers f\u00fcr Bildung und Wissenschaft vom 22. Dezember 2022<\/a> \u00fcber die Art und Weise der Verteilung des Bildungsanteils der allgemeinen Subvention f\u00fcr die Selbstverwaltungen im Jahr 2023.<\/li>\n<li><a href=\"https:\/\/isap.sejm.gov.pl\/isap.nsf\/DocDetails.xsp?id=WDU20230002755\">Verordnung des Ministers f\u00fcr Bildung und Wissenschaft vom 8. Dezember 2023<\/a> \u00fcber die Art und Weise der Verteilung des Bildungsanteils der allgemeinen Subvention f\u00fcr die Selbstverwaltungen im Jahr 2024.<\/li>\n<li><a href=\"https:\/\/isap.sejm.gov.pl\/isap.nsf\/DocDetails.xsp?id=WDU20240000143\">Verordnung des Bildungsministers vom 2. Februar 2024<\/a> zur \u00c4nderung der Verordnung \u00fcber die Art und Weise der Verteilung des Bildungsanteils der allgemeinen Subvention f\u00fcr die Selbstverwaltungen im Jahr 2024.<\/li>\n<\/ul>\n","protected":false},"excerpt":{"rendered":"<p>Rechtsgrundlagen f\u00fcr den Minderheitensprachunterricht Verfassung der Republik Polen, Artikel 35 Gesetz vom 7. September 1991 \u00fcber das Bildungssystem. Artikel 13 Das Gesetz vom 6. Januar 2005 \u00fcber nationale und ethnische Minderheiten sowie \u00fcber Regionalsprache, Artikel 2.1, Artikel 6.1, Artikel 8 Verordnung des Bildungsministers vom 18. August 2017\u00fcber die Bedingungen und die Art und Weise der [&hellip;]<\/p>\n","protected":false},"author":6,"featured_media":2572,"comment_status":"open","ping_status":"open","sticky":false,"template":"","format":"standard","meta":[],"categories":[43],"tags":[],"acf":[],"yoast_head":"<!-- This site is optimized with the Yoast SEO plugin v18.9 - https:\/\/yoast.com\/wordpress\/plugins\/seo\/ -->\n<title>Rechtsakte und Schreiben des Ministeriums f\u00fcr Bildung und Wissenschaft - Supereule - Platforma edukacyjna Mniejszo\u015bci Niemieckiej<\/title>\n<meta name=\"robots\" content=\"index, follow, max-snippet:-1, max-image-preview:large, max-video-preview:-1\" \/>\n<link rel=\"canonical\" href=\"https:\/\/supereule.pl\/de\/rechtsakte\/\" \/>\n<meta property=\"og:locale\" content=\"de_DE\" \/>\n<meta property=\"og:type\" content=\"article\" \/>\n<meta property=\"og:title\" content=\"Rechtsakte und Schreiben des Ministeriums f\u00fcr Bildung und Wissenschaft - Supereule - Platforma edukacyjna Mniejszo\u015bci Niemieckiej\" \/>\n<meta property=\"og:description\" content=\"Rechtsgrundlagen f\u00fcr den Minderheitensprachunterricht Verfassung der Republik Polen, Artikel 35 Gesetz vom 7. September 1991 \u00fcber das Bildungssystem. Artikel 13 Das Gesetz vom 6. Januar 2005 \u00fcber nationale und ethnische Minderheiten sowie \u00fcber Regionalsprache, Artikel 2.1, Artikel 6.1, Artikel 8 Verordnung des Bildungsministers vom 18. August 2017\u00fcber die Bedingungen und die Art und Weise der [&hellip;]\" \/>\n<meta property=\"og:url\" content=\"https:\/\/supereule.pl\/de\/rechtsakte\/\" \/>\n<meta property=\"og:site_name\" content=\"Supereule - Platforma edukacyjna Mniejszo\u015bci Niemieckiej\" \/>\n<meta property=\"article:published_time\" content=\"2024-09-06T09:18:22+00:00\" \/>\n<meta property=\"article:modified_time\" content=\"2026-03-18T08:38:35+00:00\" \/>\n<meta property=\"og:image\" content=\"https:\/\/supereule.pl\/wp-content\/uploads\/2022\/03\/prawo.jpg\" \/>\n\t<meta property=\"og:image:width\" content=\"400\" \/>\n\t<meta property=\"og:image:height\" content=\"250\" \/>\n\t<meta property=\"og:image:type\" content=\"image\/jpeg\" \/>\n<meta name=\"twitter:card\" content=\"summary_large_image\" \/>\n<meta name=\"twitter:label1\" content=\"Verfasst von\" \/>\n\t<meta name=\"twitter:data1\" content=\"Edyta Opyd\" \/>\n\t<meta name=\"twitter:label2\" content=\"Gesch\u00e4tzte Lesezeit\" \/>\n\t<meta name=\"twitter:data2\" content=\"2\u00a0Minuten\" \/>\n<script type=\"application\/ld+json\" class=\"yoast-schema-graph\">{\"@context\":\"https:\/\/schema.org\",\"@graph\":[{\"@type\":\"WebSite\",\"@id\":\"https:\/\/supereule.pl\/de\/#website\",\"url\":\"https:\/\/supereule.pl\/de\/\",\"name\":\"Supereule - Platforma edukacyjna Mniejszo\u015bci Niemieckiej\",\"description\":\"\",\"potentialAction\":[{\"@type\":\"SearchAction\",\"target\":{\"@type\":\"EntryPoint\",\"urlTemplate\":\"https:\/\/supereule.pl\/de\/?s={search_term_string}\"},\"query-input\":\"required name=search_term_string\"}],\"inLanguage\":\"de\"},{\"@type\":\"ImageObject\",\"inLanguage\":\"de\",\"@id\":\"https:\/\/supereule.pl\/de\/rechtsakte\/#primaryimage\",\"url\":\"https:\/\/supereule.pl\/wp-content\/uploads\/2022\/03\/prawo.jpg\",\"contentUrl\":\"https:\/\/supereule.pl\/wp-content\/uploads\/2022\/03\/prawo.jpg\",\"width\":400,\"height\":250},{\"@type\":\"WebPage\",\"@id\":\"https:\/\/supereule.pl\/de\/rechtsakte\/#webpage\",\"url\":\"https:\/\/supereule.pl\/de\/rechtsakte\/\",\"name\":\"Rechtsakte und Schreiben des Ministeriums f\u00fcr Bildung und Wissenschaft - Supereule - Platforma edukacyjna Mniejszo\u015bci Niemieckiej\",\"isPartOf\":{\"@id\":\"https:\/\/supereule.pl\/de\/#website\"},\"primaryImageOfPage\":{\"@id\":\"https:\/\/supereule.pl\/de\/rechtsakte\/#primaryimage\"},\"datePublished\":\"2024-09-06T09:18:22+00:00\",\"dateModified\":\"2026-03-18T08:38:35+00:00\",\"author\":{\"@id\":\"https:\/\/supereule.pl\/de\/#\/schema\/person\/efe6bb9cc065a86e89ae3f27f2116c31\"},\"breadcrumb\":{\"@id\":\"https:\/\/supereule.pl\/de\/rechtsakte\/#breadcrumb\"},\"inLanguage\":\"de\",\"potentialAction\":[{\"@type\":\"ReadAction\",\"target\":[\"https:\/\/supereule.pl\/de\/rechtsakte\/\"]}]},{\"@type\":\"BreadcrumbList\",\"@id\":\"https:\/\/supereule.pl\/de\/rechtsakte\/#breadcrumb\",\"itemListElement\":[{\"@type\":\"ListItem\",\"position\":1,\"name\":\"Home\",\"item\":\"https:\/\/supereule.pl\/de\/\"},{\"@type\":\"ListItem\",\"position\":2,\"name\":\"Rechtszone\",\"item\":\"https:\/\/supereule.pl\/de\/category\/rechtszone\/\"},{\"@type\":\"ListItem\",\"position\":3,\"name\":\"Rechtsakte und Schreiben des Ministeriums f\u00fcr Bildung und Wissenschaft\"}]},{\"@type\":\"Person\",\"@id\":\"https:\/\/supereule.pl\/de\/#\/schema\/person\/efe6bb9cc065a86e89ae3f27f2116c31\",\"name\":\"Edyta Opyd\",\"image\":{\"@type\":\"ImageObject\",\"inLanguage\":\"de\",\"@id\":\"https:\/\/supereule.pl\/de\/#\/schema\/person\/image\/\",\"url\":\"https:\/\/secure.gravatar.com\/avatar\/741fe069387a49deaf79d28189ef38a5?s=96&d=mm&r=g\",\"contentUrl\":\"https:\/\/secure.gravatar.com\/avatar\/741fe069387a49deaf79d28189ef38a5?s=96&d=mm&r=g\",\"caption\":\"Edyta Opyd\"},\"url\":\"https:\/\/supereule.pl\/de\/author\/edyta\/\"}]}<\/script>\n<!-- \/ Yoast SEO plugin. -->","yoast_head_json":{"title":"Rechtsakte und Schreiben des Ministeriums f\u00fcr Bildung und Wissenschaft - Supereule - Platforma edukacyjna Mniejszo\u015bci Niemieckiej","robots":{"index":"index","follow":"follow","max-snippet":"max-snippet:-1","max-image-preview":"max-image-preview:large","max-video-preview":"max-video-preview:-1"},"canonical":"https:\/\/supereule.pl\/de\/rechtsakte\/","og_locale":"de_DE","og_type":"article","og_title":"Rechtsakte und Schreiben des Ministeriums f\u00fcr Bildung und Wissenschaft - Supereule - Platforma edukacyjna Mniejszo\u015bci Niemieckiej","og_description":"Rechtsgrundlagen f\u00fcr den Minderheitensprachunterricht Verfassung der Republik Polen, Artikel 35 Gesetz vom 7. September 1991 \u00fcber das Bildungssystem. Artikel 13 Das Gesetz vom 6. Januar 2005 \u00fcber nationale und ethnische Minderheiten sowie \u00fcber Regionalsprache, Artikel 2.1, Artikel 6.1, Artikel 8 Verordnung des Bildungsministers vom 18. August 2017\u00fcber die Bedingungen und die Art und Weise der [&hellip;]","og_url":"https:\/\/supereule.pl\/de\/rechtsakte\/","og_site_name":"Supereule - Platforma edukacyjna Mniejszo\u015bci Niemieckiej","article_published_time":"2024-09-06T09:18:22+00:00","article_modified_time":"2026-03-18T08:38:35+00:00","og_image":[{"width":400,"height":250,"url":"https:\/\/supereule.pl\/wp-content\/uploads\/2022\/03\/prawo.jpg","type":"image\/jpeg"}],"twitter_card":"summary_large_image","twitter_misc":{"Verfasst von":"Edyta Opyd","Gesch\u00e4tzte Lesezeit":"2\u00a0Minuten"},"schema":{"@context":"https:\/\/schema.org","@graph":[{"@type":"WebSite","@id":"https:\/\/supereule.pl\/de\/#website","url":"https:\/\/supereule.pl\/de\/","name":"Supereule - Platforma edukacyjna Mniejszo\u015bci Niemieckiej","description":"","potentialAction":[{"@type":"SearchAction","target":{"@type":"EntryPoint","urlTemplate":"https:\/\/supereule.pl\/de\/?s={search_term_string}"},"query-input":"required name=search_term_string"}],"inLanguage":"de"},{"@type":"ImageObject","inLanguage":"de","@id":"https:\/\/supereule.pl\/de\/rechtsakte\/#primaryimage","url":"https:\/\/supereule.pl\/wp-content\/uploads\/2022\/03\/prawo.jpg","contentUrl":"https:\/\/supereule.pl\/wp-content\/uploads\/2022\/03\/prawo.jpg","width":400,"height":250},{"@type":"WebPage","@id":"https:\/\/supereule.pl\/de\/rechtsakte\/#webpage","url":"https:\/\/supereule.pl\/de\/rechtsakte\/","name":"Rechtsakte und Schreiben des Ministeriums f\u00fcr Bildung und Wissenschaft - Supereule - Platforma edukacyjna Mniejszo\u015bci Niemieckiej","isPartOf":{"@id":"https:\/\/supereule.pl\/de\/#website"},"primaryImageOfPage":{"@id":"https:\/\/supereule.pl\/de\/rechtsakte\/#primaryimage"},"datePublished":"2024-09-06T09:18:22+00:00","dateModified":"2026-03-18T08:38:35+00:00","author":{"@id":"https:\/\/supereule.pl\/de\/#\/schema\/person\/efe6bb9cc065a86e89ae3f27f2116c31"},"breadcrumb":{"@id":"https:\/\/supereule.pl\/de\/rechtsakte\/#breadcrumb"},"inLanguage":"de","potentialAction":[{"@type":"ReadAction","target":["https:\/\/supereule.pl\/de\/rechtsakte\/"]}]},{"@type":"BreadcrumbList","@id":"https:\/\/supereule.pl\/de\/rechtsakte\/#breadcrumb","itemListElement":[{"@type":"ListItem","position":1,"name":"Home","item":"https:\/\/supereule.pl\/de\/"},{"@type":"ListItem","position":2,"name":"Rechtszone","item":"https:\/\/supereule.pl\/de\/category\/rechtszone\/"},{"@type":"ListItem","position":3,"name":"Rechtsakte und Schreiben des Ministeriums f\u00fcr Bildung und Wissenschaft"}]},{"@type":"Person","@id":"https:\/\/supereule.pl\/de\/#\/schema\/person\/efe6bb9cc065a86e89ae3f27f2116c31","name":"Edyta Opyd","image":{"@type":"ImageObject","inLanguage":"de","@id":"https:\/\/supereule.pl\/de\/#\/schema\/person\/image\/","url":"https:\/\/secure.gravatar.com\/avatar\/741fe069387a49deaf79d28189ef38a5?s=96&d=mm&r=g","contentUrl":"https:\/\/secure.gravatar.com\/avatar\/741fe069387a49deaf79d28189ef38a5?s=96&d=mm&r=g","caption":"Edyta Opyd"},"url":"https:\/\/supereule.pl\/de\/author\/edyta\/"}]}},"_links":{"self":[{"href":"https:\/\/supereule.pl\/de\/wp-json\/wp\/v2\/posts\/1466"}],"collection":[{"href":"https:\/\/supereule.pl\/de\/wp-json\/wp\/v2\/posts"}],"about":[{"href":"https:\/\/supereule.pl\/de\/wp-json\/wp\/v2\/types\/post"}],"author":[{"embeddable":true,"href":"https:\/\/supereule.pl\/de\/wp-json\/wp\/v2\/users\/6"}],"replies":[{"embeddable":true,"href":"https:\/\/supereule.pl\/de\/wp-json\/wp\/v2\/comments?post=1466"}],"version-history":[{"count":22,"href":"https:\/\/supereule.pl\/de\/wp-json\/wp\/v2\/posts\/1466\/revisions"}],"predecessor-version":[{"id":11481,"href":"https:\/\/supereule.pl\/de\/wp-json\/wp\/v2\/posts\/1466\/revisions\/11481"}],"wp:featuredmedia":[{"embeddable":true,"href":"https:\/\/supereule.pl\/de\/wp-json\/wp\/v2\/media\/2572"}],"wp:attachment":[{"href":"https:\/\/supereule.pl\/de\/wp-json\/wp\/v2\/media?parent=1466"}],"wp:term":[{"taxonomy":"category","embeddable":true,"href":"https:\/\/supereule.pl\/de\/wp-json\/wp\/v2\/categories?post=1466"},{"taxonomy":"post_tag","embeddable":true,"href":"https:\/\/supereule.pl\/de\/wp-json\/wp\/v2\/tags?post=1466"}],"curies":[{"name":"wp","href":"https:\/\/api.w.org\/{rel}","templated":true}]}}