{"id":1290,"date":"2022-01-27T11:26:48","date_gmt":"2022-01-27T10:26:48","guid":{"rendered":"http:\/\/supereule.pl\/gruss-aus-oppeln\/"},"modified":"2022-03-11T00:38:44","modified_gmt":"2022-03-10T23:38:44","slug":"gruss-aus-oppeln","status":"publish","type":"post","link":"https:\/\/supereule.pl\/de\/gruss-aus-oppeln\/","title":{"rendered":"Gruss aus Oppeln"},"content":{"rendered":"<p>Die Sozial-Kulturelle Gesellschaft der Deutschen produzierte im Jahre 2017 einen Dokumentarfilm unter diesem Titel, der das Leben in der Vorkriegszeit in der Stadt Oppeln widerspiegelt. Aussagen von Zeitzeugen wurden dank der M\u00f6glichkeiten der modernen Technik noch mehr bildhaft gemacht und mit dem heutigen historischen Wissen erg\u00e4nzt, so dass sie ein klares Bild einer Stadt mit seiner sozialen Lage, Infrastruktur und wirtschaftlicher Lage darstellen. Der Film ist nicht nur f\u00fcr die Bewohner der Stadt Oppeln interessant, sondern auch f\u00fcr all diejenigen, die sich f\u00fcr Geschichte und Kultur damals interessieren, f\u00fcr alle Schlesienliebende sowie f\u00fcr Deutschlehrende und -Lernende.<\/p>\n","protected":false},"excerpt":{"rendered":"<p>Die Sozial-Kulturelle Gesellschaft der Deutschen produzierte im Jahre 2017 einen Dokumentarfilm unter diesem Titel, der das Leben in der Vorkriegszeit in der Stadt Oppeln widerspiegelt. Aussagen von Zeitzeugen wurden dank der M\u00f6glichkeiten der modernen Technik noch mehr bildhaft gemacht und mit dem heutigen historischen Wissen erg\u00e4nzt, so dass sie ein klares Bild einer Stadt mit [&hellip;]<\/p>\n","protected":false},"author":6,"featured_media":1288,"comment_status":"open","ping_status":"open","sticky":false,"template":"","format":"standard","meta":[],"categories":[82,72],"tags":[],"acf":[],"yoast_head":"<!-- This site is optimized with the Yoast SEO plugin v18.9 - https:\/\/yoast.com\/wordpress\/plugins\/seo\/ -->\n<title>Gruss aus Oppeln - Supereule - Platforma edukacyjna Mniejszo\u015bci Niemieckiej<\/title>\n<meta name=\"robots\" content=\"index, follow, max-snippet:-1, max-image-preview:large, max-video-preview:-1\" \/>\n<link rel=\"canonical\" href=\"https:\/\/supereule.pl\/de\/gruss-aus-oppeln\/\" \/>\n<meta property=\"og:locale\" content=\"de_DE\" \/>\n<meta property=\"og:type\" content=\"article\" \/>\n<meta property=\"og:title\" content=\"Gruss aus Oppeln - Supereule - Platforma edukacyjna Mniejszo\u015bci Niemieckiej\" \/>\n<meta property=\"og:description\" content=\"Die Sozial-Kulturelle Gesellschaft der Deutschen produzierte im Jahre 2017 einen Dokumentarfilm unter diesem Titel, der das Leben in der Vorkriegszeit in der Stadt Oppeln widerspiegelt. Aussagen von Zeitzeugen wurden dank der M\u00f6glichkeiten der modernen Technik noch mehr bildhaft gemacht und mit dem heutigen historischen Wissen erg\u00e4nzt, so dass sie ein klares Bild einer Stadt mit [&hellip;]\" \/>\n<meta property=\"og:url\" content=\"https:\/\/supereule.pl\/de\/gruss-aus-oppeln\/\" \/>\n<meta property=\"og:site_name\" content=\"Supereule - Platforma edukacyjna Mniejszo\u015bci Niemieckiej\" \/>\n<meta property=\"article:published_time\" content=\"2022-01-27T10:26:48+00:00\" \/>\n<meta property=\"article:modified_time\" content=\"2022-03-10T23:38:44+00:00\" \/>\n<meta property=\"og:image\" content=\"https:\/\/supereule.pl\/wp-content\/uploads\/2022\/01\/N-35-Gruss.jpg\" \/>\n\t<meta property=\"og:image:width\" content=\"644\" \/>\n\t<meta property=\"og:image:height\" content=\"600\" \/>\n\t<meta property=\"og:image:type\" content=\"image\/jpeg\" \/>\n<meta name=\"twitter:card\" content=\"summary_large_image\" \/>\n<meta name=\"twitter:label1\" content=\"Verfasst von\" \/>\n\t<meta name=\"twitter:data1\" content=\"Edyta Opyd\" \/>\n\t<meta name=\"twitter:label2\" content=\"Gesch\u00e4tzte Lesezeit\" \/>\n\t<meta name=\"twitter:data2\" content=\"1\u00a0Minute\" \/>\n<script type=\"application\/ld+json\" class=\"yoast-schema-graph\">{\"@context\":\"https:\/\/schema.org\",\"@graph\":[{\"@type\":\"WebSite\",\"@id\":\"https:\/\/supereule.pl\/de\/#website\",\"url\":\"https:\/\/supereule.pl\/de\/\",\"name\":\"Supereule - Platforma edukacyjna Mniejszo\u015bci Niemieckiej\",\"description\":\"\",\"potentialAction\":[{\"@type\":\"SearchAction\",\"target\":{\"@type\":\"EntryPoint\",\"urlTemplate\":\"https:\/\/supereule.pl\/de\/?s={search_term_string}\"},\"query-input\":\"required name=search_term_string\"}],\"inLanguage\":\"de\"},{\"@type\":\"ImageObject\",\"inLanguage\":\"de\",\"@id\":\"https:\/\/supereule.pl\/de\/gruss-aus-oppeln\/#primaryimage\",\"url\":\"https:\/\/supereule.pl\/wp-content\/uploads\/2022\/01\/N-35-Gruss.jpg\",\"contentUrl\":\"https:\/\/supereule.pl\/wp-content\/uploads\/2022\/01\/N-35-Gruss.jpg\",\"width\":644,\"height\":600},{\"@type\":\"WebPage\",\"@id\":\"https:\/\/supereule.pl\/de\/gruss-aus-oppeln\/#webpage\",\"url\":\"https:\/\/supereule.pl\/de\/gruss-aus-oppeln\/\",\"name\":\"Gruss aus Oppeln - Supereule - Platforma edukacyjna Mniejszo\u015bci Niemieckiej\",\"isPartOf\":{\"@id\":\"https:\/\/supereule.pl\/de\/#website\"},\"primaryImageOfPage\":{\"@id\":\"https:\/\/supereule.pl\/de\/gruss-aus-oppeln\/#primaryimage\"},\"datePublished\":\"2022-01-27T10:26:48+00:00\",\"dateModified\":\"2022-03-10T23:38:44+00:00\",\"author\":{\"@id\":\"https:\/\/supereule.pl\/de\/#\/schema\/person\/efe6bb9cc065a86e89ae3f27f2116c31\"},\"breadcrumb\":{\"@id\":\"https:\/\/supereule.pl\/de\/gruss-aus-oppeln\/#breadcrumb\"},\"inLanguage\":\"de\",\"potentialAction\":[{\"@type\":\"ReadAction\",\"target\":[\"https:\/\/supereule.pl\/de\/gruss-aus-oppeln\/\"]}]},{\"@type\":\"BreadcrumbList\",\"@id\":\"https:\/\/supereule.pl\/de\/gruss-aus-oppeln\/#breadcrumb\",\"itemListElement\":[{\"@type\":\"ListItem\",\"position\":1,\"name\":\"Home\",\"item\":\"https:\/\/supereule.pl\/de\/\"},{\"@type\":\"ListItem\",\"position\":2,\"name\":\"Lehrerzone\",\"item\":\"https:\/\/supereule.pl\/de\/category\/lehrerzone\/\"},{\"@type\":\"ListItem\",\"position\":3,\"name\":\"Gruss aus Oppeln\"}]},{\"@type\":\"Person\",\"@id\":\"https:\/\/supereule.pl\/de\/#\/schema\/person\/efe6bb9cc065a86e89ae3f27f2116c31\",\"name\":\"Edyta Opyd\",\"image\":{\"@type\":\"ImageObject\",\"inLanguage\":\"de\",\"@id\":\"https:\/\/supereule.pl\/de\/#\/schema\/person\/image\/\",\"url\":\"https:\/\/secure.gravatar.com\/avatar\/741fe069387a49deaf79d28189ef38a5?s=96&d=mm&r=g\",\"contentUrl\":\"https:\/\/secure.gravatar.com\/avatar\/741fe069387a49deaf79d28189ef38a5?s=96&d=mm&r=g\",\"caption\":\"Edyta Opyd\"},\"url\":\"https:\/\/supereule.pl\/de\/author\/edyta\/\"}]}<\/script>\n<!-- \/ Yoast SEO plugin. -->","yoast_head_json":{"title":"Gruss aus Oppeln - Supereule - Platforma edukacyjna Mniejszo\u015bci Niemieckiej","robots":{"index":"index","follow":"follow","max-snippet":"max-snippet:-1","max-image-preview":"max-image-preview:large","max-video-preview":"max-video-preview:-1"},"canonical":"https:\/\/supereule.pl\/de\/gruss-aus-oppeln\/","og_locale":"de_DE","og_type":"article","og_title":"Gruss aus Oppeln - Supereule - Platforma edukacyjna Mniejszo\u015bci Niemieckiej","og_description":"Die Sozial-Kulturelle Gesellschaft der Deutschen produzierte im Jahre 2017 einen Dokumentarfilm unter diesem Titel, der das Leben in der Vorkriegszeit in der Stadt Oppeln widerspiegelt. Aussagen von Zeitzeugen wurden dank der M\u00f6glichkeiten der modernen Technik noch mehr bildhaft gemacht und mit dem heutigen historischen Wissen erg\u00e4nzt, so dass sie ein klares Bild einer Stadt mit [&hellip;]","og_url":"https:\/\/supereule.pl\/de\/gruss-aus-oppeln\/","og_site_name":"Supereule - Platforma edukacyjna Mniejszo\u015bci Niemieckiej","article_published_time":"2022-01-27T10:26:48+00:00","article_modified_time":"2022-03-10T23:38:44+00:00","og_image":[{"width":644,"height":600,"url":"https:\/\/supereule.pl\/wp-content\/uploads\/2022\/01\/N-35-Gruss.jpg","type":"image\/jpeg"}],"twitter_card":"summary_large_image","twitter_misc":{"Verfasst von":"Edyta Opyd","Gesch\u00e4tzte Lesezeit":"1\u00a0Minute"},"schema":{"@context":"https:\/\/schema.org","@graph":[{"@type":"WebSite","@id":"https:\/\/supereule.pl\/de\/#website","url":"https:\/\/supereule.pl\/de\/","name":"Supereule - Platforma edukacyjna Mniejszo\u015bci Niemieckiej","description":"","potentialAction":[{"@type":"SearchAction","target":{"@type":"EntryPoint","urlTemplate":"https:\/\/supereule.pl\/de\/?s={search_term_string}"},"query-input":"required name=search_term_string"}],"inLanguage":"de"},{"@type":"ImageObject","inLanguage":"de","@id":"https:\/\/supereule.pl\/de\/gruss-aus-oppeln\/#primaryimage","url":"https:\/\/supereule.pl\/wp-content\/uploads\/2022\/01\/N-35-Gruss.jpg","contentUrl":"https:\/\/supereule.pl\/wp-content\/uploads\/2022\/01\/N-35-Gruss.jpg","width":644,"height":600},{"@type":"WebPage","@id":"https:\/\/supereule.pl\/de\/gruss-aus-oppeln\/#webpage","url":"https:\/\/supereule.pl\/de\/gruss-aus-oppeln\/","name":"Gruss aus Oppeln - Supereule - Platforma edukacyjna Mniejszo\u015bci Niemieckiej","isPartOf":{"@id":"https:\/\/supereule.pl\/de\/#website"},"primaryImageOfPage":{"@id":"https:\/\/supereule.pl\/de\/gruss-aus-oppeln\/#primaryimage"},"datePublished":"2022-01-27T10:26:48+00:00","dateModified":"2022-03-10T23:38:44+00:00","author":{"@id":"https:\/\/supereule.pl\/de\/#\/schema\/person\/efe6bb9cc065a86e89ae3f27f2116c31"},"breadcrumb":{"@id":"https:\/\/supereule.pl\/de\/gruss-aus-oppeln\/#breadcrumb"},"inLanguage":"de","potentialAction":[{"@type":"ReadAction","target":["https:\/\/supereule.pl\/de\/gruss-aus-oppeln\/"]}]},{"@type":"BreadcrumbList","@id":"https:\/\/supereule.pl\/de\/gruss-aus-oppeln\/#breadcrumb","itemListElement":[{"@type":"ListItem","position":1,"name":"Home","item":"https:\/\/supereule.pl\/de\/"},{"@type":"ListItem","position":2,"name":"Lehrerzone","item":"https:\/\/supereule.pl\/de\/category\/lehrerzone\/"},{"@type":"ListItem","position":3,"name":"Gruss aus Oppeln"}]},{"@type":"Person","@id":"https:\/\/supereule.pl\/de\/#\/schema\/person\/efe6bb9cc065a86e89ae3f27f2116c31","name":"Edyta Opyd","image":{"@type":"ImageObject","inLanguage":"de","@id":"https:\/\/supereule.pl\/de\/#\/schema\/person\/image\/","url":"https:\/\/secure.gravatar.com\/avatar\/741fe069387a49deaf79d28189ef38a5?s=96&d=mm&r=g","contentUrl":"https:\/\/secure.gravatar.com\/avatar\/741fe069387a49deaf79d28189ef38a5?s=96&d=mm&r=g","caption":"Edyta Opyd"},"url":"https:\/\/supereule.pl\/de\/author\/edyta\/"}]}},"_links":{"self":[{"href":"https:\/\/supereule.pl\/de\/wp-json\/wp\/v2\/posts\/1290"}],"collection":[{"href":"https:\/\/supereule.pl\/de\/wp-json\/wp\/v2\/posts"}],"about":[{"href":"https:\/\/supereule.pl\/de\/wp-json\/wp\/v2\/types\/post"}],"author":[{"embeddable":true,"href":"https:\/\/supereule.pl\/de\/wp-json\/wp\/v2\/users\/6"}],"replies":[{"embeddable":true,"href":"https:\/\/supereule.pl\/de\/wp-json\/wp\/v2\/comments?post=1290"}],"version-history":[{"count":3,"href":"https:\/\/supereule.pl\/de\/wp-json\/wp\/v2\/posts\/1290\/revisions"}],"predecessor-version":[{"id":2374,"href":"https:\/\/supereule.pl\/de\/wp-json\/wp\/v2\/posts\/1290\/revisions\/2374"}],"wp:featuredmedia":[{"embeddable":true,"href":"https:\/\/supereule.pl\/de\/wp-json\/wp\/v2\/media\/1288"}],"wp:attachment":[{"href":"https:\/\/supereule.pl\/de\/wp-json\/wp\/v2\/media?parent=1290"}],"wp:term":[{"taxonomy":"category","embeddable":true,"href":"https:\/\/supereule.pl\/de\/wp-json\/wp\/v2\/categories?post=1290"},{"taxonomy":"post_tag","embeddable":true,"href":"https:\/\/supereule.pl\/de\/wp-json\/wp\/v2\/tags?post=1290"}],"curies":[{"name":"wp","href":"https:\/\/api.w.org\/{rel}","templated":true}]}}