{"id":11638,"date":"2026-04-27T13:43:42","date_gmt":"2026-04-27T11:43:42","guid":{"rendered":"https:\/\/supereule.pl\/elom-trwa-proces-rekrutacji\/"},"modified":"2026-04-27T13:44:24","modified_gmt":"2026-04-27T11:44:24","slug":"elom-bewerbungsphase-laeuft","status":"publish","type":"post","link":"https:\/\/supereule.pl\/de\/elom-bewerbungsphase-laeuft\/","title":{"rendered":"ELOm \u2013 Bewerbungsphase l\u00e4uft"},"content":{"rendered":"<p style=\"text-align: justify;\"><strong>ELOm is back! <\/strong>Die Bewerbung f\u00fcr die 10. Jubil\u00e4umsausgabe des Leadership-Programms f\u00fcr junge Mitglieder der deutschen Minderheit ist gestartet! Das ist kein gew\u00f6hnliches Projekt \u2013 sondern ein Raum f\u00fcr alle, die aktiv werden, Erfahrungen sammeln und etwas bewegen wollen.<\/p>\n<p style=\"text-align: justify;\">Im Programm u. a.:<\/p>\n<ul>\n<li style=\"text-align: justify;\">5-t\u00e4gige Leadership School in \u015awinouj\u015bcie,<\/li>\n<li style=\"text-align: justify;\">Trainings und Workshops zur Kompetenzentwicklung,<\/li>\n<li style=\"text-align: justify;\">eigenes soziales oder kulturelles Projekt,<\/li>\n<li style=\"text-align: justify;\">Mentoring und Unterst\u00fctzung,<\/li>\n<li style=\"text-align: justify;\">Abschluss: Alumni-Kongress und Leadership-Gala.<\/li>\n<\/ul>\n<p style=\"text-align: justify;\"><strong>Bewerbung<\/strong> bis 03.05.2026<\/p>\n<p style=\"text-align: justify;\">Begrenzte Teilnehmerzahl<\/p>\n<p style=\"text-align: justify;\"><strong>Bewerbungsformular<\/strong>: <span style=\"color: #ff0000;\"><a style=\"color: #ff0000;\" href=\"https:\/\/forms.gle\/tVPsFNaRNeiyhGM67\">https:\/\/forms.gle\/tVPsFNaRNeiyhGM67<\/a><\/span><\/p>\n<p style=\"text-align: justify;\"><strong>Kontakt<\/strong>: Projektkoordinatorin: Wiktoria Pili\u0144ska E-Mail: wiktoria.pilinska@haus.pl Telefon: +48 77 402 51 05<\/p>\n<p>Projekttr\u00e4ger: Haus der Deutsch-Polnischen Zusammenarbeit<\/p>\n","protected":false},"excerpt":{"rendered":"<p>ELOm is back! Die Bewerbung f\u00fcr die 10. Jubil\u00e4umsausgabe des Leadership-Programms f\u00fcr junge Mitglieder der deutschen Minderheit ist gestartet! Das ist kein gew\u00f6hnliches Projekt \u2013 sondern ein Raum f\u00fcr alle, die aktiv werden, Erfahrungen sammeln und etwas bewegen wollen. Im Programm u. a.: 5-t\u00e4gige Leadership School in \u015awinouj\u015bcie, Trainings und Workshops zur Kompetenzentwicklung, eigenes soziales [&hellip;]<\/p>\n","protected":false},"author":7,"featured_media":11636,"comment_status":"closed","ping_status":"closed","sticky":false,"template":"","format":"standard","meta":[],"categories":[61],"tags":[],"acf":[],"yoast_head":"<!-- This site is optimized with the Yoast SEO plugin v18.9 - https:\/\/yoast.com\/wordpress\/plugins\/seo\/ -->\n<title>ELOm \u2013 Bewerbungsphase l\u00e4uft - Supereule - Platforma edukacyjna Mniejszo\u015bci Niemieckiej<\/title>\n<meta name=\"robots\" content=\"index, follow, max-snippet:-1, max-image-preview:large, max-video-preview:-1\" \/>\n<link rel=\"canonical\" href=\"https:\/\/supereule.pl\/de\/elom-bewerbungsphase-laeuft\/\" \/>\n<meta property=\"og:locale\" content=\"de_DE\" \/>\n<meta property=\"og:type\" content=\"article\" \/>\n<meta property=\"og:title\" content=\"ELOm \u2013 Bewerbungsphase l\u00e4uft - Supereule - Platforma edukacyjna Mniejszo\u015bci Niemieckiej\" \/>\n<meta property=\"og:description\" content=\"ELOm is back! Die Bewerbung f\u00fcr die 10. Jubil\u00e4umsausgabe des Leadership-Programms f\u00fcr junge Mitglieder der deutschen Minderheit ist gestartet! Das ist kein gew\u00f6hnliches Projekt \u2013 sondern ein Raum f\u00fcr alle, die aktiv werden, Erfahrungen sammeln und etwas bewegen wollen. Im Programm u. a.: 5-t\u00e4gige Leadership School in \u015awinouj\u015bcie, Trainings und Workshops zur Kompetenzentwicklung, eigenes soziales [&hellip;]\" \/>\n<meta property=\"og:url\" content=\"https:\/\/supereule.pl\/de\/elom-bewerbungsphase-laeuft\/\" \/>\n<meta property=\"og:site_name\" content=\"Supereule - Platforma edukacyjna Mniejszo\u015bci Niemieckiej\" \/>\n<meta property=\"article:published_time\" content=\"2026-04-27T11:43:42+00:00\" \/>\n<meta property=\"article:modified_time\" content=\"2026-04-27T11:44:24+00:00\" \/>\n<meta property=\"og:image\" content=\"https:\/\/supereule.pl\/wp-content\/uploads\/2026\/04\/678418904_1448448537082706_7749115398299439189_n.jpg\" \/>\n\t<meta property=\"og:image:width\" content=\"1080\" \/>\n\t<meta property=\"og:image:height\" content=\"1350\" \/>\n\t<meta property=\"og:image:type\" content=\"image\/jpeg\" \/>\n<meta name=\"twitter:card\" content=\"summary_large_image\" \/>\n<meta name=\"twitter:label1\" content=\"Verfasst von\" \/>\n\t<meta name=\"twitter:data1\" content=\"Maria Smarzoch\" \/>\n\t<meta name=\"twitter:label2\" content=\"Gesch\u00e4tzte Lesezeit\" \/>\n\t<meta name=\"twitter:data2\" content=\"1\u00a0Minute\" \/>\n<script type=\"application\/ld+json\" class=\"yoast-schema-graph\">{\"@context\":\"https:\/\/schema.org\",\"@graph\":[{\"@type\":\"WebSite\",\"@id\":\"https:\/\/supereule.pl\/de\/#website\",\"url\":\"https:\/\/supereule.pl\/de\/\",\"name\":\"Supereule - Platforma edukacyjna Mniejszo\u015bci Niemieckiej\",\"description\":\"\",\"potentialAction\":[{\"@type\":\"SearchAction\",\"target\":{\"@type\":\"EntryPoint\",\"urlTemplate\":\"https:\/\/supereule.pl\/de\/?s={search_term_string}\"},\"query-input\":\"required name=search_term_string\"}],\"inLanguage\":\"de\"},{\"@type\":\"ImageObject\",\"inLanguage\":\"de\",\"@id\":\"https:\/\/supereule.pl\/de\/elom-bewerbungsphase-laeuft\/#primaryimage\",\"url\":\"https:\/\/supereule.pl\/wp-content\/uploads\/2026\/04\/678418904_1448448537082706_7749115398299439189_n.jpg\",\"contentUrl\":\"https:\/\/supereule.pl\/wp-content\/uploads\/2026\/04\/678418904_1448448537082706_7749115398299439189_n.jpg\",\"width\":1080,\"height\":1350},{\"@type\":\"WebPage\",\"@id\":\"https:\/\/supereule.pl\/de\/elom-bewerbungsphase-laeuft\/#webpage\",\"url\":\"https:\/\/supereule.pl\/de\/elom-bewerbungsphase-laeuft\/\",\"name\":\"ELOm \u2013 Bewerbungsphase l\u00e4uft - Supereule - Platforma edukacyjna Mniejszo\u015bci Niemieckiej\",\"isPartOf\":{\"@id\":\"https:\/\/supereule.pl\/de\/#website\"},\"primaryImageOfPage\":{\"@id\":\"https:\/\/supereule.pl\/de\/elom-bewerbungsphase-laeuft\/#primaryimage\"},\"datePublished\":\"2026-04-27T11:43:42+00:00\",\"dateModified\":\"2026-04-27T11:44:24+00:00\",\"author\":{\"@id\":\"https:\/\/supereule.pl\/de\/#\/schema\/person\/1e411a06175b0baa4c1e0be104b982cd\"},\"breadcrumb\":{\"@id\":\"https:\/\/supereule.pl\/de\/elom-bewerbungsphase-laeuft\/#breadcrumb\"},\"inLanguage\":\"de\",\"potentialAction\":[{\"@type\":\"ReadAction\",\"target\":[\"https:\/\/supereule.pl\/de\/elom-bewerbungsphase-laeuft\/\"]}]},{\"@type\":\"BreadcrumbList\",\"@id\":\"https:\/\/supereule.pl\/de\/elom-bewerbungsphase-laeuft\/#breadcrumb\",\"itemListElement\":[{\"@type\":\"ListItem\",\"position\":1,\"name\":\"Home\",\"item\":\"https:\/\/supereule.pl\/de\/\"},{\"@type\":\"ListItem\",\"position\":2,\"name\":\"Sch\u00fcler \/ Eltern\",\"item\":\"https:\/\/supereule.pl\/de\/category\/schueler-eltern\/\"},{\"@type\":\"ListItem\",\"position\":3,\"name\":\"ELOm \u2013 Bewerbungsphase l\u00e4uft\"}]},{\"@type\":\"Person\",\"@id\":\"https:\/\/supereule.pl\/de\/#\/schema\/person\/1e411a06175b0baa4c1e0be104b982cd\",\"name\":\"Maria Smarzoch\",\"image\":{\"@type\":\"ImageObject\",\"inLanguage\":\"de\",\"@id\":\"https:\/\/supereule.pl\/de\/#\/schema\/person\/image\/\",\"url\":\"https:\/\/secure.gravatar.com\/avatar\/bc959eab426354ddf82911ebc9552b60?s=96&d=mm&r=g\",\"contentUrl\":\"https:\/\/secure.gravatar.com\/avatar\/bc959eab426354ddf82911ebc9552b60?s=96&d=mm&r=g\",\"caption\":\"Maria Smarzoch\"},\"url\":\"https:\/\/supereule.pl\/de\/author\/maria-smarzochvdg-pl\/\"}]}<\/script>\n<!-- \/ Yoast SEO plugin. -->","yoast_head_json":{"title":"ELOm \u2013 Bewerbungsphase l\u00e4uft - Supereule - Platforma edukacyjna Mniejszo\u015bci Niemieckiej","robots":{"index":"index","follow":"follow","max-snippet":"max-snippet:-1","max-image-preview":"max-image-preview:large","max-video-preview":"max-video-preview:-1"},"canonical":"https:\/\/supereule.pl\/de\/elom-bewerbungsphase-laeuft\/","og_locale":"de_DE","og_type":"article","og_title":"ELOm \u2013 Bewerbungsphase l\u00e4uft - Supereule - Platforma edukacyjna Mniejszo\u015bci Niemieckiej","og_description":"ELOm is back! Die Bewerbung f\u00fcr die 10. Jubil\u00e4umsausgabe des Leadership-Programms f\u00fcr junge Mitglieder der deutschen Minderheit ist gestartet! Das ist kein gew\u00f6hnliches Projekt \u2013 sondern ein Raum f\u00fcr alle, die aktiv werden, Erfahrungen sammeln und etwas bewegen wollen. Im Programm u. a.: 5-t\u00e4gige Leadership School in \u015awinouj\u015bcie, Trainings und Workshops zur Kompetenzentwicklung, eigenes soziales [&hellip;]","og_url":"https:\/\/supereule.pl\/de\/elom-bewerbungsphase-laeuft\/","og_site_name":"Supereule - Platforma edukacyjna Mniejszo\u015bci Niemieckiej","article_published_time":"2026-04-27T11:43:42+00:00","article_modified_time":"2026-04-27T11:44:24+00:00","og_image":[{"width":1080,"height":1350,"url":"https:\/\/supereule.pl\/wp-content\/uploads\/2026\/04\/678418904_1448448537082706_7749115398299439189_n.jpg","type":"image\/jpeg"}],"twitter_card":"summary_large_image","twitter_misc":{"Verfasst von":"Maria Smarzoch","Gesch\u00e4tzte Lesezeit":"1\u00a0Minute"},"schema":{"@context":"https:\/\/schema.org","@graph":[{"@type":"WebSite","@id":"https:\/\/supereule.pl\/de\/#website","url":"https:\/\/supereule.pl\/de\/","name":"Supereule - Platforma edukacyjna Mniejszo\u015bci Niemieckiej","description":"","potentialAction":[{"@type":"SearchAction","target":{"@type":"EntryPoint","urlTemplate":"https:\/\/supereule.pl\/de\/?s={search_term_string}"},"query-input":"required name=search_term_string"}],"inLanguage":"de"},{"@type":"ImageObject","inLanguage":"de","@id":"https:\/\/supereule.pl\/de\/elom-bewerbungsphase-laeuft\/#primaryimage","url":"https:\/\/supereule.pl\/wp-content\/uploads\/2026\/04\/678418904_1448448537082706_7749115398299439189_n.jpg","contentUrl":"https:\/\/supereule.pl\/wp-content\/uploads\/2026\/04\/678418904_1448448537082706_7749115398299439189_n.jpg","width":1080,"height":1350},{"@type":"WebPage","@id":"https:\/\/supereule.pl\/de\/elom-bewerbungsphase-laeuft\/#webpage","url":"https:\/\/supereule.pl\/de\/elom-bewerbungsphase-laeuft\/","name":"ELOm \u2013 Bewerbungsphase l\u00e4uft - Supereule - Platforma edukacyjna Mniejszo\u015bci Niemieckiej","isPartOf":{"@id":"https:\/\/supereule.pl\/de\/#website"},"primaryImageOfPage":{"@id":"https:\/\/supereule.pl\/de\/elom-bewerbungsphase-laeuft\/#primaryimage"},"datePublished":"2026-04-27T11:43:42+00:00","dateModified":"2026-04-27T11:44:24+00:00","author":{"@id":"https:\/\/supereule.pl\/de\/#\/schema\/person\/1e411a06175b0baa4c1e0be104b982cd"},"breadcrumb":{"@id":"https:\/\/supereule.pl\/de\/elom-bewerbungsphase-laeuft\/#breadcrumb"},"inLanguage":"de","potentialAction":[{"@type":"ReadAction","target":["https:\/\/supereule.pl\/de\/elom-bewerbungsphase-laeuft\/"]}]},{"@type":"BreadcrumbList","@id":"https:\/\/supereule.pl\/de\/elom-bewerbungsphase-laeuft\/#breadcrumb","itemListElement":[{"@type":"ListItem","position":1,"name":"Home","item":"https:\/\/supereule.pl\/de\/"},{"@type":"ListItem","position":2,"name":"Sch\u00fcler \/ Eltern","item":"https:\/\/supereule.pl\/de\/category\/schueler-eltern\/"},{"@type":"ListItem","position":3,"name":"ELOm \u2013 Bewerbungsphase l\u00e4uft"}]},{"@type":"Person","@id":"https:\/\/supereule.pl\/de\/#\/schema\/person\/1e411a06175b0baa4c1e0be104b982cd","name":"Maria Smarzoch","image":{"@type":"ImageObject","inLanguage":"de","@id":"https:\/\/supereule.pl\/de\/#\/schema\/person\/image\/","url":"https:\/\/secure.gravatar.com\/avatar\/bc959eab426354ddf82911ebc9552b60?s=96&d=mm&r=g","contentUrl":"https:\/\/secure.gravatar.com\/avatar\/bc959eab426354ddf82911ebc9552b60?s=96&d=mm&r=g","caption":"Maria Smarzoch"},"url":"https:\/\/supereule.pl\/de\/author\/maria-smarzochvdg-pl\/"}]}},"_links":{"self":[{"href":"https:\/\/supereule.pl\/de\/wp-json\/wp\/v2\/posts\/11638"}],"collection":[{"href":"https:\/\/supereule.pl\/de\/wp-json\/wp\/v2\/posts"}],"about":[{"href":"https:\/\/supereule.pl\/de\/wp-json\/wp\/v2\/types\/post"}],"author":[{"embeddable":true,"href":"https:\/\/supereule.pl\/de\/wp-json\/wp\/v2\/users\/7"}],"replies":[{"embeddable":true,"href":"https:\/\/supereule.pl\/de\/wp-json\/wp\/v2\/comments?post=11638"}],"version-history":[{"count":1,"href":"https:\/\/supereule.pl\/de\/wp-json\/wp\/v2\/posts\/11638\/revisions"}],"predecessor-version":[{"id":11639,"href":"https:\/\/supereule.pl\/de\/wp-json\/wp\/v2\/posts\/11638\/revisions\/11639"}],"wp:featuredmedia":[{"embeddable":true,"href":"https:\/\/supereule.pl\/de\/wp-json\/wp\/v2\/media\/11636"}],"wp:attachment":[{"href":"https:\/\/supereule.pl\/de\/wp-json\/wp\/v2\/media?parent=11638"}],"wp:term":[{"taxonomy":"category","embeddable":true,"href":"https:\/\/supereule.pl\/de\/wp-json\/wp\/v2\/categories?post=11638"},{"taxonomy":"post_tag","embeddable":true,"href":"https:\/\/supereule.pl\/de\/wp-json\/wp\/v2\/tags?post=11638"}],"curies":[{"name":"wp","href":"https:\/\/api.w.org\/{rel}","templated":true}]}}