{"id":11459,"date":"2026-03-09T07:58:11","date_gmt":"2026-03-09T06:58:11","guid":{"rendered":"https:\/\/supereule.pl\/sobota-z-delfortem-webinaria-dla-nauczycieli\/"},"modified":"2026-03-09T08:00:37","modified_gmt":"2026-03-09T07:00:37","slug":"samstag-mit-delfort-webinare-fuer-lehrkraefte","status":"publish","type":"post","link":"https:\/\/supereule.pl\/de\/samstag-mit-delfort-webinare-fuer-lehrkraefte\/","title":{"rendered":"Samstag mit DELFORT \u2013 Webinare f\u00fcr Lehrkr\u00e4fte"},"content":{"rendered":"<p style=\"text-align: justify;\">Samstag mit DELFORT ist eine gemeinsame Initiative des Goethe-Instituts Warschau und O\u015brodek Rozwoju Edukacji (ORE). Das Angebot richtet sich an Lehrkr\u00e4fte, die sich gerne weiterbilden m\u00f6chten, aber unter der Woche wenig Zeit daf\u00fcr finden.<\/p>\n<p style=\"text-align: justify;\">An einem Tag stehen drei thematische Webinare zur Auswahl \u2013 jede Lehrkraft entscheidet selbst, ob sie an einem, zwei oder allen drei Webinaren teilnimmt, je nach verf\u00fcgbarem Zeitbudget und Interesse.<\/p>\n<p>PROGRAMM:<\/p>\n<p>Samstag, den 21.03.2026, ONLINE<\/p>\n<p>9:30 Uhr &#8211; 11:00 Uhr Entdecke Deutschland neu! Virtuelle Reisen mit KI Referentin: Jolanta Bilska-Sulima<\/p>\n<p>11:15 Uhr &#8211; 12:45 Uhr Ostern im DaF-Unterricht Referentin: Aneta Rylska-Juru\u015b<\/p>\n<p>13:00 Uhr &#8211; 14:30 Uhr Berlin &#8211; Stadt der Zukunft Referentin: Ma\u0142gorzata Fojecka<\/p>\n<p>Details: <a href=\"https:\/\/www.goethe.de\/ins\/pl\/de\/spr\/unt\/for\/gia\/fka.cfm?event_id=27236015\">https:\/\/www.goethe.de\/ins\/pl\/de\/spr\/unt\/for\/gia\/fka.cfm?event_id=27236015<\/a><\/p>\n<p>&nbsp;<\/p>\n","protected":false},"excerpt":{"rendered":"<p>Samstag mit DELFORT ist eine gemeinsame Initiative des Goethe-Instituts Warschau und O\u015brodek Rozwoju Edukacji (ORE). Das Angebot richtet sich an Lehrkr\u00e4fte, die sich gerne weiterbilden m\u00f6chten, aber unter der Woche wenig Zeit daf\u00fcr finden. An einem Tag stehen drei thematische Webinare zur Auswahl \u2013 jede Lehrkraft entscheidet selbst, ob sie an einem, zwei oder allen [&hellip;]<\/p>\n","protected":false},"author":7,"featured_media":11457,"comment_status":"closed","ping_status":"closed","sticky":false,"template":"","format":"standard","meta":[],"categories":[94],"tags":[],"acf":[],"yoast_head":"<!-- This site is optimized with the Yoast SEO plugin v18.9 - https:\/\/yoast.com\/wordpress\/plugins\/seo\/ -->\n<title>Samstag mit DELFORT \u2013 Webinare f\u00fcr Lehrkr\u00e4fte - Supereule - Platforma edukacyjna Mniejszo\u015bci Niemieckiej<\/title>\n<meta name=\"robots\" content=\"index, follow, max-snippet:-1, max-image-preview:large, max-video-preview:-1\" \/>\n<link rel=\"canonical\" href=\"https:\/\/supereule.pl\/de\/samstag-mit-delfort-webinare-fuer-lehrkraefte\/\" \/>\n<meta property=\"og:locale\" content=\"de_DE\" \/>\n<meta property=\"og:type\" content=\"article\" \/>\n<meta property=\"og:title\" content=\"Samstag mit DELFORT \u2013 Webinare f\u00fcr Lehrkr\u00e4fte - Supereule - Platforma edukacyjna Mniejszo\u015bci Niemieckiej\" \/>\n<meta property=\"og:description\" content=\"Samstag mit DELFORT ist eine gemeinsame Initiative des Goethe-Instituts Warschau und O\u015brodek Rozwoju Edukacji (ORE). Das Angebot richtet sich an Lehrkr\u00e4fte, die sich gerne weiterbilden m\u00f6chten, aber unter der Woche wenig Zeit daf\u00fcr finden. An einem Tag stehen drei thematische Webinare zur Auswahl \u2013 jede Lehrkraft entscheidet selbst, ob sie an einem, zwei oder allen [&hellip;]\" \/>\n<meta property=\"og:url\" content=\"https:\/\/supereule.pl\/de\/samstag-mit-delfort-webinare-fuer-lehrkraefte\/\" \/>\n<meta property=\"og:site_name\" content=\"Supereule - Platforma edukacyjna Mniejszo\u015bci Niemieckiej\" \/>\n<meta property=\"article:published_time\" content=\"2026-03-09T06:58:11+00:00\" \/>\n<meta property=\"article:modified_time\" content=\"2026-03-09T07:00:37+00:00\" \/>\n<meta property=\"og:image\" content=\"https:\/\/supereule.pl\/wp-content\/uploads\/2026\/03\/Zrzut-ekranu-2026-03-09-075225.png\" \/>\n\t<meta property=\"og:image:width\" content=\"1025\" \/>\n\t<meta property=\"og:image:height\" content=\"601\" \/>\n\t<meta property=\"og:image:type\" content=\"image\/png\" \/>\n<meta name=\"twitter:card\" content=\"summary_large_image\" \/>\n<meta name=\"twitter:label1\" content=\"Verfasst von\" \/>\n\t<meta name=\"twitter:data1\" content=\"Maria Smarzoch\" \/>\n\t<meta name=\"twitter:label2\" content=\"Gesch\u00e4tzte Lesezeit\" \/>\n\t<meta name=\"twitter:data2\" content=\"1\u00a0Minute\" \/>\n<script type=\"application\/ld+json\" class=\"yoast-schema-graph\">{\"@context\":\"https:\/\/schema.org\",\"@graph\":[{\"@type\":\"WebSite\",\"@id\":\"https:\/\/supereule.pl\/de\/#website\",\"url\":\"https:\/\/supereule.pl\/de\/\",\"name\":\"Supereule - Platforma edukacyjna Mniejszo\u015bci Niemieckiej\",\"description\":\"\",\"potentialAction\":[{\"@type\":\"SearchAction\",\"target\":{\"@type\":\"EntryPoint\",\"urlTemplate\":\"https:\/\/supereule.pl\/de\/?s={search_term_string}\"},\"query-input\":\"required name=search_term_string\"}],\"inLanguage\":\"de\"},{\"@type\":\"ImageObject\",\"inLanguage\":\"de\",\"@id\":\"https:\/\/supereule.pl\/de\/samstag-mit-delfort-webinare-fuer-lehrkraefte\/#primaryimage\",\"url\":\"https:\/\/supereule.pl\/wp-content\/uploads\/2026\/03\/Zrzut-ekranu-2026-03-09-075225.png\",\"contentUrl\":\"https:\/\/supereule.pl\/wp-content\/uploads\/2026\/03\/Zrzut-ekranu-2026-03-09-075225.png\",\"width\":1025,\"height\":601},{\"@type\":\"WebPage\",\"@id\":\"https:\/\/supereule.pl\/de\/samstag-mit-delfort-webinare-fuer-lehrkraefte\/#webpage\",\"url\":\"https:\/\/supereule.pl\/de\/samstag-mit-delfort-webinare-fuer-lehrkraefte\/\",\"name\":\"Samstag mit DELFORT \u2013 Webinare f\u00fcr Lehrkr\u00e4fte - Supereule - Platforma edukacyjna Mniejszo\u015bci Niemieckiej\",\"isPartOf\":{\"@id\":\"https:\/\/supereule.pl\/de\/#website\"},\"primaryImageOfPage\":{\"@id\":\"https:\/\/supereule.pl\/de\/samstag-mit-delfort-webinare-fuer-lehrkraefte\/#primaryimage\"},\"datePublished\":\"2026-03-09T06:58:11+00:00\",\"dateModified\":\"2026-03-09T07:00:37+00:00\",\"author\":{\"@id\":\"https:\/\/supereule.pl\/de\/#\/schema\/person\/1e411a06175b0baa4c1e0be104b982cd\"},\"breadcrumb\":{\"@id\":\"https:\/\/supereule.pl\/de\/samstag-mit-delfort-webinare-fuer-lehrkraefte\/#breadcrumb\"},\"inLanguage\":\"de\",\"potentialAction\":[{\"@type\":\"ReadAction\",\"target\":[\"https:\/\/supereule.pl\/de\/samstag-mit-delfort-webinare-fuer-lehrkraefte\/\"]}]},{\"@type\":\"BreadcrumbList\",\"@id\":\"https:\/\/supereule.pl\/de\/samstag-mit-delfort-webinare-fuer-lehrkraefte\/#breadcrumb\",\"itemListElement\":[{\"@type\":\"ListItem\",\"position\":1,\"name\":\"Home\",\"item\":\"https:\/\/supereule.pl\/de\/\"},{\"@type\":\"ListItem\",\"position\":2,\"name\":\"Lehrer\",\"item\":\"https:\/\/supereule.pl\/de\/category\/lehrer\/\"},{\"@type\":\"ListItem\",\"position\":3,\"name\":\"Samstag mit DELFORT \u2013 Webinare f\u00fcr Lehrkr\u00e4fte\"}]},{\"@type\":\"Person\",\"@id\":\"https:\/\/supereule.pl\/de\/#\/schema\/person\/1e411a06175b0baa4c1e0be104b982cd\",\"name\":\"Maria Smarzoch\",\"image\":{\"@type\":\"ImageObject\",\"inLanguage\":\"de\",\"@id\":\"https:\/\/supereule.pl\/de\/#\/schema\/person\/image\/\",\"url\":\"https:\/\/secure.gravatar.com\/avatar\/bc959eab426354ddf82911ebc9552b60?s=96&d=mm&r=g\",\"contentUrl\":\"https:\/\/secure.gravatar.com\/avatar\/bc959eab426354ddf82911ebc9552b60?s=96&d=mm&r=g\",\"caption\":\"Maria Smarzoch\"},\"url\":\"https:\/\/supereule.pl\/de\/author\/maria-smarzochvdg-pl\/\"}]}<\/script>\n<!-- \/ Yoast SEO plugin. -->","yoast_head_json":{"title":"Samstag mit DELFORT \u2013 Webinare f\u00fcr Lehrkr\u00e4fte - Supereule - Platforma edukacyjna Mniejszo\u015bci Niemieckiej","robots":{"index":"index","follow":"follow","max-snippet":"max-snippet:-1","max-image-preview":"max-image-preview:large","max-video-preview":"max-video-preview:-1"},"canonical":"https:\/\/supereule.pl\/de\/samstag-mit-delfort-webinare-fuer-lehrkraefte\/","og_locale":"de_DE","og_type":"article","og_title":"Samstag mit DELFORT \u2013 Webinare f\u00fcr Lehrkr\u00e4fte - Supereule - Platforma edukacyjna Mniejszo\u015bci Niemieckiej","og_description":"Samstag mit DELFORT ist eine gemeinsame Initiative des Goethe-Instituts Warschau und O\u015brodek Rozwoju Edukacji (ORE). Das Angebot richtet sich an Lehrkr\u00e4fte, die sich gerne weiterbilden m\u00f6chten, aber unter der Woche wenig Zeit daf\u00fcr finden. An einem Tag stehen drei thematische Webinare zur Auswahl \u2013 jede Lehrkraft entscheidet selbst, ob sie an einem, zwei oder allen [&hellip;]","og_url":"https:\/\/supereule.pl\/de\/samstag-mit-delfort-webinare-fuer-lehrkraefte\/","og_site_name":"Supereule - Platforma edukacyjna Mniejszo\u015bci Niemieckiej","article_published_time":"2026-03-09T06:58:11+00:00","article_modified_time":"2026-03-09T07:00:37+00:00","og_image":[{"width":1025,"height":601,"url":"https:\/\/supereule.pl\/wp-content\/uploads\/2026\/03\/Zrzut-ekranu-2026-03-09-075225.png","type":"image\/png"}],"twitter_card":"summary_large_image","twitter_misc":{"Verfasst von":"Maria Smarzoch","Gesch\u00e4tzte Lesezeit":"1\u00a0Minute"},"schema":{"@context":"https:\/\/schema.org","@graph":[{"@type":"WebSite","@id":"https:\/\/supereule.pl\/de\/#website","url":"https:\/\/supereule.pl\/de\/","name":"Supereule - Platforma edukacyjna Mniejszo\u015bci Niemieckiej","description":"","potentialAction":[{"@type":"SearchAction","target":{"@type":"EntryPoint","urlTemplate":"https:\/\/supereule.pl\/de\/?s={search_term_string}"},"query-input":"required name=search_term_string"}],"inLanguage":"de"},{"@type":"ImageObject","inLanguage":"de","@id":"https:\/\/supereule.pl\/de\/samstag-mit-delfort-webinare-fuer-lehrkraefte\/#primaryimage","url":"https:\/\/supereule.pl\/wp-content\/uploads\/2026\/03\/Zrzut-ekranu-2026-03-09-075225.png","contentUrl":"https:\/\/supereule.pl\/wp-content\/uploads\/2026\/03\/Zrzut-ekranu-2026-03-09-075225.png","width":1025,"height":601},{"@type":"WebPage","@id":"https:\/\/supereule.pl\/de\/samstag-mit-delfort-webinare-fuer-lehrkraefte\/#webpage","url":"https:\/\/supereule.pl\/de\/samstag-mit-delfort-webinare-fuer-lehrkraefte\/","name":"Samstag mit DELFORT \u2013 Webinare f\u00fcr Lehrkr\u00e4fte - Supereule - Platforma edukacyjna Mniejszo\u015bci Niemieckiej","isPartOf":{"@id":"https:\/\/supereule.pl\/de\/#website"},"primaryImageOfPage":{"@id":"https:\/\/supereule.pl\/de\/samstag-mit-delfort-webinare-fuer-lehrkraefte\/#primaryimage"},"datePublished":"2026-03-09T06:58:11+00:00","dateModified":"2026-03-09T07:00:37+00:00","author":{"@id":"https:\/\/supereule.pl\/de\/#\/schema\/person\/1e411a06175b0baa4c1e0be104b982cd"},"breadcrumb":{"@id":"https:\/\/supereule.pl\/de\/samstag-mit-delfort-webinare-fuer-lehrkraefte\/#breadcrumb"},"inLanguage":"de","potentialAction":[{"@type":"ReadAction","target":["https:\/\/supereule.pl\/de\/samstag-mit-delfort-webinare-fuer-lehrkraefte\/"]}]},{"@type":"BreadcrumbList","@id":"https:\/\/supereule.pl\/de\/samstag-mit-delfort-webinare-fuer-lehrkraefte\/#breadcrumb","itemListElement":[{"@type":"ListItem","position":1,"name":"Home","item":"https:\/\/supereule.pl\/de\/"},{"@type":"ListItem","position":2,"name":"Lehrer","item":"https:\/\/supereule.pl\/de\/category\/lehrer\/"},{"@type":"ListItem","position":3,"name":"Samstag mit DELFORT \u2013 Webinare f\u00fcr Lehrkr\u00e4fte"}]},{"@type":"Person","@id":"https:\/\/supereule.pl\/de\/#\/schema\/person\/1e411a06175b0baa4c1e0be104b982cd","name":"Maria Smarzoch","image":{"@type":"ImageObject","inLanguage":"de","@id":"https:\/\/supereule.pl\/de\/#\/schema\/person\/image\/","url":"https:\/\/secure.gravatar.com\/avatar\/bc959eab426354ddf82911ebc9552b60?s=96&d=mm&r=g","contentUrl":"https:\/\/secure.gravatar.com\/avatar\/bc959eab426354ddf82911ebc9552b60?s=96&d=mm&r=g","caption":"Maria Smarzoch"},"url":"https:\/\/supereule.pl\/de\/author\/maria-smarzochvdg-pl\/"}]}},"_links":{"self":[{"href":"https:\/\/supereule.pl\/de\/wp-json\/wp\/v2\/posts\/11459"}],"collection":[{"href":"https:\/\/supereule.pl\/de\/wp-json\/wp\/v2\/posts"}],"about":[{"href":"https:\/\/supereule.pl\/de\/wp-json\/wp\/v2\/types\/post"}],"author":[{"embeddable":true,"href":"https:\/\/supereule.pl\/de\/wp-json\/wp\/v2\/users\/7"}],"replies":[{"embeddable":true,"href":"https:\/\/supereule.pl\/de\/wp-json\/wp\/v2\/comments?post=11459"}],"version-history":[{"count":2,"href":"https:\/\/supereule.pl\/de\/wp-json\/wp\/v2\/posts\/11459\/revisions"}],"predecessor-version":[{"id":11461,"href":"https:\/\/supereule.pl\/de\/wp-json\/wp\/v2\/posts\/11459\/revisions\/11461"}],"wp:featuredmedia":[{"embeddable":true,"href":"https:\/\/supereule.pl\/de\/wp-json\/wp\/v2\/media\/11457"}],"wp:attachment":[{"href":"https:\/\/supereule.pl\/de\/wp-json\/wp\/v2\/media?parent=11459"}],"wp:term":[{"taxonomy":"category","embeddable":true,"href":"https:\/\/supereule.pl\/de\/wp-json\/wp\/v2\/categories?post=11459"},{"taxonomy":"post_tag","embeddable":true,"href":"https:\/\/supereule.pl\/de\/wp-json\/wp\/v2\/tags?post=11459"}],"curies":[{"name":"wp","href":"https:\/\/api.w.org\/{rel}","templated":true}]}}