{"id":11440,"date":"2026-03-05T13:23:45","date_gmt":"2026-03-05T12:23:45","guid":{"rendered":"https:\/\/supereule.pl\/?p=11440"},"modified":"2026-03-05T13:24:46","modified_gmt":"2026-03-05T12:24:46","slug":"neue-interviewreihe-zur-bildung-der-deutschen-minderheit","status":"publish","type":"post","link":"https:\/\/supereule.pl\/de\/neue-interviewreihe-zur-bildung-der-deutschen-minderheit\/","title":{"rendered":"Neue Interviewreihe zur Bildung der deutschen Minderheit"},"content":{"rendered":"<p>Auf der Internetseite vom Neuen Wochenblatt.pl startet eine neue Interviewreihe zur Bildung der deutschen Minderheit. Den Auftakt macht ein Gespr\u00e4ch mit Gambiec Marcin, Direktor der Abteilung f\u00fcr Bildung und Arbeitsmarkt im Marschallamt der Woiwodschaft Oppeln.<\/p>\n<p>In dem Interview geht es u. a. um:<\/p>\n<ul>\n<li>neue Fristen f\u00fcr An- und Abmeldungen zum Unterricht in der Minderheitensprache,<\/li>\n<li>die Auswirkungen der fr\u00fcheren Reformen auf Lehrer und Schulen,<\/li>\n<li>die Bedeutung von drei Wochenstunden Deutsch als Minderheitensprache,<\/li>\n<li>sowie um die Frage, wie Qualit\u00e4t im Unterricht gesichert werden kann.<\/li>\n<\/ul>\n<p>Wir laden Sie zum lesen ein!<\/p>\n<p>Das Interview finden Sie hier: <a href=\"https:\/\/neueswochenblatt.pl\/de\/interview-mit-marcin-gambiec-alles-beginnt-im-kindergarten\/\">https:\/\/neueswochenblatt.pl\/de\/interview-mit-marcin-gambiec-alles-beginnt-im-kindergarten\/<\/a><\/p>\n<p>&nbsp;<\/p>\n<p>&nbsp;<\/p>\n<p>&nbsp;<\/p>\n","protected":false},"excerpt":{"rendered":"<p>Auf der Internetseite vom Neuen Wochenblatt.pl startet eine neue Interviewreihe zur Bildung der deutschen Minderheit. Den Auftakt macht ein Gespr\u00e4ch mit Gambiec Marcin, Direktor der Abteilung f\u00fcr Bildung und Arbeitsmarkt im Marschallamt der Woiwodschaft Oppeln. In dem Interview geht es u. a. um: neue Fristen f\u00fcr An- und Abmeldungen zum Unterricht in der Minderheitensprache, die [&hellip;]<\/p>\n","protected":false},"author":7,"featured_media":11441,"comment_status":"closed","ping_status":"closed","sticky":false,"template":"","format":"standard","meta":[],"categories":[94,61],"tags":[],"acf":[],"yoast_head":"<!-- This site is optimized with the Yoast SEO plugin v18.9 - https:\/\/yoast.com\/wordpress\/plugins\/seo\/ -->\n<title>Neue Interviewreihe zur Bildung der deutschen Minderheit - Supereule - Platforma edukacyjna Mniejszo\u015bci Niemieckiej<\/title>\n<meta name=\"robots\" content=\"index, follow, max-snippet:-1, max-image-preview:large, max-video-preview:-1\" \/>\n<link rel=\"canonical\" href=\"https:\/\/supereule.pl\/de\/neue-interviewreihe-zur-bildung-der-deutschen-minderheit\/\" \/>\n<meta property=\"og:locale\" content=\"de_DE\" \/>\n<meta property=\"og:type\" content=\"article\" \/>\n<meta property=\"og:title\" content=\"Neue Interviewreihe zur Bildung der deutschen Minderheit - Supereule - Platforma edukacyjna Mniejszo\u015bci Niemieckiej\" \/>\n<meta property=\"og:description\" content=\"Auf der Internetseite vom Neuen Wochenblatt.pl startet eine neue Interviewreihe zur Bildung der deutschen Minderheit. Den Auftakt macht ein Gespr\u00e4ch mit Gambiec Marcin, Direktor der Abteilung f\u00fcr Bildung und Arbeitsmarkt im Marschallamt der Woiwodschaft Oppeln. In dem Interview geht es u. a. um: neue Fristen f\u00fcr An- und Abmeldungen zum Unterricht in der Minderheitensprache, die [&hellip;]\" \/>\n<meta property=\"og:url\" content=\"https:\/\/supereule.pl\/de\/neue-interviewreihe-zur-bildung-der-deutschen-minderheit\/\" \/>\n<meta property=\"og:site_name\" content=\"Supereule - Platforma edukacyjna Mniejszo\u015bci Niemieckiej\" \/>\n<meta property=\"article:published_time\" content=\"2026-03-05T12:23:45+00:00\" \/>\n<meta property=\"article:modified_time\" content=\"2026-03-05T12:24:46+00:00\" \/>\n<meta property=\"og:image\" content=\"https:\/\/supereule.pl\/wp-content\/uploads\/2026\/03\/Marcin-Gambiec_Mrz-26-3-e1772636222705.png\" \/>\n\t<meta property=\"og:image:width\" content=\"871\" \/>\n\t<meta property=\"og:image:height\" content=\"523\" \/>\n\t<meta property=\"og:image:type\" content=\"image\/png\" \/>\n<meta name=\"twitter:card\" content=\"summary_large_image\" \/>\n<meta name=\"twitter:label1\" content=\"Verfasst von\" \/>\n\t<meta name=\"twitter:data1\" content=\"Maria Smarzoch\" \/>\n\t<meta name=\"twitter:label2\" content=\"Gesch\u00e4tzte Lesezeit\" \/>\n\t<meta name=\"twitter:data2\" content=\"1\u00a0Minute\" \/>\n<script type=\"application\/ld+json\" class=\"yoast-schema-graph\">{\"@context\":\"https:\/\/schema.org\",\"@graph\":[{\"@type\":\"WebSite\",\"@id\":\"https:\/\/supereule.pl\/de\/#website\",\"url\":\"https:\/\/supereule.pl\/de\/\",\"name\":\"Supereule - Platforma edukacyjna Mniejszo\u015bci Niemieckiej\",\"description\":\"\",\"potentialAction\":[{\"@type\":\"SearchAction\",\"target\":{\"@type\":\"EntryPoint\",\"urlTemplate\":\"https:\/\/supereule.pl\/de\/?s={search_term_string}\"},\"query-input\":\"required name=search_term_string\"}],\"inLanguage\":\"de\"},{\"@type\":\"ImageObject\",\"inLanguage\":\"de\",\"@id\":\"https:\/\/supereule.pl\/de\/neue-interviewreihe-zur-bildung-der-deutschen-minderheit\/#primaryimage\",\"url\":\"https:\/\/supereule.pl\/wp-content\/uploads\/2026\/03\/Marcin-Gambiec_Mrz-26-3-e1772636222705.png\",\"contentUrl\":\"https:\/\/supereule.pl\/wp-content\/uploads\/2026\/03\/Marcin-Gambiec_Mrz-26-3-e1772636222705.png\",\"width\":871,\"height\":523},{\"@type\":\"WebPage\",\"@id\":\"https:\/\/supereule.pl\/de\/neue-interviewreihe-zur-bildung-der-deutschen-minderheit\/#webpage\",\"url\":\"https:\/\/supereule.pl\/de\/neue-interviewreihe-zur-bildung-der-deutschen-minderheit\/\",\"name\":\"Neue Interviewreihe zur Bildung der deutschen Minderheit - Supereule - Platforma edukacyjna Mniejszo\u015bci Niemieckiej\",\"isPartOf\":{\"@id\":\"https:\/\/supereule.pl\/de\/#website\"},\"primaryImageOfPage\":{\"@id\":\"https:\/\/supereule.pl\/de\/neue-interviewreihe-zur-bildung-der-deutschen-minderheit\/#primaryimage\"},\"datePublished\":\"2026-03-05T12:23:45+00:00\",\"dateModified\":\"2026-03-05T12:24:46+00:00\",\"author\":{\"@id\":\"https:\/\/supereule.pl\/de\/#\/schema\/person\/1e411a06175b0baa4c1e0be104b982cd\"},\"breadcrumb\":{\"@id\":\"https:\/\/supereule.pl\/de\/neue-interviewreihe-zur-bildung-der-deutschen-minderheit\/#breadcrumb\"},\"inLanguage\":\"de\",\"potentialAction\":[{\"@type\":\"ReadAction\",\"target\":[\"https:\/\/supereule.pl\/de\/neue-interviewreihe-zur-bildung-der-deutschen-minderheit\/\"]}]},{\"@type\":\"BreadcrumbList\",\"@id\":\"https:\/\/supereule.pl\/de\/neue-interviewreihe-zur-bildung-der-deutschen-minderheit\/#breadcrumb\",\"itemListElement\":[{\"@type\":\"ListItem\",\"position\":1,\"name\":\"Home\",\"item\":\"https:\/\/supereule.pl\/de\/\"},{\"@type\":\"ListItem\",\"position\":2,\"name\":\"Lehrer\",\"item\":\"https:\/\/supereule.pl\/de\/category\/lehrer\/\"},{\"@type\":\"ListItem\",\"position\":3,\"name\":\"Neue Interviewreihe zur Bildung der deutschen Minderheit\"}]},{\"@type\":\"Person\",\"@id\":\"https:\/\/supereule.pl\/de\/#\/schema\/person\/1e411a06175b0baa4c1e0be104b982cd\",\"name\":\"Maria Smarzoch\",\"image\":{\"@type\":\"ImageObject\",\"inLanguage\":\"de\",\"@id\":\"https:\/\/supereule.pl\/de\/#\/schema\/person\/image\/\",\"url\":\"https:\/\/secure.gravatar.com\/avatar\/bc959eab426354ddf82911ebc9552b60?s=96&d=mm&r=g\",\"contentUrl\":\"https:\/\/secure.gravatar.com\/avatar\/bc959eab426354ddf82911ebc9552b60?s=96&d=mm&r=g\",\"caption\":\"Maria Smarzoch\"},\"url\":\"https:\/\/supereule.pl\/de\/author\/maria-smarzochvdg-pl\/\"}]}<\/script>\n<!-- \/ Yoast SEO plugin. -->","yoast_head_json":{"title":"Neue Interviewreihe zur Bildung der deutschen Minderheit - Supereule - Platforma edukacyjna Mniejszo\u015bci Niemieckiej","robots":{"index":"index","follow":"follow","max-snippet":"max-snippet:-1","max-image-preview":"max-image-preview:large","max-video-preview":"max-video-preview:-1"},"canonical":"https:\/\/supereule.pl\/de\/neue-interviewreihe-zur-bildung-der-deutschen-minderheit\/","og_locale":"de_DE","og_type":"article","og_title":"Neue Interviewreihe zur Bildung der deutschen Minderheit - Supereule - Platforma edukacyjna Mniejszo\u015bci Niemieckiej","og_description":"Auf der Internetseite vom Neuen Wochenblatt.pl startet eine neue Interviewreihe zur Bildung der deutschen Minderheit. Den Auftakt macht ein Gespr\u00e4ch mit Gambiec Marcin, Direktor der Abteilung f\u00fcr Bildung und Arbeitsmarkt im Marschallamt der Woiwodschaft Oppeln. In dem Interview geht es u. a. um: neue Fristen f\u00fcr An- und Abmeldungen zum Unterricht in der Minderheitensprache, die [&hellip;]","og_url":"https:\/\/supereule.pl\/de\/neue-interviewreihe-zur-bildung-der-deutschen-minderheit\/","og_site_name":"Supereule - Platforma edukacyjna Mniejszo\u015bci Niemieckiej","article_published_time":"2026-03-05T12:23:45+00:00","article_modified_time":"2026-03-05T12:24:46+00:00","og_image":[{"width":871,"height":523,"url":"https:\/\/supereule.pl\/wp-content\/uploads\/2026\/03\/Marcin-Gambiec_Mrz-26-3-e1772636222705.png","type":"image\/png"}],"twitter_card":"summary_large_image","twitter_misc":{"Verfasst von":"Maria Smarzoch","Gesch\u00e4tzte Lesezeit":"1\u00a0Minute"},"schema":{"@context":"https:\/\/schema.org","@graph":[{"@type":"WebSite","@id":"https:\/\/supereule.pl\/de\/#website","url":"https:\/\/supereule.pl\/de\/","name":"Supereule - Platforma edukacyjna Mniejszo\u015bci Niemieckiej","description":"","potentialAction":[{"@type":"SearchAction","target":{"@type":"EntryPoint","urlTemplate":"https:\/\/supereule.pl\/de\/?s={search_term_string}"},"query-input":"required name=search_term_string"}],"inLanguage":"de"},{"@type":"ImageObject","inLanguage":"de","@id":"https:\/\/supereule.pl\/de\/neue-interviewreihe-zur-bildung-der-deutschen-minderheit\/#primaryimage","url":"https:\/\/supereule.pl\/wp-content\/uploads\/2026\/03\/Marcin-Gambiec_Mrz-26-3-e1772636222705.png","contentUrl":"https:\/\/supereule.pl\/wp-content\/uploads\/2026\/03\/Marcin-Gambiec_Mrz-26-3-e1772636222705.png","width":871,"height":523},{"@type":"WebPage","@id":"https:\/\/supereule.pl\/de\/neue-interviewreihe-zur-bildung-der-deutschen-minderheit\/#webpage","url":"https:\/\/supereule.pl\/de\/neue-interviewreihe-zur-bildung-der-deutschen-minderheit\/","name":"Neue Interviewreihe zur Bildung der deutschen Minderheit - Supereule - Platforma edukacyjna Mniejszo\u015bci Niemieckiej","isPartOf":{"@id":"https:\/\/supereule.pl\/de\/#website"},"primaryImageOfPage":{"@id":"https:\/\/supereule.pl\/de\/neue-interviewreihe-zur-bildung-der-deutschen-minderheit\/#primaryimage"},"datePublished":"2026-03-05T12:23:45+00:00","dateModified":"2026-03-05T12:24:46+00:00","author":{"@id":"https:\/\/supereule.pl\/de\/#\/schema\/person\/1e411a06175b0baa4c1e0be104b982cd"},"breadcrumb":{"@id":"https:\/\/supereule.pl\/de\/neue-interviewreihe-zur-bildung-der-deutschen-minderheit\/#breadcrumb"},"inLanguage":"de","potentialAction":[{"@type":"ReadAction","target":["https:\/\/supereule.pl\/de\/neue-interviewreihe-zur-bildung-der-deutschen-minderheit\/"]}]},{"@type":"BreadcrumbList","@id":"https:\/\/supereule.pl\/de\/neue-interviewreihe-zur-bildung-der-deutschen-minderheit\/#breadcrumb","itemListElement":[{"@type":"ListItem","position":1,"name":"Home","item":"https:\/\/supereule.pl\/de\/"},{"@type":"ListItem","position":2,"name":"Lehrer","item":"https:\/\/supereule.pl\/de\/category\/lehrer\/"},{"@type":"ListItem","position":3,"name":"Neue Interviewreihe zur Bildung der deutschen Minderheit"}]},{"@type":"Person","@id":"https:\/\/supereule.pl\/de\/#\/schema\/person\/1e411a06175b0baa4c1e0be104b982cd","name":"Maria Smarzoch","image":{"@type":"ImageObject","inLanguage":"de","@id":"https:\/\/supereule.pl\/de\/#\/schema\/person\/image\/","url":"https:\/\/secure.gravatar.com\/avatar\/bc959eab426354ddf82911ebc9552b60?s=96&d=mm&r=g","contentUrl":"https:\/\/secure.gravatar.com\/avatar\/bc959eab426354ddf82911ebc9552b60?s=96&d=mm&r=g","caption":"Maria Smarzoch"},"url":"https:\/\/supereule.pl\/de\/author\/maria-smarzochvdg-pl\/"}]}},"_links":{"self":[{"href":"https:\/\/supereule.pl\/de\/wp-json\/wp\/v2\/posts\/11440"}],"collection":[{"href":"https:\/\/supereule.pl\/de\/wp-json\/wp\/v2\/posts"}],"about":[{"href":"https:\/\/supereule.pl\/de\/wp-json\/wp\/v2\/types\/post"}],"author":[{"embeddable":true,"href":"https:\/\/supereule.pl\/de\/wp-json\/wp\/v2\/users\/7"}],"replies":[{"embeddable":true,"href":"https:\/\/supereule.pl\/de\/wp-json\/wp\/v2\/comments?post=11440"}],"version-history":[{"count":2,"href":"https:\/\/supereule.pl\/de\/wp-json\/wp\/v2\/posts\/11440\/revisions"}],"predecessor-version":[{"id":11444,"href":"https:\/\/supereule.pl\/de\/wp-json\/wp\/v2\/posts\/11440\/revisions\/11444"}],"wp:featuredmedia":[{"embeddable":true,"href":"https:\/\/supereule.pl\/de\/wp-json\/wp\/v2\/media\/11441"}],"wp:attachment":[{"href":"https:\/\/supereule.pl\/de\/wp-json\/wp\/v2\/media?parent=11440"}],"wp:term":[{"taxonomy":"category","embeddable":true,"href":"https:\/\/supereule.pl\/de\/wp-json\/wp\/v2\/categories?post=11440"},{"taxonomy":"post_tag","embeddable":true,"href":"https:\/\/supereule.pl\/de\/wp-json\/wp\/v2\/tags?post=11440"}],"curies":[{"name":"wp","href":"https:\/\/api.w.org\/{rel}","templated":true}]}}