{"id":11383,"date":"2026-03-03T10:15:22","date_gmt":"2026-03-03T09:15:22","guid":{"rendered":"https:\/\/supereule.pl\/spotkanie-poswiecone-zmianom-prawnym-w-zakresie-organizacji-zajec-jezyka-mniejszosci-narodowej\/"},"modified":"2026-03-03T12:14:14","modified_gmt":"2026-03-03T11:14:14","slug":"spotkanie-poswiecone-zmianom-prawnym-w-zakresie-organizacji-zajec-jezyka-mniejszosci-narodowej","status":"publish","type":"post","link":"https:\/\/supereule.pl\/de\/spotkanie-poswiecone-zmianom-prawnym-w-zakresie-organizacji-zajec-jezyka-mniejszosci-narodowej\/","title":{"rendered":"Treffen zu rechtlichen \u00c4nderungen im Bereich der Organisation Minderheitensprachenunterricht"},"content":{"rendered":"<p style=\"text-align: justify;\">Das Marschallamt der Woiwodschaft Oppeln, Abteilung f\u00fcr Bildung und Arbeitsmarkt, l\u00e4dt im Namen der stellvertretenden Marschallin der Woiwodschaft Oppeln, Frau Zuzanna Donath-Kasiura, die Schultr\u00e4ger, Schulleiter und Deutschlehrer der Grundschulen der Woiwodschaft Oppeln zu einem Informationstreffen ein, das sich mit den rechtlichen \u00c4nderungen im Bereich der Organisation des Unterrichts Deutsch als Minderheitensprache befasst. Das Treffen findet am 09.03.2026 um 9:00 Uhr im Saal des Wei\u00dfen Adlers (ul. Ostr\u00f3wek 5a, Opole) statt. Die Veranstaltung findet im Rahmen des Projekts &#8222;Opolskie dla edukacji&#8220; statt.<\/p>\n","protected":false},"excerpt":{"rendered":"<p>Das Marschallamt der Woiwodschaft Oppeln, Abteilung f\u00fcr Bildung und Arbeitsmarkt, l\u00e4dt im Namen der stellvertretenden Marschallin der Woiwodschaft Oppeln, Frau Zuzanna Donath-Kasiura, die Schultr\u00e4ger, Schulleiter und Deutschlehrer der Grundschulen der Woiwodschaft Oppeln zu einem Informationstreffen ein, das sich mit den rechtlichen \u00c4nderungen im Bereich der Organisation des Unterrichts Deutsch als Minderheitensprache befasst. Das Treffen findet [&hellip;]<\/p>\n","protected":false},"author":7,"featured_media":11381,"comment_status":"closed","ping_status":"closed","sticky":false,"template":"","format":"standard","meta":[],"categories":[94,72],"tags":[],"acf":[],"yoast_head":"<!-- This site is optimized with the Yoast SEO plugin v18.9 - https:\/\/yoast.com\/wordpress\/plugins\/seo\/ -->\n<title>Treffen zu rechtlichen \u00c4nderungen im Bereich der Organisation Minderheitensprachenunterricht - Supereule - Platforma edukacyjna Mniejszo\u015bci Niemieckiej<\/title>\n<meta name=\"robots\" content=\"index, follow, max-snippet:-1, max-image-preview:large, max-video-preview:-1\" \/>\n<link rel=\"canonical\" href=\"https:\/\/supereule.pl\/de\/spotkanie-poswiecone-zmianom-prawnym-w-zakresie-organizacji-zajec-jezyka-mniejszosci-narodowej\/\" \/>\n<meta property=\"og:locale\" content=\"de_DE\" \/>\n<meta property=\"og:type\" content=\"article\" \/>\n<meta property=\"og:title\" content=\"Treffen zu rechtlichen \u00c4nderungen im Bereich der Organisation Minderheitensprachenunterricht - Supereule - Platforma edukacyjna Mniejszo\u015bci Niemieckiej\" \/>\n<meta property=\"og:description\" content=\"Das Marschallamt der Woiwodschaft Oppeln, Abteilung f\u00fcr Bildung und Arbeitsmarkt, l\u00e4dt im Namen der stellvertretenden Marschallin der Woiwodschaft Oppeln, Frau Zuzanna Donath-Kasiura, die Schultr\u00e4ger, Schulleiter und Deutschlehrer der Grundschulen der Woiwodschaft Oppeln zu einem Informationstreffen ein, das sich mit den rechtlichen \u00c4nderungen im Bereich der Organisation des Unterrichts Deutsch als Minderheitensprache befasst. Das Treffen findet [&hellip;]\" \/>\n<meta property=\"og:url\" content=\"https:\/\/supereule.pl\/de\/spotkanie-poswiecone-zmianom-prawnym-w-zakresie-organizacji-zajec-jezyka-mniejszosci-narodowej\/\" \/>\n<meta property=\"og:site_name\" content=\"Supereule - Platforma edukacyjna Mniejszo\u015bci Niemieckiej\" \/>\n<meta property=\"article:published_time\" content=\"2026-03-03T09:15:22+00:00\" \/>\n<meta property=\"article:modified_time\" content=\"2026-03-03T11:14:14+00:00\" \/>\n<meta property=\"og:image\" content=\"https:\/\/supereule.pl\/wp-content\/uploads\/2026\/03\/645880062_1381516624003423_6172276608743057540_n.jpg\" \/>\n\t<meta property=\"og:image:width\" content=\"1536\" \/>\n\t<meta property=\"og:image:height\" content=\"1024\" \/>\n\t<meta property=\"og:image:type\" content=\"image\/jpeg\" \/>\n<meta name=\"twitter:card\" content=\"summary_large_image\" \/>\n<meta name=\"twitter:label1\" content=\"Verfasst von\" \/>\n\t<meta name=\"twitter:data1\" content=\"Maria Smarzoch\" \/>\n\t<meta name=\"twitter:label2\" content=\"Gesch\u00e4tzte Lesezeit\" \/>\n\t<meta name=\"twitter:data2\" content=\"1\u00a0Minute\" \/>\n<script type=\"application\/ld+json\" class=\"yoast-schema-graph\">{\"@context\":\"https:\/\/schema.org\",\"@graph\":[{\"@type\":\"WebSite\",\"@id\":\"https:\/\/supereule.pl\/de\/#website\",\"url\":\"https:\/\/supereule.pl\/de\/\",\"name\":\"Supereule - Platforma edukacyjna Mniejszo\u015bci Niemieckiej\",\"description\":\"\",\"potentialAction\":[{\"@type\":\"SearchAction\",\"target\":{\"@type\":\"EntryPoint\",\"urlTemplate\":\"https:\/\/supereule.pl\/de\/?s={search_term_string}\"},\"query-input\":\"required name=search_term_string\"}],\"inLanguage\":\"de\"},{\"@type\":\"ImageObject\",\"inLanguage\":\"de\",\"@id\":\"https:\/\/supereule.pl\/de\/spotkanie-poswiecone-zmianom-prawnym-w-zakresie-organizacji-zajec-jezyka-mniejszosci-narodowej\/#primaryimage\",\"url\":\"https:\/\/supereule.pl\/wp-content\/uploads\/2026\/03\/645880062_1381516624003423_6172276608743057540_n.jpg\",\"contentUrl\":\"https:\/\/supereule.pl\/wp-content\/uploads\/2026\/03\/645880062_1381516624003423_6172276608743057540_n.jpg\",\"width\":1536,\"height\":1024},{\"@type\":\"WebPage\",\"@id\":\"https:\/\/supereule.pl\/de\/spotkanie-poswiecone-zmianom-prawnym-w-zakresie-organizacji-zajec-jezyka-mniejszosci-narodowej\/#webpage\",\"url\":\"https:\/\/supereule.pl\/de\/spotkanie-poswiecone-zmianom-prawnym-w-zakresie-organizacji-zajec-jezyka-mniejszosci-narodowej\/\",\"name\":\"Treffen zu rechtlichen \u00c4nderungen im Bereich der Organisation Minderheitensprachenunterricht - Supereule - Platforma edukacyjna Mniejszo\u015bci Niemieckiej\",\"isPartOf\":{\"@id\":\"https:\/\/supereule.pl\/de\/#website\"},\"primaryImageOfPage\":{\"@id\":\"https:\/\/supereule.pl\/de\/spotkanie-poswiecone-zmianom-prawnym-w-zakresie-organizacji-zajec-jezyka-mniejszosci-narodowej\/#primaryimage\"},\"datePublished\":\"2026-03-03T09:15:22+00:00\",\"dateModified\":\"2026-03-03T11:14:14+00:00\",\"author\":{\"@id\":\"https:\/\/supereule.pl\/de\/#\/schema\/person\/1e411a06175b0baa4c1e0be104b982cd\"},\"breadcrumb\":{\"@id\":\"https:\/\/supereule.pl\/de\/spotkanie-poswiecone-zmianom-prawnym-w-zakresie-organizacji-zajec-jezyka-mniejszosci-narodowej\/#breadcrumb\"},\"inLanguage\":\"de\",\"potentialAction\":[{\"@type\":\"ReadAction\",\"target\":[\"https:\/\/supereule.pl\/de\/spotkanie-poswiecone-zmianom-prawnym-w-zakresie-organizacji-zajec-jezyka-mniejszosci-narodowej\/\"]}]},{\"@type\":\"BreadcrumbList\",\"@id\":\"https:\/\/supereule.pl\/de\/spotkanie-poswiecone-zmianom-prawnym-w-zakresie-organizacji-zajec-jezyka-mniejszosci-narodowej\/#breadcrumb\",\"itemListElement\":[{\"@type\":\"ListItem\",\"position\":1,\"name\":\"Home\",\"item\":\"https:\/\/supereule.pl\/de\/\"},{\"@type\":\"ListItem\",\"position\":2,\"name\":\"Lehrer\",\"item\":\"https:\/\/supereule.pl\/de\/category\/lehrer\/\"},{\"@type\":\"ListItem\",\"position\":3,\"name\":\"Treffen zu rechtlichen \u00c4nderungen im Bereich der Organisation Minderheitensprachenunterricht\"}]},{\"@type\":\"Person\",\"@id\":\"https:\/\/supereule.pl\/de\/#\/schema\/person\/1e411a06175b0baa4c1e0be104b982cd\",\"name\":\"Maria Smarzoch\",\"image\":{\"@type\":\"ImageObject\",\"inLanguage\":\"de\",\"@id\":\"https:\/\/supereule.pl\/de\/#\/schema\/person\/image\/\",\"url\":\"https:\/\/secure.gravatar.com\/avatar\/bc959eab426354ddf82911ebc9552b60?s=96&d=mm&r=g\",\"contentUrl\":\"https:\/\/secure.gravatar.com\/avatar\/bc959eab426354ddf82911ebc9552b60?s=96&d=mm&r=g\",\"caption\":\"Maria Smarzoch\"},\"url\":\"https:\/\/supereule.pl\/de\/author\/maria-smarzochvdg-pl\/\"}]}<\/script>\n<!-- \/ Yoast SEO plugin. -->","yoast_head_json":{"title":"Treffen zu rechtlichen \u00c4nderungen im Bereich der Organisation Minderheitensprachenunterricht - Supereule - Platforma edukacyjna Mniejszo\u015bci Niemieckiej","robots":{"index":"index","follow":"follow","max-snippet":"max-snippet:-1","max-image-preview":"max-image-preview:large","max-video-preview":"max-video-preview:-1"},"canonical":"https:\/\/supereule.pl\/de\/spotkanie-poswiecone-zmianom-prawnym-w-zakresie-organizacji-zajec-jezyka-mniejszosci-narodowej\/","og_locale":"de_DE","og_type":"article","og_title":"Treffen zu rechtlichen \u00c4nderungen im Bereich der Organisation Minderheitensprachenunterricht - Supereule - Platforma edukacyjna Mniejszo\u015bci Niemieckiej","og_description":"Das Marschallamt der Woiwodschaft Oppeln, Abteilung f\u00fcr Bildung und Arbeitsmarkt, l\u00e4dt im Namen der stellvertretenden Marschallin der Woiwodschaft Oppeln, Frau Zuzanna Donath-Kasiura, die Schultr\u00e4ger, Schulleiter und Deutschlehrer der Grundschulen der Woiwodschaft Oppeln zu einem Informationstreffen ein, das sich mit den rechtlichen \u00c4nderungen im Bereich der Organisation des Unterrichts Deutsch als Minderheitensprache befasst. Das Treffen findet [&hellip;]","og_url":"https:\/\/supereule.pl\/de\/spotkanie-poswiecone-zmianom-prawnym-w-zakresie-organizacji-zajec-jezyka-mniejszosci-narodowej\/","og_site_name":"Supereule - Platforma edukacyjna Mniejszo\u015bci Niemieckiej","article_published_time":"2026-03-03T09:15:22+00:00","article_modified_time":"2026-03-03T11:14:14+00:00","og_image":[{"width":1536,"height":1024,"url":"https:\/\/supereule.pl\/wp-content\/uploads\/2026\/03\/645880062_1381516624003423_6172276608743057540_n.jpg","type":"image\/jpeg"}],"twitter_card":"summary_large_image","twitter_misc":{"Verfasst von":"Maria Smarzoch","Gesch\u00e4tzte Lesezeit":"1\u00a0Minute"},"schema":{"@context":"https:\/\/schema.org","@graph":[{"@type":"WebSite","@id":"https:\/\/supereule.pl\/de\/#website","url":"https:\/\/supereule.pl\/de\/","name":"Supereule - Platforma edukacyjna Mniejszo\u015bci Niemieckiej","description":"","potentialAction":[{"@type":"SearchAction","target":{"@type":"EntryPoint","urlTemplate":"https:\/\/supereule.pl\/de\/?s={search_term_string}"},"query-input":"required name=search_term_string"}],"inLanguage":"de"},{"@type":"ImageObject","inLanguage":"de","@id":"https:\/\/supereule.pl\/de\/spotkanie-poswiecone-zmianom-prawnym-w-zakresie-organizacji-zajec-jezyka-mniejszosci-narodowej\/#primaryimage","url":"https:\/\/supereule.pl\/wp-content\/uploads\/2026\/03\/645880062_1381516624003423_6172276608743057540_n.jpg","contentUrl":"https:\/\/supereule.pl\/wp-content\/uploads\/2026\/03\/645880062_1381516624003423_6172276608743057540_n.jpg","width":1536,"height":1024},{"@type":"WebPage","@id":"https:\/\/supereule.pl\/de\/spotkanie-poswiecone-zmianom-prawnym-w-zakresie-organizacji-zajec-jezyka-mniejszosci-narodowej\/#webpage","url":"https:\/\/supereule.pl\/de\/spotkanie-poswiecone-zmianom-prawnym-w-zakresie-organizacji-zajec-jezyka-mniejszosci-narodowej\/","name":"Treffen zu rechtlichen \u00c4nderungen im Bereich der Organisation Minderheitensprachenunterricht - Supereule - Platforma edukacyjna Mniejszo\u015bci Niemieckiej","isPartOf":{"@id":"https:\/\/supereule.pl\/de\/#website"},"primaryImageOfPage":{"@id":"https:\/\/supereule.pl\/de\/spotkanie-poswiecone-zmianom-prawnym-w-zakresie-organizacji-zajec-jezyka-mniejszosci-narodowej\/#primaryimage"},"datePublished":"2026-03-03T09:15:22+00:00","dateModified":"2026-03-03T11:14:14+00:00","author":{"@id":"https:\/\/supereule.pl\/de\/#\/schema\/person\/1e411a06175b0baa4c1e0be104b982cd"},"breadcrumb":{"@id":"https:\/\/supereule.pl\/de\/spotkanie-poswiecone-zmianom-prawnym-w-zakresie-organizacji-zajec-jezyka-mniejszosci-narodowej\/#breadcrumb"},"inLanguage":"de","potentialAction":[{"@type":"ReadAction","target":["https:\/\/supereule.pl\/de\/spotkanie-poswiecone-zmianom-prawnym-w-zakresie-organizacji-zajec-jezyka-mniejszosci-narodowej\/"]}]},{"@type":"BreadcrumbList","@id":"https:\/\/supereule.pl\/de\/spotkanie-poswiecone-zmianom-prawnym-w-zakresie-organizacji-zajec-jezyka-mniejszosci-narodowej\/#breadcrumb","itemListElement":[{"@type":"ListItem","position":1,"name":"Home","item":"https:\/\/supereule.pl\/de\/"},{"@type":"ListItem","position":2,"name":"Lehrer","item":"https:\/\/supereule.pl\/de\/category\/lehrer\/"},{"@type":"ListItem","position":3,"name":"Treffen zu rechtlichen \u00c4nderungen im Bereich der Organisation Minderheitensprachenunterricht"}]},{"@type":"Person","@id":"https:\/\/supereule.pl\/de\/#\/schema\/person\/1e411a06175b0baa4c1e0be104b982cd","name":"Maria Smarzoch","image":{"@type":"ImageObject","inLanguage":"de","@id":"https:\/\/supereule.pl\/de\/#\/schema\/person\/image\/","url":"https:\/\/secure.gravatar.com\/avatar\/bc959eab426354ddf82911ebc9552b60?s=96&d=mm&r=g","contentUrl":"https:\/\/secure.gravatar.com\/avatar\/bc959eab426354ddf82911ebc9552b60?s=96&d=mm&r=g","caption":"Maria Smarzoch"},"url":"https:\/\/supereule.pl\/de\/author\/maria-smarzochvdg-pl\/"}]}},"_links":{"self":[{"href":"https:\/\/supereule.pl\/de\/wp-json\/wp\/v2\/posts\/11383"}],"collection":[{"href":"https:\/\/supereule.pl\/de\/wp-json\/wp\/v2\/posts"}],"about":[{"href":"https:\/\/supereule.pl\/de\/wp-json\/wp\/v2\/types\/post"}],"author":[{"embeddable":true,"href":"https:\/\/supereule.pl\/de\/wp-json\/wp\/v2\/users\/7"}],"replies":[{"embeddable":true,"href":"https:\/\/supereule.pl\/de\/wp-json\/wp\/v2\/comments?post=11383"}],"version-history":[{"count":3,"href":"https:\/\/supereule.pl\/de\/wp-json\/wp\/v2\/posts\/11383\/revisions"}],"predecessor-version":[{"id":11388,"href":"https:\/\/supereule.pl\/de\/wp-json\/wp\/v2\/posts\/11383\/revisions\/11388"}],"wp:featuredmedia":[{"embeddable":true,"href":"https:\/\/supereule.pl\/de\/wp-json\/wp\/v2\/media\/11381"}],"wp:attachment":[{"href":"https:\/\/supereule.pl\/de\/wp-json\/wp\/v2\/media?parent=11383"}],"wp:term":[{"taxonomy":"category","embeddable":true,"href":"https:\/\/supereule.pl\/de\/wp-json\/wp\/v2\/categories?post=11383"},{"taxonomy":"post_tag","embeddable":true,"href":"https:\/\/supereule.pl\/de\/wp-json\/wp\/v2\/tags?post=11383"}],"curies":[{"name":"wp","href":"https:\/\/api.w.org\/{rel}","templated":true}]}}