{"id":11331,"date":"2026-02-21T10:00:52","date_gmt":"2026-02-21T09:00:52","guid":{"rendered":"https:\/\/supereule.pl\/?p=11331"},"modified":"2026-02-20T13:42:46","modified_gmt":"2026-02-20T12:42:46","slug":"miedzynarodowy-dzien-jezyka-ojczystego","status":"publish","type":"post","link":"https:\/\/supereule.pl\/de\/miedzynarodowy-dzien-jezyka-ojczystego\/","title":{"rendered":"Internationaler Tag der Muttersprache"},"content":{"rendered":"<p style=\"text-align: justify;\">Die <strong>Muttersprache<\/strong> ist nicht nur ein Kommunikationsinstrument, sondern auch ein integraler Bestandteil der Kultur, Geschichte und Identit\u00e4t jedes Menschen.<\/p>\n<p style=\"text-align: justify;\">Der <strong>Internationale Tag der Muttersprache<\/strong> wurde 1999 von der UNESCO ausgerufen und wird jedes Jahr am 21. Februar gefeiert. Dieser Tag erinnert uns an die <strong>enorme Bedeutung der sprachlichen Vielfalt und die Notwendigkeit, sie zu sch\u00fctzen<\/strong>.<\/p>\n<p style=\"text-align: justify;\">Die<strong> F\u00f6rderung der Mehrsprachigkeit und der Bildung in der Muttersprache<\/strong> tr\u00e4gt zur Verbesserung der Bildungsqualit\u00e4t bei. Kinder und Jugendliche, die in ihrer Muttersprache unterrichtet werden, lernen nicht nur effektiver, sondern entwickeln auch ein Gef\u00fchl des Stolzes auf ihr kulturelles Erbe sowie ein st\u00e4rkeres Bewusstsein f\u00fcr ihre Identit\u00e4t.<\/p>\n<p style=\"text-align: justify;\">Daher ist die F\u00f6rderung des Erlernens der deutschen Sprache unter den Mitgliedern unserer Minderheit <strong>von entscheidender Bedeutung, um unsere Werte zu bewahren<\/strong>.<\/p>\n","protected":false},"excerpt":{"rendered":"<p>Die Muttersprache ist nicht nur ein Kommunikationsinstrument, sondern auch ein integraler Bestandteil der Kultur, Geschichte und Identit\u00e4t jedes Menschen. Der Internationale Tag der Muttersprache wurde 1999 von der UNESCO ausgerufen und wird jedes Jahr am 21. Februar gefeiert. Dieser Tag erinnert uns an die enorme Bedeutung der sprachlichen Vielfalt und die Notwendigkeit, sie zu sch\u00fctzen. [&hellip;]<\/p>\n","protected":false},"author":7,"featured_media":11329,"comment_status":"closed","ping_status":"closed","sticky":false,"template":"","format":"standard","meta":[],"categories":[94,61],"tags":[],"acf":[],"yoast_head":"<!-- This site is optimized with the Yoast SEO plugin v18.9 - https:\/\/yoast.com\/wordpress\/plugins\/seo\/ -->\n<title>Internationaler Tag der Muttersprache - Supereule - Platforma edukacyjna Mniejszo\u015bci Niemieckiej<\/title>\n<meta name=\"robots\" content=\"index, follow, max-snippet:-1, max-image-preview:large, max-video-preview:-1\" \/>\n<link rel=\"canonical\" href=\"https:\/\/supereule.pl\/de\/miedzynarodowy-dzien-jezyka-ojczystego\/\" \/>\n<meta property=\"og:locale\" content=\"de_DE\" \/>\n<meta property=\"og:type\" content=\"article\" \/>\n<meta property=\"og:title\" content=\"Internationaler Tag der Muttersprache - Supereule - Platforma edukacyjna Mniejszo\u015bci Niemieckiej\" \/>\n<meta property=\"og:description\" content=\"Die Muttersprache ist nicht nur ein Kommunikationsinstrument, sondern auch ein integraler Bestandteil der Kultur, Geschichte und Identit\u00e4t jedes Menschen. Der Internationale Tag der Muttersprache wurde 1999 von der UNESCO ausgerufen und wird jedes Jahr am 21. Februar gefeiert. Dieser Tag erinnert uns an die enorme Bedeutung der sprachlichen Vielfalt und die Notwendigkeit, sie zu sch\u00fctzen. [&hellip;]\" \/>\n<meta property=\"og:url\" content=\"https:\/\/supereule.pl\/de\/miedzynarodowy-dzien-jezyka-ojczystego\/\" \/>\n<meta property=\"og:site_name\" content=\"Supereule - Platforma edukacyjna Mniejszo\u015bci Niemieckiej\" \/>\n<meta property=\"article:published_time\" content=\"2026-02-21T09:00:52+00:00\" \/>\n<meta property=\"article:modified_time\" content=\"2026-02-20T12:42:46+00:00\" \/>\n<meta property=\"og:image\" content=\"https:\/\/supereule.pl\/wp-content\/uploads\/2026\/02\/ITDMS-1.png\" \/>\n\t<meta property=\"og:image:width\" content=\"940\" \/>\n\t<meta property=\"og:image:height\" content=\"788\" \/>\n\t<meta property=\"og:image:type\" content=\"image\/png\" \/>\n<meta name=\"twitter:card\" content=\"summary_large_image\" \/>\n<meta name=\"twitter:label1\" content=\"Verfasst von\" \/>\n\t<meta name=\"twitter:data1\" content=\"Maria Smarzoch\" \/>\n\t<meta name=\"twitter:label2\" content=\"Gesch\u00e4tzte Lesezeit\" \/>\n\t<meta name=\"twitter:data2\" content=\"1\u00a0Minute\" \/>\n<script type=\"application\/ld+json\" class=\"yoast-schema-graph\">{\"@context\":\"https:\/\/schema.org\",\"@graph\":[{\"@type\":\"WebSite\",\"@id\":\"https:\/\/supereule.pl\/de\/#website\",\"url\":\"https:\/\/supereule.pl\/de\/\",\"name\":\"Supereule - Platforma edukacyjna Mniejszo\u015bci Niemieckiej\",\"description\":\"\",\"potentialAction\":[{\"@type\":\"SearchAction\",\"target\":{\"@type\":\"EntryPoint\",\"urlTemplate\":\"https:\/\/supereule.pl\/de\/?s={search_term_string}\"},\"query-input\":\"required name=search_term_string\"}],\"inLanguage\":\"de\"},{\"@type\":\"ImageObject\",\"inLanguage\":\"de\",\"@id\":\"https:\/\/supereule.pl\/de\/miedzynarodowy-dzien-jezyka-ojczystego\/#primaryimage\",\"url\":\"https:\/\/supereule.pl\/wp-content\/uploads\/2026\/02\/ITDMS-1.png\",\"contentUrl\":\"https:\/\/supereule.pl\/wp-content\/uploads\/2026\/02\/ITDMS-1.png\",\"width\":940,\"height\":788},{\"@type\":\"WebPage\",\"@id\":\"https:\/\/supereule.pl\/de\/miedzynarodowy-dzien-jezyka-ojczystego\/#webpage\",\"url\":\"https:\/\/supereule.pl\/de\/miedzynarodowy-dzien-jezyka-ojczystego\/\",\"name\":\"Internationaler Tag der Muttersprache - Supereule - Platforma edukacyjna Mniejszo\u015bci Niemieckiej\",\"isPartOf\":{\"@id\":\"https:\/\/supereule.pl\/de\/#website\"},\"primaryImageOfPage\":{\"@id\":\"https:\/\/supereule.pl\/de\/miedzynarodowy-dzien-jezyka-ojczystego\/#primaryimage\"},\"datePublished\":\"2026-02-21T09:00:52+00:00\",\"dateModified\":\"2026-02-20T12:42:46+00:00\",\"author\":{\"@id\":\"https:\/\/supereule.pl\/de\/#\/schema\/person\/1e411a06175b0baa4c1e0be104b982cd\"},\"breadcrumb\":{\"@id\":\"https:\/\/supereule.pl\/de\/miedzynarodowy-dzien-jezyka-ojczystego\/#breadcrumb\"},\"inLanguage\":\"de\",\"potentialAction\":[{\"@type\":\"ReadAction\",\"target\":[\"https:\/\/supereule.pl\/de\/miedzynarodowy-dzien-jezyka-ojczystego\/\"]}]},{\"@type\":\"BreadcrumbList\",\"@id\":\"https:\/\/supereule.pl\/de\/miedzynarodowy-dzien-jezyka-ojczystego\/#breadcrumb\",\"itemListElement\":[{\"@type\":\"ListItem\",\"position\":1,\"name\":\"Home\",\"item\":\"https:\/\/supereule.pl\/de\/\"},{\"@type\":\"ListItem\",\"position\":2,\"name\":\"Lehrer\",\"item\":\"https:\/\/supereule.pl\/de\/category\/lehrer\/\"},{\"@type\":\"ListItem\",\"position\":3,\"name\":\"Internationaler Tag der Muttersprache\"}]},{\"@type\":\"Person\",\"@id\":\"https:\/\/supereule.pl\/de\/#\/schema\/person\/1e411a06175b0baa4c1e0be104b982cd\",\"name\":\"Maria Smarzoch\",\"image\":{\"@type\":\"ImageObject\",\"inLanguage\":\"de\",\"@id\":\"https:\/\/supereule.pl\/de\/#\/schema\/person\/image\/\",\"url\":\"https:\/\/secure.gravatar.com\/avatar\/bc959eab426354ddf82911ebc9552b60?s=96&d=mm&r=g\",\"contentUrl\":\"https:\/\/secure.gravatar.com\/avatar\/bc959eab426354ddf82911ebc9552b60?s=96&d=mm&r=g\",\"caption\":\"Maria Smarzoch\"},\"url\":\"https:\/\/supereule.pl\/de\/author\/maria-smarzochvdg-pl\/\"}]}<\/script>\n<!-- \/ Yoast SEO plugin. -->","yoast_head_json":{"title":"Internationaler Tag der Muttersprache - Supereule - Platforma edukacyjna Mniejszo\u015bci Niemieckiej","robots":{"index":"index","follow":"follow","max-snippet":"max-snippet:-1","max-image-preview":"max-image-preview:large","max-video-preview":"max-video-preview:-1"},"canonical":"https:\/\/supereule.pl\/de\/miedzynarodowy-dzien-jezyka-ojczystego\/","og_locale":"de_DE","og_type":"article","og_title":"Internationaler Tag der Muttersprache - Supereule - Platforma edukacyjna Mniejszo\u015bci Niemieckiej","og_description":"Die Muttersprache ist nicht nur ein Kommunikationsinstrument, sondern auch ein integraler Bestandteil der Kultur, Geschichte und Identit\u00e4t jedes Menschen. Der Internationale Tag der Muttersprache wurde 1999 von der UNESCO ausgerufen und wird jedes Jahr am 21. Februar gefeiert. Dieser Tag erinnert uns an die enorme Bedeutung der sprachlichen Vielfalt und die Notwendigkeit, sie zu sch\u00fctzen. [&hellip;]","og_url":"https:\/\/supereule.pl\/de\/miedzynarodowy-dzien-jezyka-ojczystego\/","og_site_name":"Supereule - Platforma edukacyjna Mniejszo\u015bci Niemieckiej","article_published_time":"2026-02-21T09:00:52+00:00","article_modified_time":"2026-02-20T12:42:46+00:00","og_image":[{"width":940,"height":788,"url":"https:\/\/supereule.pl\/wp-content\/uploads\/2026\/02\/ITDMS-1.png","type":"image\/png"}],"twitter_card":"summary_large_image","twitter_misc":{"Verfasst von":"Maria Smarzoch","Gesch\u00e4tzte Lesezeit":"1\u00a0Minute"},"schema":{"@context":"https:\/\/schema.org","@graph":[{"@type":"WebSite","@id":"https:\/\/supereule.pl\/de\/#website","url":"https:\/\/supereule.pl\/de\/","name":"Supereule - Platforma edukacyjna Mniejszo\u015bci Niemieckiej","description":"","potentialAction":[{"@type":"SearchAction","target":{"@type":"EntryPoint","urlTemplate":"https:\/\/supereule.pl\/de\/?s={search_term_string}"},"query-input":"required name=search_term_string"}],"inLanguage":"de"},{"@type":"ImageObject","inLanguage":"de","@id":"https:\/\/supereule.pl\/de\/miedzynarodowy-dzien-jezyka-ojczystego\/#primaryimage","url":"https:\/\/supereule.pl\/wp-content\/uploads\/2026\/02\/ITDMS-1.png","contentUrl":"https:\/\/supereule.pl\/wp-content\/uploads\/2026\/02\/ITDMS-1.png","width":940,"height":788},{"@type":"WebPage","@id":"https:\/\/supereule.pl\/de\/miedzynarodowy-dzien-jezyka-ojczystego\/#webpage","url":"https:\/\/supereule.pl\/de\/miedzynarodowy-dzien-jezyka-ojczystego\/","name":"Internationaler Tag der Muttersprache - Supereule - Platforma edukacyjna Mniejszo\u015bci Niemieckiej","isPartOf":{"@id":"https:\/\/supereule.pl\/de\/#website"},"primaryImageOfPage":{"@id":"https:\/\/supereule.pl\/de\/miedzynarodowy-dzien-jezyka-ojczystego\/#primaryimage"},"datePublished":"2026-02-21T09:00:52+00:00","dateModified":"2026-02-20T12:42:46+00:00","author":{"@id":"https:\/\/supereule.pl\/de\/#\/schema\/person\/1e411a06175b0baa4c1e0be104b982cd"},"breadcrumb":{"@id":"https:\/\/supereule.pl\/de\/miedzynarodowy-dzien-jezyka-ojczystego\/#breadcrumb"},"inLanguage":"de","potentialAction":[{"@type":"ReadAction","target":["https:\/\/supereule.pl\/de\/miedzynarodowy-dzien-jezyka-ojczystego\/"]}]},{"@type":"BreadcrumbList","@id":"https:\/\/supereule.pl\/de\/miedzynarodowy-dzien-jezyka-ojczystego\/#breadcrumb","itemListElement":[{"@type":"ListItem","position":1,"name":"Home","item":"https:\/\/supereule.pl\/de\/"},{"@type":"ListItem","position":2,"name":"Lehrer","item":"https:\/\/supereule.pl\/de\/category\/lehrer\/"},{"@type":"ListItem","position":3,"name":"Internationaler Tag der Muttersprache"}]},{"@type":"Person","@id":"https:\/\/supereule.pl\/de\/#\/schema\/person\/1e411a06175b0baa4c1e0be104b982cd","name":"Maria Smarzoch","image":{"@type":"ImageObject","inLanguage":"de","@id":"https:\/\/supereule.pl\/de\/#\/schema\/person\/image\/","url":"https:\/\/secure.gravatar.com\/avatar\/bc959eab426354ddf82911ebc9552b60?s=96&d=mm&r=g","contentUrl":"https:\/\/secure.gravatar.com\/avatar\/bc959eab426354ddf82911ebc9552b60?s=96&d=mm&r=g","caption":"Maria Smarzoch"},"url":"https:\/\/supereule.pl\/de\/author\/maria-smarzochvdg-pl\/"}]}},"_links":{"self":[{"href":"https:\/\/supereule.pl\/de\/wp-json\/wp\/v2\/posts\/11331"}],"collection":[{"href":"https:\/\/supereule.pl\/de\/wp-json\/wp\/v2\/posts"}],"about":[{"href":"https:\/\/supereule.pl\/de\/wp-json\/wp\/v2\/types\/post"}],"author":[{"embeddable":true,"href":"https:\/\/supereule.pl\/de\/wp-json\/wp\/v2\/users\/7"}],"replies":[{"embeddable":true,"href":"https:\/\/supereule.pl\/de\/wp-json\/wp\/v2\/comments?post=11331"}],"version-history":[{"count":1,"href":"https:\/\/supereule.pl\/de\/wp-json\/wp\/v2\/posts\/11331\/revisions"}],"predecessor-version":[{"id":11332,"href":"https:\/\/supereule.pl\/de\/wp-json\/wp\/v2\/posts\/11331\/revisions\/11332"}],"wp:featuredmedia":[{"embeddable":true,"href":"https:\/\/supereule.pl\/de\/wp-json\/wp\/v2\/media\/11329"}],"wp:attachment":[{"href":"https:\/\/supereule.pl\/de\/wp-json\/wp\/v2\/media?parent=11331"}],"wp:term":[{"taxonomy":"category","embeddable":true,"href":"https:\/\/supereule.pl\/de\/wp-json\/wp\/v2\/categories?post=11331"},{"taxonomy":"post_tag","embeddable":true,"href":"https:\/\/supereule.pl\/de\/wp-json\/wp\/v2\/tags?post=11331"}],"curies":[{"name":"wp","href":"https:\/\/api.w.org\/{rel}","templated":true}]}}