{"id":11324,"date":"2026-02-19T10:37:06","date_gmt":"2026-02-19T09:37:06","guid":{"rendered":"https:\/\/supereule.pl\/konkurs-jestem-on-line-wiec-jestem-codziennosc-w-cyfrowej-rzeczywistosci-xxi-wieku\/"},"modified":"2026-02-19T10:44:44","modified_gmt":"2026-02-19T09:44:44","slug":"wettbewerb-ich-bin-online-also-bin-ich-mein-alltag-in-digitaler-wirklichkeit-des-21-jahrhunderts","status":"publish","type":"post","link":"https:\/\/supereule.pl\/de\/wettbewerb-ich-bin-online-also-bin-ich-mein-alltag-in-digitaler-wirklichkeit-des-21-jahrhunderts\/","title":{"rendered":"Wettbewerb \u201eIch bin online \u2013 also bin ich? Mein Alltag in digitaler Wirklichkeit des 21. Jahrhunderts\u201c"},"content":{"rendered":"<p style=\"text-align: justify;\">Das Institut f\u00fcr Sprachwissenschaft und das Institut f\u00fcr Literaturwissenschaft der Universit\u00e4t Oppeln laden Sch\u00fclerinnen und Sch\u00fcler der 7. und 8. Klasse der Grundschule sowie aller Klassen der weiterf\u00fchrenden Schulen zur Teilnahme am Wettbewerb \u201eIch bin online \u2013 also bin ich? Mein Alltag in digitaler Wirklichkeit des 21. Jahrhunderts\u201c ein.<\/p>\n<p style=\"text-align: justify;\">Hast du dir schon mal Gedanken dar\u00fcber gemacht, wie Technologie, Internet und soziale Medien dein t\u00e4gliches Leben, deine Denkweise und deine Kommunikation mit anderen beeinflussen? Oder interessiert dich vielleicht, wie die deutsche Sprache in der digitalen Welt funktioniert \u2013 in sozialen Medien, Messengern, Spielen, Vlogs oder im Online-Bereich? Wenn ja, dann ist dieser Wettbewerb genau das Richtige f\u00fcr dich!<\/p>\n<p>Beispiele f\u00fcr Wettbewerbsbeitr\u00e4ge:<\/p>\n<ul>\n<li>Text<\/li>\n<li>Beitrag in sozialen Medien<\/li>\n<li>Vlog<\/li>\n<li>Brief<\/li>\n<li>Lied<\/li>\n<li>Comic<\/li>\n<\/ul>\n<p style=\"text-align: justify;\">Wir laden dich herzlich ein, an unserem Wettbewerb teilzunehmen, in dem du deine Erfahrungen mit der digitalen Realit\u00e4t des 21. Jahrhunderts auf kreative und reflektierte Weise beschreiben kannst, indem du die deutsche Sprache als Mittel zur Beschreibung, Reflexion und Interpretation der heutigen Welt nutzt.<\/p>\n<p>Einsendeschluss f\u00fcr Beitr\u00e4ge: bis zum 15. M\u00e4rz 2026<\/p>\n<p>Detaillierte Informationen:<a href=\"https:\/\/wfil.uni.opole.pl\/aktualnosci\/jestem-on-line-wiec-jestem-codziennosc-w-cyfrowej-rzeczywistosci-xxi-wieku\/?fbclid=IwY2xjawQDuI5leHRuA2FlbQIxMABicmlkETA3YUpTM3VuZWF3UzNYeWxjc3J0YwZhcHBfaWQQMjIyMDM5MTc4ODIwMDg5MgABHl8FbxWr3cabjrqt_xx6lf6E6rlnx7Bh7XDB1OzhBAsXi5ofyu4SewUPGIts_aem_lk8L5U4sBC9Bjmluxh6kGw\"> https:\/\/wfil.uni.opole.pl\/aktualnosci\/jestem-on-lin&#8230;&#8230;<\/a><\/p>\n","protected":false},"excerpt":{"rendered":"<p>Das Institut f\u00fcr Sprachwissenschaft und das Institut f\u00fcr Literaturwissenschaft der Universit\u00e4t Oppeln laden Sch\u00fclerinnen und Sch\u00fcler der 7. und 8. Klasse der Grundschule sowie aller Klassen der weiterf\u00fchrenden Schulen zur Teilnahme am Wettbewerb \u201eIch bin online \u2013 also bin ich? Mein Alltag in digitaler Wirklichkeit des 21. Jahrhunderts\u201c ein. Hast du dir schon mal Gedanken [&hellip;]<\/p>\n","protected":false},"author":7,"featured_media":11322,"comment_status":"closed","ping_status":"closed","sticky":false,"template":"","format":"standard","meta":[],"categories":[94,72,79],"tags":[],"acf":[],"yoast_head":"<!-- This site is optimized with the Yoast SEO plugin v18.9 - https:\/\/yoast.com\/wordpress\/plugins\/seo\/ -->\n<title>Wettbewerb \u201eIch bin online \u2013 also bin ich? Mein Alltag in digitaler Wirklichkeit des 21. Jahrhunderts\u201c - Supereule - Platforma edukacyjna Mniejszo\u015bci Niemieckiej<\/title>\n<meta name=\"robots\" content=\"index, follow, max-snippet:-1, max-image-preview:large, max-video-preview:-1\" \/>\n<link rel=\"canonical\" href=\"https:\/\/supereule.pl\/de\/wettbewerb-ich-bin-online-also-bin-ich-mein-alltag-in-digitaler-wirklichkeit-des-21-jahrhunderts\/\" \/>\n<meta property=\"og:locale\" content=\"de_DE\" \/>\n<meta property=\"og:type\" content=\"article\" \/>\n<meta property=\"og:title\" content=\"Wettbewerb \u201eIch bin online \u2013 also bin ich? Mein Alltag in digitaler Wirklichkeit des 21. Jahrhunderts\u201c - Supereule - Platforma edukacyjna Mniejszo\u015bci Niemieckiej\" \/>\n<meta property=\"og:description\" content=\"Das Institut f\u00fcr Sprachwissenschaft und das Institut f\u00fcr Literaturwissenschaft der Universit\u00e4t Oppeln laden Sch\u00fclerinnen und Sch\u00fcler der 7. und 8. Klasse der Grundschule sowie aller Klassen der weiterf\u00fchrenden Schulen zur Teilnahme am Wettbewerb \u201eIch bin online \u2013 also bin ich? Mein Alltag in digitaler Wirklichkeit des 21. Jahrhunderts\u201c ein. Hast du dir schon mal Gedanken [&hellip;]\" \/>\n<meta property=\"og:url\" content=\"https:\/\/supereule.pl\/de\/wettbewerb-ich-bin-online-also-bin-ich-mein-alltag-in-digitaler-wirklichkeit-des-21-jahrhunderts\/\" \/>\n<meta property=\"og:site_name\" content=\"Supereule - Platforma edukacyjna Mniejszo\u015bci Niemieckiej\" \/>\n<meta property=\"article:published_time\" content=\"2026-02-19T09:37:06+00:00\" \/>\n<meta property=\"article:modified_time\" content=\"2026-02-19T09:44:44+00:00\" \/>\n<meta property=\"og:image\" content=\"https:\/\/supereule.pl\/wp-content\/uploads\/2026\/02\/Ich-bin-online-also-bin-ich.png\" \/>\n\t<meta property=\"og:image:width\" content=\"1080\" \/>\n\t<meta property=\"og:image:height\" content=\"1080\" \/>\n\t<meta property=\"og:image:type\" content=\"image\/png\" \/>\n<meta name=\"twitter:card\" content=\"summary_large_image\" \/>\n<meta name=\"twitter:label1\" content=\"Verfasst von\" \/>\n\t<meta name=\"twitter:data1\" content=\"Maria Smarzoch\" \/>\n\t<meta name=\"twitter:label2\" content=\"Gesch\u00e4tzte Lesezeit\" \/>\n\t<meta name=\"twitter:data2\" content=\"1\u00a0Minute\" \/>\n<script type=\"application\/ld+json\" class=\"yoast-schema-graph\">{\"@context\":\"https:\/\/schema.org\",\"@graph\":[{\"@type\":\"WebSite\",\"@id\":\"https:\/\/supereule.pl\/de\/#website\",\"url\":\"https:\/\/supereule.pl\/de\/\",\"name\":\"Supereule - Platforma edukacyjna Mniejszo\u015bci Niemieckiej\",\"description\":\"\",\"potentialAction\":[{\"@type\":\"SearchAction\",\"target\":{\"@type\":\"EntryPoint\",\"urlTemplate\":\"https:\/\/supereule.pl\/de\/?s={search_term_string}\"},\"query-input\":\"required name=search_term_string\"}],\"inLanguage\":\"de\"},{\"@type\":\"ImageObject\",\"inLanguage\":\"de\",\"@id\":\"https:\/\/supereule.pl\/de\/wettbewerb-ich-bin-online-also-bin-ich-mein-alltag-in-digitaler-wirklichkeit-des-21-jahrhunderts\/#primaryimage\",\"url\":\"https:\/\/supereule.pl\/wp-content\/uploads\/2026\/02\/Ich-bin-online-also-bin-ich.png\",\"contentUrl\":\"https:\/\/supereule.pl\/wp-content\/uploads\/2026\/02\/Ich-bin-online-also-bin-ich.png\",\"width\":1080,\"height\":1080},{\"@type\":\"WebPage\",\"@id\":\"https:\/\/supereule.pl\/de\/wettbewerb-ich-bin-online-also-bin-ich-mein-alltag-in-digitaler-wirklichkeit-des-21-jahrhunderts\/#webpage\",\"url\":\"https:\/\/supereule.pl\/de\/wettbewerb-ich-bin-online-also-bin-ich-mein-alltag-in-digitaler-wirklichkeit-des-21-jahrhunderts\/\",\"name\":\"Wettbewerb \u201eIch bin online \u2013 also bin ich? Mein Alltag in digitaler Wirklichkeit des 21. Jahrhunderts\u201c - Supereule - Platforma edukacyjna Mniejszo\u015bci Niemieckiej\",\"isPartOf\":{\"@id\":\"https:\/\/supereule.pl\/de\/#website\"},\"primaryImageOfPage\":{\"@id\":\"https:\/\/supereule.pl\/de\/wettbewerb-ich-bin-online-also-bin-ich-mein-alltag-in-digitaler-wirklichkeit-des-21-jahrhunderts\/#primaryimage\"},\"datePublished\":\"2026-02-19T09:37:06+00:00\",\"dateModified\":\"2026-02-19T09:44:44+00:00\",\"author\":{\"@id\":\"https:\/\/supereule.pl\/de\/#\/schema\/person\/1e411a06175b0baa4c1e0be104b982cd\"},\"breadcrumb\":{\"@id\":\"https:\/\/supereule.pl\/de\/wettbewerb-ich-bin-online-also-bin-ich-mein-alltag-in-digitaler-wirklichkeit-des-21-jahrhunderts\/#breadcrumb\"},\"inLanguage\":\"de\",\"potentialAction\":[{\"@type\":\"ReadAction\",\"target\":[\"https:\/\/supereule.pl\/de\/wettbewerb-ich-bin-online-also-bin-ich-mein-alltag-in-digitaler-wirklichkeit-des-21-jahrhunderts\/\"]}]},{\"@type\":\"BreadcrumbList\",\"@id\":\"https:\/\/supereule.pl\/de\/wettbewerb-ich-bin-online-also-bin-ich-mein-alltag-in-digitaler-wirklichkeit-des-21-jahrhunderts\/#breadcrumb\",\"itemListElement\":[{\"@type\":\"ListItem\",\"position\":1,\"name\":\"Home\",\"item\":\"https:\/\/supereule.pl\/de\/\"},{\"@type\":\"ListItem\",\"position\":2,\"name\":\"Lehrer\",\"item\":\"https:\/\/supereule.pl\/de\/category\/lehrer\/\"},{\"@type\":\"ListItem\",\"position\":3,\"name\":\"Wettbewerb \u201eIch bin online \u2013 also bin ich? Mein Alltag in digitaler Wirklichkeit des 21. Jahrhunderts\u201c\"}]},{\"@type\":\"Person\",\"@id\":\"https:\/\/supereule.pl\/de\/#\/schema\/person\/1e411a06175b0baa4c1e0be104b982cd\",\"name\":\"Maria Smarzoch\",\"image\":{\"@type\":\"ImageObject\",\"inLanguage\":\"de\",\"@id\":\"https:\/\/supereule.pl\/de\/#\/schema\/person\/image\/\",\"url\":\"https:\/\/secure.gravatar.com\/avatar\/bc959eab426354ddf82911ebc9552b60?s=96&d=mm&r=g\",\"contentUrl\":\"https:\/\/secure.gravatar.com\/avatar\/bc959eab426354ddf82911ebc9552b60?s=96&d=mm&r=g\",\"caption\":\"Maria Smarzoch\"},\"url\":\"https:\/\/supereule.pl\/de\/author\/maria-smarzochvdg-pl\/\"}]}<\/script>\n<!-- \/ Yoast SEO plugin. -->","yoast_head_json":{"title":"Wettbewerb \u201eIch bin online \u2013 also bin ich? Mein Alltag in digitaler Wirklichkeit des 21. Jahrhunderts\u201c - Supereule - Platforma edukacyjna Mniejszo\u015bci Niemieckiej","robots":{"index":"index","follow":"follow","max-snippet":"max-snippet:-1","max-image-preview":"max-image-preview:large","max-video-preview":"max-video-preview:-1"},"canonical":"https:\/\/supereule.pl\/de\/wettbewerb-ich-bin-online-also-bin-ich-mein-alltag-in-digitaler-wirklichkeit-des-21-jahrhunderts\/","og_locale":"de_DE","og_type":"article","og_title":"Wettbewerb \u201eIch bin online \u2013 also bin ich? Mein Alltag in digitaler Wirklichkeit des 21. Jahrhunderts\u201c - Supereule - Platforma edukacyjna Mniejszo\u015bci Niemieckiej","og_description":"Das Institut f\u00fcr Sprachwissenschaft und das Institut f\u00fcr Literaturwissenschaft der Universit\u00e4t Oppeln laden Sch\u00fclerinnen und Sch\u00fcler der 7. und 8. Klasse der Grundschule sowie aller Klassen der weiterf\u00fchrenden Schulen zur Teilnahme am Wettbewerb \u201eIch bin online \u2013 also bin ich? Mein Alltag in digitaler Wirklichkeit des 21. Jahrhunderts\u201c ein. Hast du dir schon mal Gedanken [&hellip;]","og_url":"https:\/\/supereule.pl\/de\/wettbewerb-ich-bin-online-also-bin-ich-mein-alltag-in-digitaler-wirklichkeit-des-21-jahrhunderts\/","og_site_name":"Supereule - Platforma edukacyjna Mniejszo\u015bci Niemieckiej","article_published_time":"2026-02-19T09:37:06+00:00","article_modified_time":"2026-02-19T09:44:44+00:00","og_image":[{"width":1080,"height":1080,"url":"https:\/\/supereule.pl\/wp-content\/uploads\/2026\/02\/Ich-bin-online-also-bin-ich.png","type":"image\/png"}],"twitter_card":"summary_large_image","twitter_misc":{"Verfasst von":"Maria Smarzoch","Gesch\u00e4tzte Lesezeit":"1\u00a0Minute"},"schema":{"@context":"https:\/\/schema.org","@graph":[{"@type":"WebSite","@id":"https:\/\/supereule.pl\/de\/#website","url":"https:\/\/supereule.pl\/de\/","name":"Supereule - Platforma edukacyjna Mniejszo\u015bci Niemieckiej","description":"","potentialAction":[{"@type":"SearchAction","target":{"@type":"EntryPoint","urlTemplate":"https:\/\/supereule.pl\/de\/?s={search_term_string}"},"query-input":"required name=search_term_string"}],"inLanguage":"de"},{"@type":"ImageObject","inLanguage":"de","@id":"https:\/\/supereule.pl\/de\/wettbewerb-ich-bin-online-also-bin-ich-mein-alltag-in-digitaler-wirklichkeit-des-21-jahrhunderts\/#primaryimage","url":"https:\/\/supereule.pl\/wp-content\/uploads\/2026\/02\/Ich-bin-online-also-bin-ich.png","contentUrl":"https:\/\/supereule.pl\/wp-content\/uploads\/2026\/02\/Ich-bin-online-also-bin-ich.png","width":1080,"height":1080},{"@type":"WebPage","@id":"https:\/\/supereule.pl\/de\/wettbewerb-ich-bin-online-also-bin-ich-mein-alltag-in-digitaler-wirklichkeit-des-21-jahrhunderts\/#webpage","url":"https:\/\/supereule.pl\/de\/wettbewerb-ich-bin-online-also-bin-ich-mein-alltag-in-digitaler-wirklichkeit-des-21-jahrhunderts\/","name":"Wettbewerb \u201eIch bin online \u2013 also bin ich? Mein Alltag in digitaler Wirklichkeit des 21. Jahrhunderts\u201c - Supereule - Platforma edukacyjna Mniejszo\u015bci Niemieckiej","isPartOf":{"@id":"https:\/\/supereule.pl\/de\/#website"},"primaryImageOfPage":{"@id":"https:\/\/supereule.pl\/de\/wettbewerb-ich-bin-online-also-bin-ich-mein-alltag-in-digitaler-wirklichkeit-des-21-jahrhunderts\/#primaryimage"},"datePublished":"2026-02-19T09:37:06+00:00","dateModified":"2026-02-19T09:44:44+00:00","author":{"@id":"https:\/\/supereule.pl\/de\/#\/schema\/person\/1e411a06175b0baa4c1e0be104b982cd"},"breadcrumb":{"@id":"https:\/\/supereule.pl\/de\/wettbewerb-ich-bin-online-also-bin-ich-mein-alltag-in-digitaler-wirklichkeit-des-21-jahrhunderts\/#breadcrumb"},"inLanguage":"de","potentialAction":[{"@type":"ReadAction","target":["https:\/\/supereule.pl\/de\/wettbewerb-ich-bin-online-also-bin-ich-mein-alltag-in-digitaler-wirklichkeit-des-21-jahrhunderts\/"]}]},{"@type":"BreadcrumbList","@id":"https:\/\/supereule.pl\/de\/wettbewerb-ich-bin-online-also-bin-ich-mein-alltag-in-digitaler-wirklichkeit-des-21-jahrhunderts\/#breadcrumb","itemListElement":[{"@type":"ListItem","position":1,"name":"Home","item":"https:\/\/supereule.pl\/de\/"},{"@type":"ListItem","position":2,"name":"Lehrer","item":"https:\/\/supereule.pl\/de\/category\/lehrer\/"},{"@type":"ListItem","position":3,"name":"Wettbewerb \u201eIch bin online \u2013 also bin ich? Mein Alltag in digitaler Wirklichkeit des 21. Jahrhunderts\u201c"}]},{"@type":"Person","@id":"https:\/\/supereule.pl\/de\/#\/schema\/person\/1e411a06175b0baa4c1e0be104b982cd","name":"Maria Smarzoch","image":{"@type":"ImageObject","inLanguage":"de","@id":"https:\/\/supereule.pl\/de\/#\/schema\/person\/image\/","url":"https:\/\/secure.gravatar.com\/avatar\/bc959eab426354ddf82911ebc9552b60?s=96&d=mm&r=g","contentUrl":"https:\/\/secure.gravatar.com\/avatar\/bc959eab426354ddf82911ebc9552b60?s=96&d=mm&r=g","caption":"Maria Smarzoch"},"url":"https:\/\/supereule.pl\/de\/author\/maria-smarzochvdg-pl\/"}]}},"_links":{"self":[{"href":"https:\/\/supereule.pl\/de\/wp-json\/wp\/v2\/posts\/11324"}],"collection":[{"href":"https:\/\/supereule.pl\/de\/wp-json\/wp\/v2\/posts"}],"about":[{"href":"https:\/\/supereule.pl\/de\/wp-json\/wp\/v2\/types\/post"}],"author":[{"embeddable":true,"href":"https:\/\/supereule.pl\/de\/wp-json\/wp\/v2\/users\/7"}],"replies":[{"embeddable":true,"href":"https:\/\/supereule.pl\/de\/wp-json\/wp\/v2\/comments?post=11324"}],"version-history":[{"count":2,"href":"https:\/\/supereule.pl\/de\/wp-json\/wp\/v2\/posts\/11324\/revisions"}],"predecessor-version":[{"id":11326,"href":"https:\/\/supereule.pl\/de\/wp-json\/wp\/v2\/posts\/11324\/revisions\/11326"}],"wp:featuredmedia":[{"embeddable":true,"href":"https:\/\/supereule.pl\/de\/wp-json\/wp\/v2\/media\/11322"}],"wp:attachment":[{"href":"https:\/\/supereule.pl\/de\/wp-json\/wp\/v2\/media?parent=11324"}],"wp:term":[{"taxonomy":"category","embeddable":true,"href":"https:\/\/supereule.pl\/de\/wp-json\/wp\/v2\/categories?post=11324"},{"taxonomy":"post_tag","embeddable":true,"href":"https:\/\/supereule.pl\/de\/wp-json\/wp\/v2\/tags?post=11324"}],"curies":[{"name":"wp","href":"https:\/\/api.w.org\/{rel}","templated":true}]}}