{"id":11316,"date":"2026-02-18T10:51:21","date_gmt":"2026-02-18T09:51:21","guid":{"rendered":"https:\/\/supereule.pl\/arbeitsblatter-fur-den-internationalen-tag-der-muttersprache\/"},"modified":"2026-02-18T10:56:49","modified_gmt":"2026-02-18T09:56:49","slug":"arbeitsblatt-zum-internationalen-tag-der-muttersprache","status":"publish","type":"post","link":"https:\/\/supereule.pl\/de\/arbeitsblatt-zum-internationalen-tag-der-muttersprache\/","title":{"rendered":"Arbeitsblatt zum Internationalen Tag der Muttersprache"},"content":{"rendered":"<p style=\"text-align: justify;\"><strong>DW Deutsch lernen<\/strong> hat das Material \u201eUnsere Muttersprache und wir\u201d vorbereitet. Es eignet sich hervorragend f\u00fcr den Internationalen Tag der Muttersprache (21. Februar). Sie k\u00f6nnen Ihren Sch\u00fclern ein Arbeitsblatt mit Aufgaben zum H\u00f6rverstehen anbieten. Auf der Website finden Sie eine Audioaufnahme, ein Arbeitsblatt zum Herunterladen und, falls erforderlich, eine Transkription des Textes.<\/p>\n<p><a href=\"https:\/\/learngerman.dw.com\/de\/unsere-muttersprache-und-wir\/l-50386795\">Unsere Muttersprache und wir\u00a0<\/a><\/p>\n<p>&nbsp;<\/p>\n","protected":false},"excerpt":{"rendered":"<p>DW Deutsch lernen hat das Material \u201eUnsere Muttersprache und wir\u201d vorbereitet. Es eignet sich hervorragend f\u00fcr den Internationalen Tag der Muttersprache (21. Februar). Sie k\u00f6nnen Ihren Sch\u00fclern ein Arbeitsblatt mit Aufgaben zum H\u00f6rverstehen anbieten. Auf der Website finden Sie eine Audioaufnahme, ein Arbeitsblatt zum Herunterladen und, falls erforderlich, eine Transkription des Textes. Unsere Muttersprache und [&hellip;]<\/p>\n","protected":false},"author":7,"featured_media":11315,"comment_status":"closed","ping_status":"closed","sticky":false,"template":"","format":"standard","meta":[],"categories":[94,72],"tags":[],"acf":[],"yoast_head":"<!-- This site is optimized with the Yoast SEO plugin v18.9 - https:\/\/yoast.com\/wordpress\/plugins\/seo\/ -->\n<title>Arbeitsblatt zum Internationalen Tag der Muttersprache - Supereule - Platforma edukacyjna Mniejszo\u015bci Niemieckiej<\/title>\n<meta name=\"robots\" content=\"index, follow, max-snippet:-1, max-image-preview:large, max-video-preview:-1\" \/>\n<link rel=\"canonical\" href=\"https:\/\/supereule.pl\/de\/arbeitsblatt-zum-internationalen-tag-der-muttersprache\/\" \/>\n<meta property=\"og:locale\" content=\"de_DE\" \/>\n<meta property=\"og:type\" content=\"article\" \/>\n<meta property=\"og:title\" content=\"Arbeitsblatt zum Internationalen Tag der Muttersprache - Supereule - Platforma edukacyjna Mniejszo\u015bci Niemieckiej\" \/>\n<meta property=\"og:description\" content=\"DW Deutsch lernen hat das Material \u201eUnsere Muttersprache und wir\u201d vorbereitet. Es eignet sich hervorragend f\u00fcr den Internationalen Tag der Muttersprache (21. Februar). Sie k\u00f6nnen Ihren Sch\u00fclern ein Arbeitsblatt mit Aufgaben zum H\u00f6rverstehen anbieten. Auf der Website finden Sie eine Audioaufnahme, ein Arbeitsblatt zum Herunterladen und, falls erforderlich, eine Transkription des Textes. Unsere Muttersprache und [&hellip;]\" \/>\n<meta property=\"og:url\" content=\"https:\/\/supereule.pl\/de\/arbeitsblatt-zum-internationalen-tag-der-muttersprache\/\" \/>\n<meta property=\"og:site_name\" content=\"Supereule - Platforma edukacyjna Mniejszo\u015bci Niemieckiej\" \/>\n<meta property=\"article:published_time\" content=\"2026-02-18T09:51:21+00:00\" \/>\n<meta property=\"article:modified_time\" content=\"2026-02-18T09:56:49+00:00\" \/>\n<meta property=\"og:image\" content=\"https:\/\/supereule.pl\/wp-content\/uploads\/2026\/02\/itdms.png\" \/>\n\t<meta property=\"og:image:width\" content=\"940\" \/>\n\t<meta property=\"og:image:height\" content=\"788\" \/>\n\t<meta property=\"og:image:type\" content=\"image\/png\" \/>\n<meta name=\"twitter:card\" content=\"summary_large_image\" \/>\n<meta name=\"twitter:label1\" content=\"Verfasst von\" \/>\n\t<meta name=\"twitter:data1\" content=\"Maria Smarzoch\" \/>\n\t<meta name=\"twitter:label2\" content=\"Gesch\u00e4tzte Lesezeit\" \/>\n\t<meta name=\"twitter:data2\" content=\"1\u00a0Minute\" \/>\n<script type=\"application\/ld+json\" class=\"yoast-schema-graph\">{\"@context\":\"https:\/\/schema.org\",\"@graph\":[{\"@type\":\"WebSite\",\"@id\":\"https:\/\/supereule.pl\/de\/#website\",\"url\":\"https:\/\/supereule.pl\/de\/\",\"name\":\"Supereule - Platforma edukacyjna Mniejszo\u015bci Niemieckiej\",\"description\":\"\",\"potentialAction\":[{\"@type\":\"SearchAction\",\"target\":{\"@type\":\"EntryPoint\",\"urlTemplate\":\"https:\/\/supereule.pl\/de\/?s={search_term_string}\"},\"query-input\":\"required name=search_term_string\"}],\"inLanguage\":\"de\"},{\"@type\":\"ImageObject\",\"inLanguage\":\"de\",\"@id\":\"https:\/\/supereule.pl\/de\/arbeitsblatt-zum-internationalen-tag-der-muttersprache\/#primaryimage\",\"url\":\"https:\/\/supereule.pl\/wp-content\/uploads\/2026\/02\/itdms.png\",\"contentUrl\":\"https:\/\/supereule.pl\/wp-content\/uploads\/2026\/02\/itdms.png\",\"width\":940,\"height\":788},{\"@type\":\"WebPage\",\"@id\":\"https:\/\/supereule.pl\/de\/arbeitsblatt-zum-internationalen-tag-der-muttersprache\/#webpage\",\"url\":\"https:\/\/supereule.pl\/de\/arbeitsblatt-zum-internationalen-tag-der-muttersprache\/\",\"name\":\"Arbeitsblatt zum Internationalen Tag der Muttersprache - Supereule - Platforma edukacyjna Mniejszo\u015bci Niemieckiej\",\"isPartOf\":{\"@id\":\"https:\/\/supereule.pl\/de\/#website\"},\"primaryImageOfPage\":{\"@id\":\"https:\/\/supereule.pl\/de\/arbeitsblatt-zum-internationalen-tag-der-muttersprache\/#primaryimage\"},\"datePublished\":\"2026-02-18T09:51:21+00:00\",\"dateModified\":\"2026-02-18T09:56:49+00:00\",\"author\":{\"@id\":\"https:\/\/supereule.pl\/de\/#\/schema\/person\/1e411a06175b0baa4c1e0be104b982cd\"},\"breadcrumb\":{\"@id\":\"https:\/\/supereule.pl\/de\/arbeitsblatt-zum-internationalen-tag-der-muttersprache\/#breadcrumb\"},\"inLanguage\":\"de\",\"potentialAction\":[{\"@type\":\"ReadAction\",\"target\":[\"https:\/\/supereule.pl\/de\/arbeitsblatt-zum-internationalen-tag-der-muttersprache\/\"]}]},{\"@type\":\"BreadcrumbList\",\"@id\":\"https:\/\/supereule.pl\/de\/arbeitsblatt-zum-internationalen-tag-der-muttersprache\/#breadcrumb\",\"itemListElement\":[{\"@type\":\"ListItem\",\"position\":1,\"name\":\"Home\",\"item\":\"https:\/\/supereule.pl\/de\/\"},{\"@type\":\"ListItem\",\"position\":2,\"name\":\"Lehrer\",\"item\":\"https:\/\/supereule.pl\/de\/category\/lehrer\/\"},{\"@type\":\"ListItem\",\"position\":3,\"name\":\"Arbeitsblatt zum Internationalen Tag der Muttersprache\"}]},{\"@type\":\"Person\",\"@id\":\"https:\/\/supereule.pl\/de\/#\/schema\/person\/1e411a06175b0baa4c1e0be104b982cd\",\"name\":\"Maria Smarzoch\",\"image\":{\"@type\":\"ImageObject\",\"inLanguage\":\"de\",\"@id\":\"https:\/\/supereule.pl\/de\/#\/schema\/person\/image\/\",\"url\":\"https:\/\/secure.gravatar.com\/avatar\/bc959eab426354ddf82911ebc9552b60?s=96&d=mm&r=g\",\"contentUrl\":\"https:\/\/secure.gravatar.com\/avatar\/bc959eab426354ddf82911ebc9552b60?s=96&d=mm&r=g\",\"caption\":\"Maria Smarzoch\"},\"url\":\"https:\/\/supereule.pl\/de\/author\/maria-smarzochvdg-pl\/\"}]}<\/script>\n<!-- \/ Yoast SEO plugin. -->","yoast_head_json":{"title":"Arbeitsblatt zum Internationalen Tag der Muttersprache - Supereule - Platforma edukacyjna Mniejszo\u015bci Niemieckiej","robots":{"index":"index","follow":"follow","max-snippet":"max-snippet:-1","max-image-preview":"max-image-preview:large","max-video-preview":"max-video-preview:-1"},"canonical":"https:\/\/supereule.pl\/de\/arbeitsblatt-zum-internationalen-tag-der-muttersprache\/","og_locale":"de_DE","og_type":"article","og_title":"Arbeitsblatt zum Internationalen Tag der Muttersprache - Supereule - Platforma edukacyjna Mniejszo\u015bci Niemieckiej","og_description":"DW Deutsch lernen hat das Material \u201eUnsere Muttersprache und wir\u201d vorbereitet. Es eignet sich hervorragend f\u00fcr den Internationalen Tag der Muttersprache (21. Februar). Sie k\u00f6nnen Ihren Sch\u00fclern ein Arbeitsblatt mit Aufgaben zum H\u00f6rverstehen anbieten. Auf der Website finden Sie eine Audioaufnahme, ein Arbeitsblatt zum Herunterladen und, falls erforderlich, eine Transkription des Textes. Unsere Muttersprache und [&hellip;]","og_url":"https:\/\/supereule.pl\/de\/arbeitsblatt-zum-internationalen-tag-der-muttersprache\/","og_site_name":"Supereule - Platforma edukacyjna Mniejszo\u015bci Niemieckiej","article_published_time":"2026-02-18T09:51:21+00:00","article_modified_time":"2026-02-18T09:56:49+00:00","og_image":[{"width":940,"height":788,"url":"https:\/\/supereule.pl\/wp-content\/uploads\/2026\/02\/itdms.png","type":"image\/png"}],"twitter_card":"summary_large_image","twitter_misc":{"Verfasst von":"Maria Smarzoch","Gesch\u00e4tzte Lesezeit":"1\u00a0Minute"},"schema":{"@context":"https:\/\/schema.org","@graph":[{"@type":"WebSite","@id":"https:\/\/supereule.pl\/de\/#website","url":"https:\/\/supereule.pl\/de\/","name":"Supereule - Platforma edukacyjna Mniejszo\u015bci Niemieckiej","description":"","potentialAction":[{"@type":"SearchAction","target":{"@type":"EntryPoint","urlTemplate":"https:\/\/supereule.pl\/de\/?s={search_term_string}"},"query-input":"required name=search_term_string"}],"inLanguage":"de"},{"@type":"ImageObject","inLanguage":"de","@id":"https:\/\/supereule.pl\/de\/arbeitsblatt-zum-internationalen-tag-der-muttersprache\/#primaryimage","url":"https:\/\/supereule.pl\/wp-content\/uploads\/2026\/02\/itdms.png","contentUrl":"https:\/\/supereule.pl\/wp-content\/uploads\/2026\/02\/itdms.png","width":940,"height":788},{"@type":"WebPage","@id":"https:\/\/supereule.pl\/de\/arbeitsblatt-zum-internationalen-tag-der-muttersprache\/#webpage","url":"https:\/\/supereule.pl\/de\/arbeitsblatt-zum-internationalen-tag-der-muttersprache\/","name":"Arbeitsblatt zum Internationalen Tag der Muttersprache - Supereule - Platforma edukacyjna Mniejszo\u015bci Niemieckiej","isPartOf":{"@id":"https:\/\/supereule.pl\/de\/#website"},"primaryImageOfPage":{"@id":"https:\/\/supereule.pl\/de\/arbeitsblatt-zum-internationalen-tag-der-muttersprache\/#primaryimage"},"datePublished":"2026-02-18T09:51:21+00:00","dateModified":"2026-02-18T09:56:49+00:00","author":{"@id":"https:\/\/supereule.pl\/de\/#\/schema\/person\/1e411a06175b0baa4c1e0be104b982cd"},"breadcrumb":{"@id":"https:\/\/supereule.pl\/de\/arbeitsblatt-zum-internationalen-tag-der-muttersprache\/#breadcrumb"},"inLanguage":"de","potentialAction":[{"@type":"ReadAction","target":["https:\/\/supereule.pl\/de\/arbeitsblatt-zum-internationalen-tag-der-muttersprache\/"]}]},{"@type":"BreadcrumbList","@id":"https:\/\/supereule.pl\/de\/arbeitsblatt-zum-internationalen-tag-der-muttersprache\/#breadcrumb","itemListElement":[{"@type":"ListItem","position":1,"name":"Home","item":"https:\/\/supereule.pl\/de\/"},{"@type":"ListItem","position":2,"name":"Lehrer","item":"https:\/\/supereule.pl\/de\/category\/lehrer\/"},{"@type":"ListItem","position":3,"name":"Arbeitsblatt zum Internationalen Tag der Muttersprache"}]},{"@type":"Person","@id":"https:\/\/supereule.pl\/de\/#\/schema\/person\/1e411a06175b0baa4c1e0be104b982cd","name":"Maria Smarzoch","image":{"@type":"ImageObject","inLanguage":"de","@id":"https:\/\/supereule.pl\/de\/#\/schema\/person\/image\/","url":"https:\/\/secure.gravatar.com\/avatar\/bc959eab426354ddf82911ebc9552b60?s=96&d=mm&r=g","contentUrl":"https:\/\/secure.gravatar.com\/avatar\/bc959eab426354ddf82911ebc9552b60?s=96&d=mm&r=g","caption":"Maria Smarzoch"},"url":"https:\/\/supereule.pl\/de\/author\/maria-smarzochvdg-pl\/"}]}},"_links":{"self":[{"href":"https:\/\/supereule.pl\/de\/wp-json\/wp\/v2\/posts\/11316"}],"collection":[{"href":"https:\/\/supereule.pl\/de\/wp-json\/wp\/v2\/posts"}],"about":[{"href":"https:\/\/supereule.pl\/de\/wp-json\/wp\/v2\/types\/post"}],"author":[{"embeddable":true,"href":"https:\/\/supereule.pl\/de\/wp-json\/wp\/v2\/users\/7"}],"replies":[{"embeddable":true,"href":"https:\/\/supereule.pl\/de\/wp-json\/wp\/v2\/comments?post=11316"}],"version-history":[{"count":1,"href":"https:\/\/supereule.pl\/de\/wp-json\/wp\/v2\/posts\/11316\/revisions"}],"predecessor-version":[{"id":11317,"href":"https:\/\/supereule.pl\/de\/wp-json\/wp\/v2\/posts\/11316\/revisions\/11317"}],"wp:featuredmedia":[{"embeddable":true,"href":"https:\/\/supereule.pl\/de\/wp-json\/wp\/v2\/media\/11315"}],"wp:attachment":[{"href":"https:\/\/supereule.pl\/de\/wp-json\/wp\/v2\/media?parent=11316"}],"wp:term":[{"taxonomy":"category","embeddable":true,"href":"https:\/\/supereule.pl\/de\/wp-json\/wp\/v2\/categories?post=11316"},{"taxonomy":"post_tag","embeddable":true,"href":"https:\/\/supereule.pl\/de\/wp-json\/wp\/v2\/tags?post=11316"}],"curies":[{"name":"wp","href":"https:\/\/api.w.org\/{rel}","templated":true}]}}