{"id":11142,"date":"2026-01-12T15:13:42","date_gmt":"2026-01-12T14:13:42","guid":{"rendered":"https:\/\/supereule.pl\/szkolenie-online-dla-nauczycieli-jezyka-niemieckiego\/"},"modified":"2026-01-12T15:16:24","modified_gmt":"2026-01-12T14:16:24","slug":"szkolenie-online-dla-nauczycieli-jezyka-niemieckiego","status":"publish","type":"post","link":"https:\/\/supereule.pl\/de\/szkolenie-online-dla-nauczycieli-jezyka-niemieckiego\/","title":{"rendered":"Online-Fortbildung f\u00fcr Deutschlehrkr\u00e4fte"},"content":{"rendered":"<div class=\"xdj266r x14z9mp xat24cr x1lziwak x1vvkbs x126k92a\">\n<div dir=\"auto\">\n<div dir=\"auto\">Wir laden herzlich zur Fortbildung \u201eWie man junge Vortragende bei der Gedichtrezitation unterst\u00fctzt\u201c ein, die sich an Lehrkr\u00e4fte richtet, die Sch\u00fcler:innen auf den Wettbewerb \u201eJugend tr\u00e4gt Gedichte vor \/ M\u0142odzie\u017c recytuje poezj\u0119\u201c vorbereiten.<\/div>\n<\/div>\n<\/div>\n<div class=\"x14z9mp xat24cr x1lziwak x1vvkbs xtlvy1s x126k92a\">\n<ul>\n<li dir=\"auto\">\u00a015.01.2026<\/li>\n<li dir=\"auto\">um 17:00 Uhr<\/li>\n<li dir=\"auto\">\u00a0online (Microsoft Teams)<\/li>\n<\/ul>\n<div dir=\"auto\"><\/div>\n<div dir=\"auto\">Die Fortbildung leitet Anna Graczyk \u2013 Theater- und Filmschauspielerin, P\u00e4dagogin und Liebhaberin der Poesie und der lebendigen Arbeit mit dem Wort.<\/div>\n<\/div>\n<div class=\"x14z9mp xat24cr x1lziwak x1vvkbs xtlvy1s x126k92a\">\n<p>Inhalte u. a.:<\/p>\n<ul>\n<li>Arbeit mit dem Gedicht<\/li>\n<li>Planung des Vorbereitungsprozesses<\/li>\n<li>Generalprobe und Auftrittstag<\/li>\n<li>praktische \u00dcbungen und Fragerunde<\/li>\n<\/ul>\n<p>Der Link zum Treffen befindet sich: <a href=\"https:\/\/teams.microsoft.com\/dl\/launcher\/launcher.html?url=%2F_%23%2Fl%2Fmeetup-join%2F19%3Ameeting_YzU4ZjRlMzQtYmU1MS00NTczLWJmYmQtNzA3ZDE4N2JjNGI2%40thread.v2%2F0%3Fcontext%3D%257B%2522Tid%2522%253A%25224d430686-3ad2-4919-b8ae-2fb829e1f2e6%2522%252C%2522Oid%2522%253A%25225e9342d9-1d2c-4154-b0ac-78f6886fddfb%2522%257D%26fbclid%3DIwZXh0bgNhZW0CMTAAYnJpZBEwN2FKUzN1bmVhd1MzWHlsY3NydGMGYXBwX2lkEDIyMjAzOTE3ODgyMDA4OTIAAR7VlaXlEnfK0LJfMQb7st84q_MdBRipnAHhKq_lbufQeSHUSifxbVclAeo19w_aem_kf9YNJ8JChvf3HTBkLSW-Q%26anon%3Dtrue&amp;type=meetup-join&amp;deeplinkId=0cf28870-ac2e-4604-bb4b-ba7ba03adc78&amp;directDl=true&amp;msLaunch=true&amp;enableMobilePage=true&amp;suppressPrompt=true&amp;fbclid=IwZXh0bgNhZW0CMTAAYnJpZBEwN2FKUzN1bmVhd1MzWHlsY3NydGMGYXBwX2lkEDIyMjAzOTE3ODgyMDA4OTIAAR4JNvrHEuKe1Xb1bB9XUWNtG64QAtwGffcnI0rzyt27HNSlcR7klsaor_wTpg_aem_qMzKwXL1s-oHe3soNWtD2Q\">HIER<\/a><\/p>\n<div dir=\"auto\">Meeting-ID: 332 236 865 197 5 Zugangscode: Gi6aj2d5<\/div>\n<\/div>\n","protected":false},"excerpt":{"rendered":"<p>Wir laden herzlich zur Fortbildung \u201eWie man junge Vortragende bei der Gedichtrezitation unterst\u00fctzt\u201c ein, die sich an Lehrkr\u00e4fte richtet, die Sch\u00fcler:innen auf den Wettbewerb \u201eJugend tr\u00e4gt Gedichte vor \/ M\u0142odzie\u017c recytuje poezj\u0119\u201c vorbereiten. \u00a015.01.2026 um 17:00 Uhr \u00a0online (Microsoft Teams) Die Fortbildung leitet Anna Graczyk \u2013 Theater- und Filmschauspielerin, P\u00e4dagogin und Liebhaberin der Poesie und [&hellip;]<\/p>\n","protected":false},"author":7,"featured_media":11140,"comment_status":"closed","ping_status":"closed","sticky":false,"template":"","format":"standard","meta":[],"categories":[94],"tags":[],"acf":[],"yoast_head":"<!-- This site is optimized with the Yoast SEO plugin v18.9 - https:\/\/yoast.com\/wordpress\/plugins\/seo\/ -->\n<title>Online-Fortbildung f\u00fcr Deutschlehrkr\u00e4fte - Supereule - Platforma edukacyjna Mniejszo\u015bci Niemieckiej<\/title>\n<meta name=\"robots\" content=\"index, follow, max-snippet:-1, max-image-preview:large, max-video-preview:-1\" \/>\n<link rel=\"canonical\" href=\"https:\/\/supereule.pl\/de\/szkolenie-online-dla-nauczycieli-jezyka-niemieckiego\/\" \/>\n<meta property=\"og:locale\" content=\"de_DE\" \/>\n<meta property=\"og:type\" content=\"article\" \/>\n<meta property=\"og:title\" content=\"Online-Fortbildung f\u00fcr Deutschlehrkr\u00e4fte - Supereule - Platforma edukacyjna Mniejszo\u015bci Niemieckiej\" \/>\n<meta property=\"og:description\" content=\"Wir laden herzlich zur Fortbildung \u201eWie man junge Vortragende bei der Gedichtrezitation unterst\u00fctzt\u201c ein, die sich an Lehrkr\u00e4fte richtet, die Sch\u00fcler:innen auf den Wettbewerb \u201eJugend tr\u00e4gt Gedichte vor \/ M\u0142odzie\u017c recytuje poezj\u0119\u201c vorbereiten. \u00a015.01.2026 um 17:00 Uhr \u00a0online (Microsoft Teams) Die Fortbildung leitet Anna Graczyk \u2013 Theater- und Filmschauspielerin, P\u00e4dagogin und Liebhaberin der Poesie und [&hellip;]\" \/>\n<meta property=\"og:url\" content=\"https:\/\/supereule.pl\/de\/szkolenie-online-dla-nauczycieli-jezyka-niemieckiego\/\" \/>\n<meta property=\"og:site_name\" content=\"Supereule - Platforma edukacyjna Mniejszo\u015bci Niemieckiej\" \/>\n<meta property=\"article:published_time\" content=\"2026-01-12T14:13:42+00:00\" \/>\n<meta property=\"article:modified_time\" content=\"2026-01-12T14:16:24+00:00\" \/>\n<meta property=\"og:image\" content=\"https:\/\/supereule.pl\/wp-content\/uploads\/2026\/01\/615286974_1296429059197280_1098556703658504216_n.jpg\" \/>\n\t<meta property=\"og:image:width\" content=\"940\" \/>\n\t<meta property=\"og:image:height\" content=\"788\" \/>\n\t<meta property=\"og:image:type\" content=\"image\/jpeg\" \/>\n<meta name=\"twitter:card\" content=\"summary_large_image\" \/>\n<meta name=\"twitter:label1\" content=\"Verfasst von\" \/>\n\t<meta name=\"twitter:data1\" content=\"Maria Smarzoch\" \/>\n\t<meta name=\"twitter:label2\" content=\"Gesch\u00e4tzte Lesezeit\" \/>\n\t<meta name=\"twitter:data2\" content=\"1\u00a0Minute\" \/>\n<script type=\"application\/ld+json\" class=\"yoast-schema-graph\">{\"@context\":\"https:\/\/schema.org\",\"@graph\":[{\"@type\":\"WebSite\",\"@id\":\"https:\/\/supereule.pl\/de\/#website\",\"url\":\"https:\/\/supereule.pl\/de\/\",\"name\":\"Supereule - Platforma edukacyjna Mniejszo\u015bci Niemieckiej\",\"description\":\"\",\"potentialAction\":[{\"@type\":\"SearchAction\",\"target\":{\"@type\":\"EntryPoint\",\"urlTemplate\":\"https:\/\/supereule.pl\/de\/?s={search_term_string}\"},\"query-input\":\"required name=search_term_string\"}],\"inLanguage\":\"de\"},{\"@type\":\"ImageObject\",\"inLanguage\":\"de\",\"@id\":\"https:\/\/supereule.pl\/de\/szkolenie-online-dla-nauczycieli-jezyka-niemieckiego\/#primaryimage\",\"url\":\"https:\/\/supereule.pl\/wp-content\/uploads\/2026\/01\/615286974_1296429059197280_1098556703658504216_n.jpg\",\"contentUrl\":\"https:\/\/supereule.pl\/wp-content\/uploads\/2026\/01\/615286974_1296429059197280_1098556703658504216_n.jpg\",\"width\":940,\"height\":788},{\"@type\":\"WebPage\",\"@id\":\"https:\/\/supereule.pl\/de\/szkolenie-online-dla-nauczycieli-jezyka-niemieckiego\/#webpage\",\"url\":\"https:\/\/supereule.pl\/de\/szkolenie-online-dla-nauczycieli-jezyka-niemieckiego\/\",\"name\":\"Online-Fortbildung f\u00fcr Deutschlehrkr\u00e4fte - Supereule - Platforma edukacyjna Mniejszo\u015bci Niemieckiej\",\"isPartOf\":{\"@id\":\"https:\/\/supereule.pl\/de\/#website\"},\"primaryImageOfPage\":{\"@id\":\"https:\/\/supereule.pl\/de\/szkolenie-online-dla-nauczycieli-jezyka-niemieckiego\/#primaryimage\"},\"datePublished\":\"2026-01-12T14:13:42+00:00\",\"dateModified\":\"2026-01-12T14:16:24+00:00\",\"author\":{\"@id\":\"https:\/\/supereule.pl\/de\/#\/schema\/person\/1e411a06175b0baa4c1e0be104b982cd\"},\"breadcrumb\":{\"@id\":\"https:\/\/supereule.pl\/de\/szkolenie-online-dla-nauczycieli-jezyka-niemieckiego\/#breadcrumb\"},\"inLanguage\":\"de\",\"potentialAction\":[{\"@type\":\"ReadAction\",\"target\":[\"https:\/\/supereule.pl\/de\/szkolenie-online-dla-nauczycieli-jezyka-niemieckiego\/\"]}]},{\"@type\":\"BreadcrumbList\",\"@id\":\"https:\/\/supereule.pl\/de\/szkolenie-online-dla-nauczycieli-jezyka-niemieckiego\/#breadcrumb\",\"itemListElement\":[{\"@type\":\"ListItem\",\"position\":1,\"name\":\"Home\",\"item\":\"https:\/\/supereule.pl\/de\/\"},{\"@type\":\"ListItem\",\"position\":2,\"name\":\"Lehrer\",\"item\":\"https:\/\/supereule.pl\/de\/category\/lehrer\/\"},{\"@type\":\"ListItem\",\"position\":3,\"name\":\"Online-Fortbildung f\u00fcr Deutschlehrkr\u00e4fte\"}]},{\"@type\":\"Person\",\"@id\":\"https:\/\/supereule.pl\/de\/#\/schema\/person\/1e411a06175b0baa4c1e0be104b982cd\",\"name\":\"Maria Smarzoch\",\"image\":{\"@type\":\"ImageObject\",\"inLanguage\":\"de\",\"@id\":\"https:\/\/supereule.pl\/de\/#\/schema\/person\/image\/\",\"url\":\"https:\/\/secure.gravatar.com\/avatar\/bc959eab426354ddf82911ebc9552b60?s=96&d=mm&r=g\",\"contentUrl\":\"https:\/\/secure.gravatar.com\/avatar\/bc959eab426354ddf82911ebc9552b60?s=96&d=mm&r=g\",\"caption\":\"Maria Smarzoch\"},\"url\":\"https:\/\/supereule.pl\/de\/author\/maria-smarzochvdg-pl\/\"}]}<\/script>\n<!-- \/ Yoast SEO plugin. -->","yoast_head_json":{"title":"Online-Fortbildung f\u00fcr Deutschlehrkr\u00e4fte - Supereule - Platforma edukacyjna Mniejszo\u015bci Niemieckiej","robots":{"index":"index","follow":"follow","max-snippet":"max-snippet:-1","max-image-preview":"max-image-preview:large","max-video-preview":"max-video-preview:-1"},"canonical":"https:\/\/supereule.pl\/de\/szkolenie-online-dla-nauczycieli-jezyka-niemieckiego\/","og_locale":"de_DE","og_type":"article","og_title":"Online-Fortbildung f\u00fcr Deutschlehrkr\u00e4fte - Supereule - Platforma edukacyjna Mniejszo\u015bci Niemieckiej","og_description":"Wir laden herzlich zur Fortbildung \u201eWie man junge Vortragende bei der Gedichtrezitation unterst\u00fctzt\u201c ein, die sich an Lehrkr\u00e4fte richtet, die Sch\u00fcler:innen auf den Wettbewerb \u201eJugend tr\u00e4gt Gedichte vor \/ M\u0142odzie\u017c recytuje poezj\u0119\u201c vorbereiten. \u00a015.01.2026 um 17:00 Uhr \u00a0online (Microsoft Teams) Die Fortbildung leitet Anna Graczyk \u2013 Theater- und Filmschauspielerin, P\u00e4dagogin und Liebhaberin der Poesie und [&hellip;]","og_url":"https:\/\/supereule.pl\/de\/szkolenie-online-dla-nauczycieli-jezyka-niemieckiego\/","og_site_name":"Supereule - Platforma edukacyjna Mniejszo\u015bci Niemieckiej","article_published_time":"2026-01-12T14:13:42+00:00","article_modified_time":"2026-01-12T14:16:24+00:00","og_image":[{"width":940,"height":788,"url":"https:\/\/supereule.pl\/wp-content\/uploads\/2026\/01\/615286974_1296429059197280_1098556703658504216_n.jpg","type":"image\/jpeg"}],"twitter_card":"summary_large_image","twitter_misc":{"Verfasst von":"Maria Smarzoch","Gesch\u00e4tzte Lesezeit":"1\u00a0Minute"},"schema":{"@context":"https:\/\/schema.org","@graph":[{"@type":"WebSite","@id":"https:\/\/supereule.pl\/de\/#website","url":"https:\/\/supereule.pl\/de\/","name":"Supereule - Platforma edukacyjna Mniejszo\u015bci Niemieckiej","description":"","potentialAction":[{"@type":"SearchAction","target":{"@type":"EntryPoint","urlTemplate":"https:\/\/supereule.pl\/de\/?s={search_term_string}"},"query-input":"required name=search_term_string"}],"inLanguage":"de"},{"@type":"ImageObject","inLanguage":"de","@id":"https:\/\/supereule.pl\/de\/szkolenie-online-dla-nauczycieli-jezyka-niemieckiego\/#primaryimage","url":"https:\/\/supereule.pl\/wp-content\/uploads\/2026\/01\/615286974_1296429059197280_1098556703658504216_n.jpg","contentUrl":"https:\/\/supereule.pl\/wp-content\/uploads\/2026\/01\/615286974_1296429059197280_1098556703658504216_n.jpg","width":940,"height":788},{"@type":"WebPage","@id":"https:\/\/supereule.pl\/de\/szkolenie-online-dla-nauczycieli-jezyka-niemieckiego\/#webpage","url":"https:\/\/supereule.pl\/de\/szkolenie-online-dla-nauczycieli-jezyka-niemieckiego\/","name":"Online-Fortbildung f\u00fcr Deutschlehrkr\u00e4fte - Supereule - Platforma edukacyjna Mniejszo\u015bci Niemieckiej","isPartOf":{"@id":"https:\/\/supereule.pl\/de\/#website"},"primaryImageOfPage":{"@id":"https:\/\/supereule.pl\/de\/szkolenie-online-dla-nauczycieli-jezyka-niemieckiego\/#primaryimage"},"datePublished":"2026-01-12T14:13:42+00:00","dateModified":"2026-01-12T14:16:24+00:00","author":{"@id":"https:\/\/supereule.pl\/de\/#\/schema\/person\/1e411a06175b0baa4c1e0be104b982cd"},"breadcrumb":{"@id":"https:\/\/supereule.pl\/de\/szkolenie-online-dla-nauczycieli-jezyka-niemieckiego\/#breadcrumb"},"inLanguage":"de","potentialAction":[{"@type":"ReadAction","target":["https:\/\/supereule.pl\/de\/szkolenie-online-dla-nauczycieli-jezyka-niemieckiego\/"]}]},{"@type":"BreadcrumbList","@id":"https:\/\/supereule.pl\/de\/szkolenie-online-dla-nauczycieli-jezyka-niemieckiego\/#breadcrumb","itemListElement":[{"@type":"ListItem","position":1,"name":"Home","item":"https:\/\/supereule.pl\/de\/"},{"@type":"ListItem","position":2,"name":"Lehrer","item":"https:\/\/supereule.pl\/de\/category\/lehrer\/"},{"@type":"ListItem","position":3,"name":"Online-Fortbildung f\u00fcr Deutschlehrkr\u00e4fte"}]},{"@type":"Person","@id":"https:\/\/supereule.pl\/de\/#\/schema\/person\/1e411a06175b0baa4c1e0be104b982cd","name":"Maria Smarzoch","image":{"@type":"ImageObject","inLanguage":"de","@id":"https:\/\/supereule.pl\/de\/#\/schema\/person\/image\/","url":"https:\/\/secure.gravatar.com\/avatar\/bc959eab426354ddf82911ebc9552b60?s=96&d=mm&r=g","contentUrl":"https:\/\/secure.gravatar.com\/avatar\/bc959eab426354ddf82911ebc9552b60?s=96&d=mm&r=g","caption":"Maria Smarzoch"},"url":"https:\/\/supereule.pl\/de\/author\/maria-smarzochvdg-pl\/"}]}},"_links":{"self":[{"href":"https:\/\/supereule.pl\/de\/wp-json\/wp\/v2\/posts\/11142"}],"collection":[{"href":"https:\/\/supereule.pl\/de\/wp-json\/wp\/v2\/posts"}],"about":[{"href":"https:\/\/supereule.pl\/de\/wp-json\/wp\/v2\/types\/post"}],"author":[{"embeddable":true,"href":"https:\/\/supereule.pl\/de\/wp-json\/wp\/v2\/users\/7"}],"replies":[{"embeddable":true,"href":"https:\/\/supereule.pl\/de\/wp-json\/wp\/v2\/comments?post=11142"}],"version-history":[{"count":2,"href":"https:\/\/supereule.pl\/de\/wp-json\/wp\/v2\/posts\/11142\/revisions"}],"predecessor-version":[{"id":11144,"href":"https:\/\/supereule.pl\/de\/wp-json\/wp\/v2\/posts\/11142\/revisions\/11144"}],"wp:featuredmedia":[{"embeddable":true,"href":"https:\/\/supereule.pl\/de\/wp-json\/wp\/v2\/media\/11140"}],"wp:attachment":[{"href":"https:\/\/supereule.pl\/de\/wp-json\/wp\/v2\/media?parent=11142"}],"wp:term":[{"taxonomy":"category","embeddable":true,"href":"https:\/\/supereule.pl\/de\/wp-json\/wp\/v2\/categories?post=11142"},{"taxonomy":"post_tag","embeddable":true,"href":"https:\/\/supereule.pl\/de\/wp-json\/wp\/v2\/tags?post=11142"}],"curies":[{"name":"wp","href":"https:\/\/api.w.org\/{rel}","templated":true}]}}