{"id":11022,"date":"2025-11-28T14:09:06","date_gmt":"2025-11-28T13:09:06","guid":{"rendered":"https:\/\/supereule.pl\/konkurs-literacki-mein-deutsches-weihnachten\/"},"modified":"2025-11-28T14:12:08","modified_gmt":"2025-11-28T13:12:08","slug":"schreibwettbewerb-mein-deutsches-weihnachten","status":"publish","type":"post","link":"https:\/\/supereule.pl\/de\/schreibwettbewerb-mein-deutsches-weihnachten\/","title":{"rendered":"Schreibwettbewerb \u201eMein deutsches Weihnachten\u201c"},"content":{"rendered":"<p style=\"text-align: justify;\" data-start=\"159\" data-end=\"471\">In vielen Familien der Deutschen Minderheit werden die Weihnachtstraditionen anders gefeiert als in der polnischen Mehrheitsgesellschaft. Manche Br\u00e4uche werden seit Generationen weitergegeben, andere haben sich im Laufe der Zeit ver\u00e4ndert \u2013 doch alle schaffen eine einzigartige, besondere Weihnachtsatmosph\u00e4re.<\/p>\n<p style=\"text-align: justify;\" data-start=\"473\" data-end=\"732\">Um Kinder und Jugendliche dazu zu ermutigen, dar\u00fcber nachzudenken, was \u201edeutsche Weihnachten\u201c f\u00fcr sie bedeuten und welche typisch deutschen Elemente in ihren Familien vorkommen, veranstalten BJDM und VdG den\u00a0<strong data-start=\"681\" data-end=\"732\">Schreibwettbewerb \u201eMein deutsches Weihnachten\u201c<\/strong>.<\/p>\n<h3 data-start=\"734\" data-end=\"767\"><strong data-start=\"738\" data-end=\"767\">Was k\u00f6nnt ihr einreichen?<\/strong><\/h3>\n<p data-start=\"768\" data-end=\"787\">Wir freuen uns auf:<\/p>\n<ul data-start=\"788\" data-end=\"938\">\n<li data-start=\"788\" data-end=\"807\">\n<p data-start=\"790\" data-end=\"807\">Kurzgeschichten<\/p>\n<\/li>\n<li data-start=\"808\" data-end=\"837\">\n<p data-start=\"810\" data-end=\"837\">Berichte und Erinnerungen<\/p>\n<\/li>\n<li data-start=\"838\" data-end=\"868\">\n<p data-start=\"840\" data-end=\"868\">eigene Gedichte und Lieder<\/p>\n<\/li>\n<li data-start=\"869\" data-end=\"938\">\n<p data-start=\"871\" data-end=\"938\">alle Texte, in denen typische deutsche Weihnachtselemente vorkommen<\/p>\n<\/li>\n<\/ul>\n<h3 data-start=\"940\" data-end=\"976\"><strong data-start=\"944\" data-end=\"976\">Wor\u00fcber k\u00f6nnt ihr schreiben?<\/strong><\/h3>\n<p data-start=\"977\" data-end=\"997\">Ein paar Leitfragen:<\/p>\n<ul data-start=\"998\" data-end=\"1210\">\n<li data-start=\"998\" data-end=\"1033\">\n<p data-start=\"1000\" data-end=\"1033\"><strong data-start=\"1000\" data-end=\"1031\">Wie feiert ihr Weihnachten?<\/strong><\/p>\n<\/li>\n<li data-start=\"1034\" data-end=\"1092\">\n<p data-start=\"1036\" data-end=\"1092\"><strong data-start=\"1036\" data-end=\"1090\">Was ist besonders deutsch an eurem Weihnachtsfest?<\/strong><\/p>\n<\/li>\n<li data-start=\"1093\" data-end=\"1151\">\n<p data-start=\"1095\" data-end=\"1151\"><strong data-start=\"1095\" data-end=\"1149\">Welche Tradition gibt es schon seit vielen Jahren?<\/strong><\/p>\n<\/li>\n<li data-start=\"1152\" data-end=\"1210\">\n<p data-start=\"1154\" data-end=\"1210\"><strong data-start=\"1154\" data-end=\"1210\">Was wird gekocht, erz\u00e4hlt, gesungen oder verschenkt?<\/strong><\/p>\n<\/li>\n<\/ul>\n<p style=\"text-align: justify;\" data-start=\"1212\" data-end=\"1419\">Form und L\u00e4nge der Beitr\u00e4ge sind frei w\u00e4hlbar \u2013 es kann ein kurzer Gedanke auf einer Viertelseite sein oder auch eine zweiseitige Geschichte. Wichtig: Die Texte sollen\u00a0<strong data-start=\"1380\" data-end=\"1404\">in deutscher Sprache<\/strong>\u00a0verfasst sein.<\/p>\n<h3 data-start=\"1421\" data-end=\"1456\"><strong data-start=\"1425\" data-end=\"1456\">Preise und Ver\u00f6ffentlichung<\/strong><\/h3>\n<p data-start=\"1457\" data-end=\"1561\">Die besten Einsendungen werden pr\u00e4miert und anschlie\u00dfend in einer\u00a0<strong data-start=\"1523\" data-end=\"1545\">Online-Publikation<\/strong>\u00a0ver\u00f6ffentlicht.<\/p>\n<h3 data-start=\"1563\" data-end=\"1596\"><strong data-start=\"1567\" data-end=\"1596\">Einsendeschluss &amp; Kontakt<\/strong><\/h3>\n<p data-start=\"1597\" data-end=\"1655\">\ud83d\udcc5\u00a0<strong data-start=\"1600\" data-end=\"1622\">Bis zum 14.12.2025<\/strong><br data-start=\"1622\" data-end=\"1625\" \/>\ud83d\udce9 An:\u00a0<strong data-start=\"1632\" data-end=\"1655\"><a class=\"decorated-link cursor-pointer\" rel=\"noopener\" data-start=\"1634\" data-end=\"1653\">anna.franik@bjdm.eu<\/a><\/strong><\/p>\n<p>Das Wettbewerbsreglement, das Anmeldeformular und die Erkl\u00e4rung der Eltern finden Sie <a href=\"https:\/\/bjdm.eu\/de\/schreibwettbewerb-mein-deutsches-weihnachten-2\/\">auf der Website des BJDM.<\/a><\/p>\n","protected":false},"excerpt":{"rendered":"<p>In vielen Familien der Deutschen Minderheit werden die Weihnachtstraditionen anders gefeiert als in der polnischen Mehrheitsgesellschaft. Manche Br\u00e4uche werden seit Generationen weitergegeben, andere haben sich im Laufe der Zeit ver\u00e4ndert \u2013 doch alle schaffen eine einzigartige, besondere Weihnachtsatmosph\u00e4re. Um Kinder und Jugendliche dazu zu ermutigen, dar\u00fcber nachzudenken, was \u201edeutsche Weihnachten\u201c f\u00fcr sie bedeuten und welche [&hellip;]<\/p>\n","protected":false},"author":7,"featured_media":11020,"comment_status":"closed","ping_status":"closed","sticky":false,"template":"","format":"standard","meta":[],"categories":[101,94,61],"tags":[],"acf":[],"yoast_head":"<!-- This site is optimized with the Yoast SEO plugin v18.9 - https:\/\/yoast.com\/wordpress\/plugins\/seo\/ -->\n<title>Schreibwettbewerb \u201eMein deutsches Weihnachten\u201c - Supereule - Platforma edukacyjna Mniejszo\u015bci Niemieckiej<\/title>\n<meta name=\"robots\" content=\"index, follow, max-snippet:-1, max-image-preview:large, max-video-preview:-1\" \/>\n<link rel=\"canonical\" href=\"https:\/\/supereule.pl\/de\/schreibwettbewerb-mein-deutsches-weihnachten\/\" \/>\n<meta property=\"og:locale\" content=\"de_DE\" \/>\n<meta property=\"og:type\" content=\"article\" \/>\n<meta property=\"og:title\" content=\"Schreibwettbewerb \u201eMein deutsches Weihnachten\u201c - Supereule - Platforma edukacyjna Mniejszo\u015bci Niemieckiej\" \/>\n<meta property=\"og:description\" content=\"In vielen Familien der Deutschen Minderheit werden die Weihnachtstraditionen anders gefeiert als in der polnischen Mehrheitsgesellschaft. Manche Br\u00e4uche werden seit Generationen weitergegeben, andere haben sich im Laufe der Zeit ver\u00e4ndert \u2013 doch alle schaffen eine einzigartige, besondere Weihnachtsatmosph\u00e4re. Um Kinder und Jugendliche dazu zu ermutigen, dar\u00fcber nachzudenken, was \u201edeutsche Weihnachten\u201c f\u00fcr sie bedeuten und welche [&hellip;]\" \/>\n<meta property=\"og:url\" content=\"https:\/\/supereule.pl\/de\/schreibwettbewerb-mein-deutsches-weihnachten\/\" \/>\n<meta property=\"og:site_name\" content=\"Supereule - Platforma edukacyjna Mniejszo\u015bci Niemieckiej\" \/>\n<meta property=\"article:published_time\" content=\"2025-11-28T13:09:06+00:00\" \/>\n<meta property=\"article:modified_time\" content=\"2025-11-28T13:12:08+00:00\" \/>\n<meta property=\"og:image\" content=\"https:\/\/supereule.pl\/wp-content\/uploads\/2025\/11\/1-2-724x1024.png\" \/>\n\t<meta property=\"og:image:width\" content=\"724\" \/>\n\t<meta property=\"og:image:height\" content=\"1024\" \/>\n\t<meta property=\"og:image:type\" content=\"image\/png\" \/>\n<meta name=\"twitter:card\" content=\"summary_large_image\" \/>\n<meta name=\"twitter:label1\" content=\"Verfasst von\" \/>\n\t<meta name=\"twitter:data1\" content=\"Maria Smarzoch\" \/>\n\t<meta name=\"twitter:label2\" content=\"Gesch\u00e4tzte Lesezeit\" \/>\n\t<meta name=\"twitter:data2\" content=\"2\u00a0Minuten\" \/>\n<script type=\"application\/ld+json\" class=\"yoast-schema-graph\">{\"@context\":\"https:\/\/schema.org\",\"@graph\":[{\"@type\":\"WebSite\",\"@id\":\"https:\/\/supereule.pl\/de\/#website\",\"url\":\"https:\/\/supereule.pl\/de\/\",\"name\":\"Supereule - Platforma edukacyjna Mniejszo\u015bci Niemieckiej\",\"description\":\"\",\"potentialAction\":[{\"@type\":\"SearchAction\",\"target\":{\"@type\":\"EntryPoint\",\"urlTemplate\":\"https:\/\/supereule.pl\/de\/?s={search_term_string}\"},\"query-input\":\"required name=search_term_string\"}],\"inLanguage\":\"de\"},{\"@type\":\"ImageObject\",\"inLanguage\":\"de\",\"@id\":\"https:\/\/supereule.pl\/de\/schreibwettbewerb-mein-deutsches-weihnachten\/#primaryimage\",\"url\":\"https:\/\/supereule.pl\/wp-content\/uploads\/2025\/11\/1-2.png\",\"contentUrl\":\"https:\/\/supereule.pl\/wp-content\/uploads\/2025\/11\/1-2.png\",\"width\":1414,\"height\":2000},{\"@type\":\"WebPage\",\"@id\":\"https:\/\/supereule.pl\/de\/schreibwettbewerb-mein-deutsches-weihnachten\/#webpage\",\"url\":\"https:\/\/supereule.pl\/de\/schreibwettbewerb-mein-deutsches-weihnachten\/\",\"name\":\"Schreibwettbewerb \u201eMein deutsches Weihnachten\u201c - Supereule - Platforma edukacyjna Mniejszo\u015bci Niemieckiej\",\"isPartOf\":{\"@id\":\"https:\/\/supereule.pl\/de\/#website\"},\"primaryImageOfPage\":{\"@id\":\"https:\/\/supereule.pl\/de\/schreibwettbewerb-mein-deutsches-weihnachten\/#primaryimage\"},\"datePublished\":\"2025-11-28T13:09:06+00:00\",\"dateModified\":\"2025-11-28T13:12:08+00:00\",\"author\":{\"@id\":\"https:\/\/supereule.pl\/de\/#\/schema\/person\/1e411a06175b0baa4c1e0be104b982cd\"},\"breadcrumb\":{\"@id\":\"https:\/\/supereule.pl\/de\/schreibwettbewerb-mein-deutsches-weihnachten\/#breadcrumb\"},\"inLanguage\":\"de\",\"potentialAction\":[{\"@type\":\"ReadAction\",\"target\":[\"https:\/\/supereule.pl\/de\/schreibwettbewerb-mein-deutsches-weihnachten\/\"]}]},{\"@type\":\"BreadcrumbList\",\"@id\":\"https:\/\/supereule.pl\/de\/schreibwettbewerb-mein-deutsches-weihnachten\/#breadcrumb\",\"itemListElement\":[{\"@type\":\"ListItem\",\"position\":1,\"name\":\"Home\",\"item\":\"https:\/\/supereule.pl\/de\/\"},{\"@type\":\"ListItem\",\"position\":2,\"name\":\"Lehrer\",\"item\":\"https:\/\/supereule.pl\/de\/category\/lehrer\/\"},{\"@type\":\"ListItem\",\"position\":3,\"name\":\"Schreibwettbewerb \u201eMein deutsches Weihnachten\u201c\"}]},{\"@type\":\"Person\",\"@id\":\"https:\/\/supereule.pl\/de\/#\/schema\/person\/1e411a06175b0baa4c1e0be104b982cd\",\"name\":\"Maria Smarzoch\",\"image\":{\"@type\":\"ImageObject\",\"inLanguage\":\"de\",\"@id\":\"https:\/\/supereule.pl\/de\/#\/schema\/person\/image\/\",\"url\":\"https:\/\/secure.gravatar.com\/avatar\/bc959eab426354ddf82911ebc9552b60?s=96&d=mm&r=g\",\"contentUrl\":\"https:\/\/secure.gravatar.com\/avatar\/bc959eab426354ddf82911ebc9552b60?s=96&d=mm&r=g\",\"caption\":\"Maria Smarzoch\"},\"url\":\"https:\/\/supereule.pl\/de\/author\/maria-smarzochvdg-pl\/\"}]}<\/script>\n<!-- \/ Yoast SEO plugin. -->","yoast_head_json":{"title":"Schreibwettbewerb \u201eMein deutsches Weihnachten\u201c - Supereule - Platforma edukacyjna Mniejszo\u015bci Niemieckiej","robots":{"index":"index","follow":"follow","max-snippet":"max-snippet:-1","max-image-preview":"max-image-preview:large","max-video-preview":"max-video-preview:-1"},"canonical":"https:\/\/supereule.pl\/de\/schreibwettbewerb-mein-deutsches-weihnachten\/","og_locale":"de_DE","og_type":"article","og_title":"Schreibwettbewerb \u201eMein deutsches Weihnachten\u201c - Supereule - Platforma edukacyjna Mniejszo\u015bci Niemieckiej","og_description":"In vielen Familien der Deutschen Minderheit werden die Weihnachtstraditionen anders gefeiert als in der polnischen Mehrheitsgesellschaft. Manche Br\u00e4uche werden seit Generationen weitergegeben, andere haben sich im Laufe der Zeit ver\u00e4ndert \u2013 doch alle schaffen eine einzigartige, besondere Weihnachtsatmosph\u00e4re. Um Kinder und Jugendliche dazu zu ermutigen, dar\u00fcber nachzudenken, was \u201edeutsche Weihnachten\u201c f\u00fcr sie bedeuten und welche [&hellip;]","og_url":"https:\/\/supereule.pl\/de\/schreibwettbewerb-mein-deutsches-weihnachten\/","og_site_name":"Supereule - Platforma edukacyjna Mniejszo\u015bci Niemieckiej","article_published_time":"2025-11-28T13:09:06+00:00","article_modified_time":"2025-11-28T13:12:08+00:00","og_image":[{"width":724,"height":1024,"url":"https:\/\/supereule.pl\/wp-content\/uploads\/2025\/11\/1-2-724x1024.png","type":"image\/png"}],"twitter_card":"summary_large_image","twitter_misc":{"Verfasst von":"Maria Smarzoch","Gesch\u00e4tzte Lesezeit":"2\u00a0Minuten"},"schema":{"@context":"https:\/\/schema.org","@graph":[{"@type":"WebSite","@id":"https:\/\/supereule.pl\/de\/#website","url":"https:\/\/supereule.pl\/de\/","name":"Supereule - Platforma edukacyjna Mniejszo\u015bci Niemieckiej","description":"","potentialAction":[{"@type":"SearchAction","target":{"@type":"EntryPoint","urlTemplate":"https:\/\/supereule.pl\/de\/?s={search_term_string}"},"query-input":"required name=search_term_string"}],"inLanguage":"de"},{"@type":"ImageObject","inLanguage":"de","@id":"https:\/\/supereule.pl\/de\/schreibwettbewerb-mein-deutsches-weihnachten\/#primaryimage","url":"https:\/\/supereule.pl\/wp-content\/uploads\/2025\/11\/1-2.png","contentUrl":"https:\/\/supereule.pl\/wp-content\/uploads\/2025\/11\/1-2.png","width":1414,"height":2000},{"@type":"WebPage","@id":"https:\/\/supereule.pl\/de\/schreibwettbewerb-mein-deutsches-weihnachten\/#webpage","url":"https:\/\/supereule.pl\/de\/schreibwettbewerb-mein-deutsches-weihnachten\/","name":"Schreibwettbewerb \u201eMein deutsches Weihnachten\u201c - Supereule - Platforma edukacyjna Mniejszo\u015bci Niemieckiej","isPartOf":{"@id":"https:\/\/supereule.pl\/de\/#website"},"primaryImageOfPage":{"@id":"https:\/\/supereule.pl\/de\/schreibwettbewerb-mein-deutsches-weihnachten\/#primaryimage"},"datePublished":"2025-11-28T13:09:06+00:00","dateModified":"2025-11-28T13:12:08+00:00","author":{"@id":"https:\/\/supereule.pl\/de\/#\/schema\/person\/1e411a06175b0baa4c1e0be104b982cd"},"breadcrumb":{"@id":"https:\/\/supereule.pl\/de\/schreibwettbewerb-mein-deutsches-weihnachten\/#breadcrumb"},"inLanguage":"de","potentialAction":[{"@type":"ReadAction","target":["https:\/\/supereule.pl\/de\/schreibwettbewerb-mein-deutsches-weihnachten\/"]}]},{"@type":"BreadcrumbList","@id":"https:\/\/supereule.pl\/de\/schreibwettbewerb-mein-deutsches-weihnachten\/#breadcrumb","itemListElement":[{"@type":"ListItem","position":1,"name":"Home","item":"https:\/\/supereule.pl\/de\/"},{"@type":"ListItem","position":2,"name":"Lehrer","item":"https:\/\/supereule.pl\/de\/category\/lehrer\/"},{"@type":"ListItem","position":3,"name":"Schreibwettbewerb \u201eMein deutsches Weihnachten\u201c"}]},{"@type":"Person","@id":"https:\/\/supereule.pl\/de\/#\/schema\/person\/1e411a06175b0baa4c1e0be104b982cd","name":"Maria Smarzoch","image":{"@type":"ImageObject","inLanguage":"de","@id":"https:\/\/supereule.pl\/de\/#\/schema\/person\/image\/","url":"https:\/\/secure.gravatar.com\/avatar\/bc959eab426354ddf82911ebc9552b60?s=96&d=mm&r=g","contentUrl":"https:\/\/secure.gravatar.com\/avatar\/bc959eab426354ddf82911ebc9552b60?s=96&d=mm&r=g","caption":"Maria Smarzoch"},"url":"https:\/\/supereule.pl\/de\/author\/maria-smarzochvdg-pl\/"}]}},"_links":{"self":[{"href":"https:\/\/supereule.pl\/de\/wp-json\/wp\/v2\/posts\/11022"}],"collection":[{"href":"https:\/\/supereule.pl\/de\/wp-json\/wp\/v2\/posts"}],"about":[{"href":"https:\/\/supereule.pl\/de\/wp-json\/wp\/v2\/types\/post"}],"author":[{"embeddable":true,"href":"https:\/\/supereule.pl\/de\/wp-json\/wp\/v2\/users\/7"}],"replies":[{"embeddable":true,"href":"https:\/\/supereule.pl\/de\/wp-json\/wp\/v2\/comments?post=11022"}],"version-history":[{"count":2,"href":"https:\/\/supereule.pl\/de\/wp-json\/wp\/v2\/posts\/11022\/revisions"}],"predecessor-version":[{"id":11024,"href":"https:\/\/supereule.pl\/de\/wp-json\/wp\/v2\/posts\/11022\/revisions\/11024"}],"wp:featuredmedia":[{"embeddable":true,"href":"https:\/\/supereule.pl\/de\/wp-json\/wp\/v2\/media\/11020"}],"wp:attachment":[{"href":"https:\/\/supereule.pl\/de\/wp-json\/wp\/v2\/media?parent=11022"}],"wp:term":[{"taxonomy":"category","embeddable":true,"href":"https:\/\/supereule.pl\/de\/wp-json\/wp\/v2\/categories?post=11022"},{"taxonomy":"post_tag","embeddable":true,"href":"https:\/\/supereule.pl\/de\/wp-json\/wp\/v2\/tags?post=11022"}],"curies":[{"name":"wp","href":"https:\/\/api.w.org\/{rel}","templated":true}]}}