{"id":11007,"date":"2025-11-21T08:22:14","date_gmt":"2025-11-21T07:22:14","guid":{"rendered":"https:\/\/supereule.pl\/?p=11007"},"modified":"2025-11-21T08:22:14","modified_gmt":"2025-11-21T07:22:14","slug":"jahrestagung-2026-stiftung-kulturwerk-schlesien","status":"publish","type":"post","link":"https:\/\/supereule.pl\/de\/jahrestagung-2026-stiftung-kulturwerk-schlesien\/","title":{"rendered":"Jahrestagung 2026. Stiftung Kulturwerk Schlesien"},"content":{"rendered":"<p>&nbsp;<\/p>\n<p><a href=\"https:\/\/www.kulturwerk-schlesien.de\/\">Stiftung Kulturwerk Schlesien<\/a> organisiert im Juni 2026 die Jahrestagung.<\/p>\n<p>In diesem Zusammenhang l\u00e4dt sie alle Interessierten zur aktiven Teilnahme an der Veranstaltung ein.<\/p>\n<p>Im Rahmen der Vorbereitung der Jahrestagung 2026 l\u00e4dtdie Stiftung ein, Vorschl\u00e4ge f\u00fcr Beitr\u00e4ge zur Tagung einzureichen.<\/p>\n<p>Hier die Eckdaten der Veranstaltung:<\/p>\n<p>Thema:<strong> 1526: Der Beginn des habsburgischen Schlesien. Dynastischer \u00dcbergang \u2013 Politische Struktur \u2013 Konfessionelle \u00a0und\u00a0 wirtschaftliche Entwicklung<\/strong><\/p>\n<p>Ort: Exerzitienhaus Himmelspforten, W\u00fcrzburg<\/p>\n<p>Datum: 5.\u20137.6.2026<\/p>\n<p>Um alles in die Wege leiten zu k\u00f6nnen und ein anregendes Programm zusammenstellen zu k\u00f6nnen, nimmt die Stiftung <strong>Vorschl\u00e4ge bis zum 15.1.2026<\/strong>\u00a0entgegen.<\/p>\n<p>F\u00fcr Fragen rund um die Jahrestagung 2026 erreichen Sie Frau Lisa Haberkern und Frau Magdalena Hagmann per E-Mail oder telefonisch in der Gesch\u00e4ftsstelle von Montag bis Donnerstag, 9\u201315 Uhr:<\/p>\n<p>Stiftung Kulturwerk Schlesien<br \/>\nKardinal-D\u00f6pfner-Platz 1<br \/>\n97070 W\u00fcrzburg<\/p>\n<p>Tel: 0931\/5 36 96<br \/>\nFax: 0931\/5 36 49<br \/>\ne-mail: info@kulturwerk-schlesien.de<\/p>\n","protected":false},"excerpt":{"rendered":"<p>&nbsp; Stiftung Kulturwerk Schlesien organisiert im Juni 2026 die Jahrestagung. In diesem Zusammenhang l\u00e4dt sie alle Interessierten zur aktiven Teilnahme an der Veranstaltung ein. Im Rahmen der Vorbereitung der Jahrestagung 2026 l\u00e4dtdie Stiftung ein, Vorschl\u00e4ge f\u00fcr Beitr\u00e4ge zur Tagung einzureichen. Hier die Eckdaten der Veranstaltung: Thema: 1526: Der Beginn des habsburgischen Schlesien. Dynastischer \u00dcbergang \u2013 [&hellip;]<\/p>\n","protected":false},"author":6,"featured_media":11008,"comment_status":"closed","ping_status":"closed","sticky":false,"template":"","format":"standard","meta":[],"categories":[94],"tags":[],"acf":[],"yoast_head":"<!-- This site is optimized with the Yoast SEO plugin v18.9 - https:\/\/yoast.com\/wordpress\/plugins\/seo\/ -->\n<title>Jahrestagung 2026. Stiftung Kulturwerk Schlesien - Supereule - Platforma edukacyjna Mniejszo\u015bci Niemieckiej<\/title>\n<meta name=\"robots\" content=\"index, follow, max-snippet:-1, max-image-preview:large, max-video-preview:-1\" \/>\n<link rel=\"canonical\" href=\"https:\/\/supereule.pl\/de\/jahrestagung-2026-stiftung-kulturwerk-schlesien\/\" \/>\n<meta property=\"og:locale\" content=\"de_DE\" \/>\n<meta property=\"og:type\" content=\"article\" \/>\n<meta property=\"og:title\" content=\"Jahrestagung 2026. Stiftung Kulturwerk Schlesien - Supereule - Platforma edukacyjna Mniejszo\u015bci Niemieckiej\" \/>\n<meta property=\"og:description\" content=\"&nbsp; Stiftung Kulturwerk Schlesien organisiert im Juni 2026 die Jahrestagung. In diesem Zusammenhang l\u00e4dt sie alle Interessierten zur aktiven Teilnahme an der Veranstaltung ein. Im Rahmen der Vorbereitung der Jahrestagung 2026 l\u00e4dtdie Stiftung ein, Vorschl\u00e4ge f\u00fcr Beitr\u00e4ge zur Tagung einzureichen. Hier die Eckdaten der Veranstaltung: Thema: 1526: Der Beginn des habsburgischen Schlesien. Dynastischer \u00dcbergang \u2013 [&hellip;]\" \/>\n<meta property=\"og:url\" content=\"https:\/\/supereule.pl\/de\/jahrestagung-2026-stiftung-kulturwerk-schlesien\/\" \/>\n<meta property=\"og:site_name\" content=\"Supereule - Platforma edukacyjna Mniejszo\u015bci Niemieckiej\" \/>\n<meta property=\"article:published_time\" content=\"2025-11-21T07:22:14+00:00\" \/>\n<meta property=\"og:image\" content=\"https:\/\/supereule.pl\/wp-content\/uploads\/2025\/11\/Stiftung-Kulturwerk-Schlesien.png\" \/>\n\t<meta property=\"og:image:width\" content=\"1837\" \/>\n\t<meta property=\"og:image:height\" content=\"800\" \/>\n\t<meta property=\"og:image:type\" content=\"image\/png\" \/>\n<meta name=\"twitter:card\" content=\"summary_large_image\" \/>\n<meta name=\"twitter:label1\" content=\"Verfasst von\" \/>\n\t<meta name=\"twitter:data1\" content=\"Edyta Opyd\" \/>\n\t<meta name=\"twitter:label2\" content=\"Gesch\u00e4tzte Lesezeit\" \/>\n\t<meta name=\"twitter:data2\" content=\"1\u00a0Minute\" \/>\n<script type=\"application\/ld+json\" class=\"yoast-schema-graph\">{\"@context\":\"https:\/\/schema.org\",\"@graph\":[{\"@type\":\"WebSite\",\"@id\":\"https:\/\/supereule.pl\/de\/#website\",\"url\":\"https:\/\/supereule.pl\/de\/\",\"name\":\"Supereule - Platforma edukacyjna Mniejszo\u015bci Niemieckiej\",\"description\":\"\",\"potentialAction\":[{\"@type\":\"SearchAction\",\"target\":{\"@type\":\"EntryPoint\",\"urlTemplate\":\"https:\/\/supereule.pl\/de\/?s={search_term_string}\"},\"query-input\":\"required name=search_term_string\"}],\"inLanguage\":\"de\"},{\"@type\":\"ImageObject\",\"inLanguage\":\"de\",\"@id\":\"https:\/\/supereule.pl\/de\/jahrestagung-2026-stiftung-kulturwerk-schlesien\/#primaryimage\",\"url\":\"https:\/\/supereule.pl\/wp-content\/uploads\/2025\/11\/Stiftung-Kulturwerk-Schlesien.png\",\"contentUrl\":\"https:\/\/supereule.pl\/wp-content\/uploads\/2025\/11\/Stiftung-Kulturwerk-Schlesien.png\",\"width\":1837,\"height\":800},{\"@type\":\"WebPage\",\"@id\":\"https:\/\/supereule.pl\/de\/jahrestagung-2026-stiftung-kulturwerk-schlesien\/#webpage\",\"url\":\"https:\/\/supereule.pl\/de\/jahrestagung-2026-stiftung-kulturwerk-schlesien\/\",\"name\":\"Jahrestagung 2026. Stiftung Kulturwerk Schlesien - Supereule - Platforma edukacyjna Mniejszo\u015bci Niemieckiej\",\"isPartOf\":{\"@id\":\"https:\/\/supereule.pl\/de\/#website\"},\"primaryImageOfPage\":{\"@id\":\"https:\/\/supereule.pl\/de\/jahrestagung-2026-stiftung-kulturwerk-schlesien\/#primaryimage\"},\"datePublished\":\"2025-11-21T07:22:14+00:00\",\"dateModified\":\"2025-11-21T07:22:14+00:00\",\"author\":{\"@id\":\"https:\/\/supereule.pl\/de\/#\/schema\/person\/efe6bb9cc065a86e89ae3f27f2116c31\"},\"breadcrumb\":{\"@id\":\"https:\/\/supereule.pl\/de\/jahrestagung-2026-stiftung-kulturwerk-schlesien\/#breadcrumb\"},\"inLanguage\":\"de\",\"potentialAction\":[{\"@type\":\"ReadAction\",\"target\":[\"https:\/\/supereule.pl\/de\/jahrestagung-2026-stiftung-kulturwerk-schlesien\/\"]}]},{\"@type\":\"BreadcrumbList\",\"@id\":\"https:\/\/supereule.pl\/de\/jahrestagung-2026-stiftung-kulturwerk-schlesien\/#breadcrumb\",\"itemListElement\":[{\"@type\":\"ListItem\",\"position\":1,\"name\":\"Home\",\"item\":\"https:\/\/supereule.pl\/de\/\"},{\"@type\":\"ListItem\",\"position\":2,\"name\":\"Lehrer\",\"item\":\"https:\/\/supereule.pl\/de\/category\/lehrer\/\"},{\"@type\":\"ListItem\",\"position\":3,\"name\":\"Jahrestagung 2026. Stiftung Kulturwerk Schlesien\"}]},{\"@type\":\"Person\",\"@id\":\"https:\/\/supereule.pl\/de\/#\/schema\/person\/efe6bb9cc065a86e89ae3f27f2116c31\",\"name\":\"Edyta Opyd\",\"image\":{\"@type\":\"ImageObject\",\"inLanguage\":\"de\",\"@id\":\"https:\/\/supereule.pl\/de\/#\/schema\/person\/image\/\",\"url\":\"https:\/\/secure.gravatar.com\/avatar\/741fe069387a49deaf79d28189ef38a5?s=96&d=mm&r=g\",\"contentUrl\":\"https:\/\/secure.gravatar.com\/avatar\/741fe069387a49deaf79d28189ef38a5?s=96&d=mm&r=g\",\"caption\":\"Edyta Opyd\"},\"url\":\"https:\/\/supereule.pl\/de\/author\/edyta\/\"}]}<\/script>\n<!-- \/ Yoast SEO plugin. -->","yoast_head_json":{"title":"Jahrestagung 2026. Stiftung Kulturwerk Schlesien - Supereule - Platforma edukacyjna Mniejszo\u015bci Niemieckiej","robots":{"index":"index","follow":"follow","max-snippet":"max-snippet:-1","max-image-preview":"max-image-preview:large","max-video-preview":"max-video-preview:-1"},"canonical":"https:\/\/supereule.pl\/de\/jahrestagung-2026-stiftung-kulturwerk-schlesien\/","og_locale":"de_DE","og_type":"article","og_title":"Jahrestagung 2026. Stiftung Kulturwerk Schlesien - Supereule - Platforma edukacyjna Mniejszo\u015bci Niemieckiej","og_description":"&nbsp; Stiftung Kulturwerk Schlesien organisiert im Juni 2026 die Jahrestagung. In diesem Zusammenhang l\u00e4dt sie alle Interessierten zur aktiven Teilnahme an der Veranstaltung ein. Im Rahmen der Vorbereitung der Jahrestagung 2026 l\u00e4dtdie Stiftung ein, Vorschl\u00e4ge f\u00fcr Beitr\u00e4ge zur Tagung einzureichen. Hier die Eckdaten der Veranstaltung: Thema: 1526: Der Beginn des habsburgischen Schlesien. Dynastischer \u00dcbergang \u2013 [&hellip;]","og_url":"https:\/\/supereule.pl\/de\/jahrestagung-2026-stiftung-kulturwerk-schlesien\/","og_site_name":"Supereule - Platforma edukacyjna Mniejszo\u015bci Niemieckiej","article_published_time":"2025-11-21T07:22:14+00:00","og_image":[{"width":1837,"height":800,"url":"https:\/\/supereule.pl\/wp-content\/uploads\/2025\/11\/Stiftung-Kulturwerk-Schlesien.png","type":"image\/png"}],"twitter_card":"summary_large_image","twitter_misc":{"Verfasst von":"Edyta Opyd","Gesch\u00e4tzte Lesezeit":"1\u00a0Minute"},"schema":{"@context":"https:\/\/schema.org","@graph":[{"@type":"WebSite","@id":"https:\/\/supereule.pl\/de\/#website","url":"https:\/\/supereule.pl\/de\/","name":"Supereule - Platforma edukacyjna Mniejszo\u015bci Niemieckiej","description":"","potentialAction":[{"@type":"SearchAction","target":{"@type":"EntryPoint","urlTemplate":"https:\/\/supereule.pl\/de\/?s={search_term_string}"},"query-input":"required name=search_term_string"}],"inLanguage":"de"},{"@type":"ImageObject","inLanguage":"de","@id":"https:\/\/supereule.pl\/de\/jahrestagung-2026-stiftung-kulturwerk-schlesien\/#primaryimage","url":"https:\/\/supereule.pl\/wp-content\/uploads\/2025\/11\/Stiftung-Kulturwerk-Schlesien.png","contentUrl":"https:\/\/supereule.pl\/wp-content\/uploads\/2025\/11\/Stiftung-Kulturwerk-Schlesien.png","width":1837,"height":800},{"@type":"WebPage","@id":"https:\/\/supereule.pl\/de\/jahrestagung-2026-stiftung-kulturwerk-schlesien\/#webpage","url":"https:\/\/supereule.pl\/de\/jahrestagung-2026-stiftung-kulturwerk-schlesien\/","name":"Jahrestagung 2026. Stiftung Kulturwerk Schlesien - Supereule - Platforma edukacyjna Mniejszo\u015bci Niemieckiej","isPartOf":{"@id":"https:\/\/supereule.pl\/de\/#website"},"primaryImageOfPage":{"@id":"https:\/\/supereule.pl\/de\/jahrestagung-2026-stiftung-kulturwerk-schlesien\/#primaryimage"},"datePublished":"2025-11-21T07:22:14+00:00","dateModified":"2025-11-21T07:22:14+00:00","author":{"@id":"https:\/\/supereule.pl\/de\/#\/schema\/person\/efe6bb9cc065a86e89ae3f27f2116c31"},"breadcrumb":{"@id":"https:\/\/supereule.pl\/de\/jahrestagung-2026-stiftung-kulturwerk-schlesien\/#breadcrumb"},"inLanguage":"de","potentialAction":[{"@type":"ReadAction","target":["https:\/\/supereule.pl\/de\/jahrestagung-2026-stiftung-kulturwerk-schlesien\/"]}]},{"@type":"BreadcrumbList","@id":"https:\/\/supereule.pl\/de\/jahrestagung-2026-stiftung-kulturwerk-schlesien\/#breadcrumb","itemListElement":[{"@type":"ListItem","position":1,"name":"Home","item":"https:\/\/supereule.pl\/de\/"},{"@type":"ListItem","position":2,"name":"Lehrer","item":"https:\/\/supereule.pl\/de\/category\/lehrer\/"},{"@type":"ListItem","position":3,"name":"Jahrestagung 2026. Stiftung Kulturwerk Schlesien"}]},{"@type":"Person","@id":"https:\/\/supereule.pl\/de\/#\/schema\/person\/efe6bb9cc065a86e89ae3f27f2116c31","name":"Edyta Opyd","image":{"@type":"ImageObject","inLanguage":"de","@id":"https:\/\/supereule.pl\/de\/#\/schema\/person\/image\/","url":"https:\/\/secure.gravatar.com\/avatar\/741fe069387a49deaf79d28189ef38a5?s=96&d=mm&r=g","contentUrl":"https:\/\/secure.gravatar.com\/avatar\/741fe069387a49deaf79d28189ef38a5?s=96&d=mm&r=g","caption":"Edyta Opyd"},"url":"https:\/\/supereule.pl\/de\/author\/edyta\/"}]}},"_links":{"self":[{"href":"https:\/\/supereule.pl\/de\/wp-json\/wp\/v2\/posts\/11007"}],"collection":[{"href":"https:\/\/supereule.pl\/de\/wp-json\/wp\/v2\/posts"}],"about":[{"href":"https:\/\/supereule.pl\/de\/wp-json\/wp\/v2\/types\/post"}],"author":[{"embeddable":true,"href":"https:\/\/supereule.pl\/de\/wp-json\/wp\/v2\/users\/6"}],"replies":[{"embeddable":true,"href":"https:\/\/supereule.pl\/de\/wp-json\/wp\/v2\/comments?post=11007"}],"version-history":[{"count":3,"href":"https:\/\/supereule.pl\/de\/wp-json\/wp\/v2\/posts\/11007\/revisions"}],"predecessor-version":[{"id":11012,"href":"https:\/\/supereule.pl\/de\/wp-json\/wp\/v2\/posts\/11007\/revisions\/11012"}],"wp:featuredmedia":[{"embeddable":true,"href":"https:\/\/supereule.pl\/de\/wp-json\/wp\/v2\/media\/11008"}],"wp:attachment":[{"href":"https:\/\/supereule.pl\/de\/wp-json\/wp\/v2\/media?parent=11007"}],"wp:term":[{"taxonomy":"category","embeddable":true,"href":"https:\/\/supereule.pl\/de\/wp-json\/wp\/v2\/categories?post=11007"},{"taxonomy":"post_tag","embeddable":true,"href":"https:\/\/supereule.pl\/de\/wp-json\/wp\/v2\/tags?post=11007"}],"curies":[{"name":"wp","href":"https:\/\/api.w.org\/{rel}","templated":true}]}}