{"id":11002,"date":"2025-11-19T14:45:38","date_gmt":"2025-11-19T13:45:38","guid":{"rendered":"https:\/\/supereule.pl\/?p=11002"},"modified":"2025-11-19T14:45:38","modified_gmt":"2025-11-19T13:45:38","slug":"reform-26-der-kompass-von-morgen-entwurf-des-kerncurriculums-fuer-das-schuljahr-2026-27","status":"publish","type":"post","link":"https:\/\/supereule.pl\/de\/reform-26-der-kompass-von-morgen-entwurf-des-kerncurriculums-fuer-das-schuljahr-2026-27\/","title":{"rendered":"Reform 26. Der Kompass von morgen. Entwurf des Kerncurriculums f\u00fcr das Schuljahr 2026\/27"},"content":{"rendered":"<p>&nbsp;<\/p>\n<p>Das Ministerium f\u00fcr Nationale Bildung arbeitet an einer Bildungsreform, die 2026 in Kraft treten soll. Grundlegende Informationen zur Reform finden Sie auf der\u00a0<a href=\"https:\/\/reforma26.men.gov.pl\/\" target=\"_blank\" rel=\"noopener\">Website des Ministeriums<\/a>.<\/p>\n<p>Unter der\u00a0<a href=\"https:\/\/reforma26.men.gov.pl\/nauczyciel-nauczycielka\/#nowe-podstawy-programowe\" target=\"_blank\" rel=\"noopener\">Rubrik \u201eLehrer\/Lehrerin\u201d<\/a>\u00a0finden Sie grundlegende Informationen zu den vorgeschlagenen \u00c4nderungen des Kerncurriculums.<\/p>\n<p>Detaillierte Informationen zu den geplanten \u00c4nderungen finden Sie auf der Website des Instituts f\u00fcr Bildungsforschung, das vom Ministerium mit der Ausarbeitung der Entw\u00fcrfe f\u00fcr den neuen Lehrplan beauftragt wurde.<\/p>\n<p>Das Institut beschreibt sehr detailliert den gesamten\u00a0<a href=\"https:\/\/ibe.edu.pl\/pl\/podstawy-programowe\" target=\"_blank\" rel=\"noopener\">Prozess der Arbeit an den Entw\u00fcrfen<\/a>, die Richtung der \u00c4nderungen im Kerncurriculum und informiert \u00fcber \u00f6ffentliche Konsultationen und Webinare, in denen Experten ausf\u00fchrlich \u00fcber den Verlauf der Arbeiten im Zusammenhang mit der Bildungsreform und die Richtung der \u00c4nderungen im Kerncurriculum berichteten.<\/p>\n<p>Am 10. September 2025 fand ein\u00a0<a href=\"https:\/\/www.youtube.com\/watch?v=YWusbRDhJ1I&amp;list=PLwhl-IgRGLcpebnXMZ5Jxinq71xGn6lBb&amp;index=27\" target=\"_blank\" rel=\"noopener\">Webinar zum Kerncurriculum f\u00fcr den Unterricht von nationalen oder ethnischen Minderheitensprachen<\/a>\u00a0statt.<\/p>\n<p>Der\u00a0<a href=\"https:\/\/ibe.edu.pl\/pl\/projekty-podstaw-programowych\" target=\"_blank\" rel=\"noopener\">Entwurf des Kerncurriculums<\/a>\u00a0f\u00fcr den Unterricht von nationalen oder ethnischen Minderheitensprachen wurde auf der Website des Instituts ver\u00f6ffentlicht.<\/p>\n<p>Die Umsetzung des neuen Kerncurriculums h\u00e4ngt von den Gesetzgebungsarbeiten zum Bildungsgesetz ab. Im November 2025 hat der Bildungsausschuss des Sejm den Entwurf zur Novellierung des Gesetzes unterst\u00fctzt. Die Opposition war gegen die Novellierung. \u00dcber die Gesetzgebungsarbeiten informiert das\u00a0<a href=\"https:\/\/www.portalsamorzadowy.pl\/edukacja\/zmiany-wchodza-do-szkol-mimo-protestow-zacznie-sie-juz-w-2026-r,636937.html\" target=\"_blank\" rel=\"noopener\">Portal Samorz\u0105dowy<\/a>.<\/p>\n<p>Die Kerncurricula sollen ab dem Schuljahr 2026\/2027 schrittweise in der Vorschulerziehung sowie in den Klassen 1. und 4. der Grundschule eingef\u00fchrt werden. Die Umsetzung des ge\u00e4nderten Kerncurriculums f\u00fcr die ersten Klassen der weiterf\u00fchrenden Schulen ist ab dem Schuljahr 2027\/2028 geplant.<\/p>\n<p>Im Bildungsministerium wird weiter an der \u00c4nderung des Bildungsgesetzes gearbeitet.<\/p>\n<p>&nbsp;<\/p>\n","protected":false},"excerpt":{"rendered":"<p>&nbsp; Das Ministerium f\u00fcr Nationale Bildung arbeitet an einer Bildungsreform, die 2026 in Kraft treten soll. Grundlegende Informationen zur Reform finden Sie auf der\u00a0Website des Ministeriums. Unter der\u00a0Rubrik \u201eLehrer\/Lehrerin\u201d\u00a0finden Sie grundlegende Informationen zu den vorgeschlagenen \u00c4nderungen des Kerncurriculums. Detaillierte Informationen zu den geplanten \u00c4nderungen finden Sie auf der Website des Instituts f\u00fcr Bildungsforschung, das vom [&hellip;]<\/p>\n","protected":false},"author":6,"featured_media":10995,"comment_status":"closed","ping_status":"closed","sticky":false,"template":"","format":"standard","meta":[],"categories":[95,94],"tags":[],"acf":[],"yoast_head":"<!-- This site is optimized with the Yoast SEO plugin v18.9 - https:\/\/yoast.com\/wordpress\/plugins\/seo\/ -->\n<title>Reform 26. Der Kompass von morgen. Entwurf des Kerncurriculums f\u00fcr das Schuljahr 2026\/27 - Supereule - Platforma edukacyjna Mniejszo\u015bci Niemieckiej<\/title>\n<meta name=\"robots\" content=\"index, follow, max-snippet:-1, max-image-preview:large, max-video-preview:-1\" \/>\n<link rel=\"canonical\" href=\"https:\/\/supereule.pl\/de\/reform-26-der-kompass-von-morgen-entwurf-des-kerncurriculums-fuer-das-schuljahr-2026-27\/\" \/>\n<meta property=\"og:locale\" content=\"de_DE\" \/>\n<meta property=\"og:type\" content=\"article\" \/>\n<meta property=\"og:title\" content=\"Reform 26. Der Kompass von morgen. Entwurf des Kerncurriculums f\u00fcr das Schuljahr 2026\/27 - Supereule - Platforma edukacyjna Mniejszo\u015bci Niemieckiej\" \/>\n<meta property=\"og:description\" content=\"&nbsp; Das Ministerium f\u00fcr Nationale Bildung arbeitet an einer Bildungsreform, die 2026 in Kraft treten soll. Grundlegende Informationen zur Reform finden Sie auf der\u00a0Website des Ministeriums. Unter der\u00a0Rubrik \u201eLehrer\/Lehrerin\u201d\u00a0finden Sie grundlegende Informationen zu den vorgeschlagenen \u00c4nderungen des Kerncurriculums. Detaillierte Informationen zu den geplanten \u00c4nderungen finden Sie auf der Website des Instituts f\u00fcr Bildungsforschung, das vom [&hellip;]\" \/>\n<meta property=\"og:url\" content=\"https:\/\/supereule.pl\/de\/reform-26-der-kompass-von-morgen-entwurf-des-kerncurriculums-fuer-das-schuljahr-2026-27\/\" \/>\n<meta property=\"og:site_name\" content=\"Supereule - Platforma edukacyjna Mniejszo\u015bci Niemieckiej\" \/>\n<meta property=\"article:published_time\" content=\"2025-11-19T13:45:38+00:00\" \/>\n<meta property=\"og:image\" content=\"https:\/\/supereule.pl\/wp-content\/uploads\/2025\/11\/Webina-IBE.png\" \/>\n\t<meta property=\"og:image:width\" content=\"578\" \/>\n\t<meta property=\"og:image:height\" content=\"366\" \/>\n\t<meta property=\"og:image:type\" content=\"image\/png\" \/>\n<meta name=\"twitter:card\" content=\"summary_large_image\" \/>\n<meta name=\"twitter:label1\" content=\"Verfasst von\" \/>\n\t<meta name=\"twitter:data1\" content=\"Edyta Opyd\" \/>\n\t<meta name=\"twitter:label2\" content=\"Gesch\u00e4tzte Lesezeit\" \/>\n\t<meta name=\"twitter:data2\" content=\"1\u00a0Minute\" \/>\n<script type=\"application\/ld+json\" class=\"yoast-schema-graph\">{\"@context\":\"https:\/\/schema.org\",\"@graph\":[{\"@type\":\"WebSite\",\"@id\":\"https:\/\/supereule.pl\/de\/#website\",\"url\":\"https:\/\/supereule.pl\/de\/\",\"name\":\"Supereule - Platforma edukacyjna Mniejszo\u015bci Niemieckiej\",\"description\":\"\",\"potentialAction\":[{\"@type\":\"SearchAction\",\"target\":{\"@type\":\"EntryPoint\",\"urlTemplate\":\"https:\/\/supereule.pl\/de\/?s={search_term_string}\"},\"query-input\":\"required name=search_term_string\"}],\"inLanguage\":\"de\"},{\"@type\":\"ImageObject\",\"inLanguage\":\"de\",\"@id\":\"https:\/\/supereule.pl\/de\/reform-26-der-kompass-von-morgen-entwurf-des-kerncurriculums-fuer-das-schuljahr-2026-27\/#primaryimage\",\"url\":\"https:\/\/supereule.pl\/wp-content\/uploads\/2025\/11\/Webina-IBE.png\",\"contentUrl\":\"https:\/\/supereule.pl\/wp-content\/uploads\/2025\/11\/Webina-IBE.png\",\"width\":578,\"height\":366},{\"@type\":\"WebPage\",\"@id\":\"https:\/\/supereule.pl\/de\/reform-26-der-kompass-von-morgen-entwurf-des-kerncurriculums-fuer-das-schuljahr-2026-27\/#webpage\",\"url\":\"https:\/\/supereule.pl\/de\/reform-26-der-kompass-von-morgen-entwurf-des-kerncurriculums-fuer-das-schuljahr-2026-27\/\",\"name\":\"Reform 26. Der Kompass von morgen. Entwurf des Kerncurriculums f\u00fcr das Schuljahr 2026\/27 - Supereule - Platforma edukacyjna Mniejszo\u015bci Niemieckiej\",\"isPartOf\":{\"@id\":\"https:\/\/supereule.pl\/de\/#website\"},\"primaryImageOfPage\":{\"@id\":\"https:\/\/supereule.pl\/de\/reform-26-der-kompass-von-morgen-entwurf-des-kerncurriculums-fuer-das-schuljahr-2026-27\/#primaryimage\"},\"datePublished\":\"2025-11-19T13:45:38+00:00\",\"dateModified\":\"2025-11-19T13:45:38+00:00\",\"author\":{\"@id\":\"https:\/\/supereule.pl\/de\/#\/schema\/person\/efe6bb9cc065a86e89ae3f27f2116c31\"},\"breadcrumb\":{\"@id\":\"https:\/\/supereule.pl\/de\/reform-26-der-kompass-von-morgen-entwurf-des-kerncurriculums-fuer-das-schuljahr-2026-27\/#breadcrumb\"},\"inLanguage\":\"de\",\"potentialAction\":[{\"@type\":\"ReadAction\",\"target\":[\"https:\/\/supereule.pl\/de\/reform-26-der-kompass-von-morgen-entwurf-des-kerncurriculums-fuer-das-schuljahr-2026-27\/\"]}]},{\"@type\":\"BreadcrumbList\",\"@id\":\"https:\/\/supereule.pl\/de\/reform-26-der-kompass-von-morgen-entwurf-des-kerncurriculums-fuer-das-schuljahr-2026-27\/#breadcrumb\",\"itemListElement\":[{\"@type\":\"ListItem\",\"position\":1,\"name\":\"Home\",\"item\":\"https:\/\/supereule.pl\/de\/\"},{\"@type\":\"ListItem\",\"position\":2,\"name\":\"Lehrer\",\"item\":\"https:\/\/supereule.pl\/de\/category\/lehrer\/\"},{\"@type\":\"ListItem\",\"position\":3,\"name\":\"Reform 26. Der Kompass von morgen. Entwurf des Kerncurriculums f\u00fcr das Schuljahr 2026\/27\"}]},{\"@type\":\"Person\",\"@id\":\"https:\/\/supereule.pl\/de\/#\/schema\/person\/efe6bb9cc065a86e89ae3f27f2116c31\",\"name\":\"Edyta Opyd\",\"image\":{\"@type\":\"ImageObject\",\"inLanguage\":\"de\",\"@id\":\"https:\/\/supereule.pl\/de\/#\/schema\/person\/image\/\",\"url\":\"https:\/\/secure.gravatar.com\/avatar\/741fe069387a49deaf79d28189ef38a5?s=96&d=mm&r=g\",\"contentUrl\":\"https:\/\/secure.gravatar.com\/avatar\/741fe069387a49deaf79d28189ef38a5?s=96&d=mm&r=g\",\"caption\":\"Edyta Opyd\"},\"url\":\"https:\/\/supereule.pl\/de\/author\/edyta\/\"}]}<\/script>\n<!-- \/ Yoast SEO plugin. -->","yoast_head_json":{"title":"Reform 26. Der Kompass von morgen. Entwurf des Kerncurriculums f\u00fcr das Schuljahr 2026\/27 - Supereule - Platforma edukacyjna Mniejszo\u015bci Niemieckiej","robots":{"index":"index","follow":"follow","max-snippet":"max-snippet:-1","max-image-preview":"max-image-preview:large","max-video-preview":"max-video-preview:-1"},"canonical":"https:\/\/supereule.pl\/de\/reform-26-der-kompass-von-morgen-entwurf-des-kerncurriculums-fuer-das-schuljahr-2026-27\/","og_locale":"de_DE","og_type":"article","og_title":"Reform 26. Der Kompass von morgen. Entwurf des Kerncurriculums f\u00fcr das Schuljahr 2026\/27 - Supereule - Platforma edukacyjna Mniejszo\u015bci Niemieckiej","og_description":"&nbsp; Das Ministerium f\u00fcr Nationale Bildung arbeitet an einer Bildungsreform, die 2026 in Kraft treten soll. Grundlegende Informationen zur Reform finden Sie auf der\u00a0Website des Ministeriums. Unter der\u00a0Rubrik \u201eLehrer\/Lehrerin\u201d\u00a0finden Sie grundlegende Informationen zu den vorgeschlagenen \u00c4nderungen des Kerncurriculums. Detaillierte Informationen zu den geplanten \u00c4nderungen finden Sie auf der Website des Instituts f\u00fcr Bildungsforschung, das vom [&hellip;]","og_url":"https:\/\/supereule.pl\/de\/reform-26-der-kompass-von-morgen-entwurf-des-kerncurriculums-fuer-das-schuljahr-2026-27\/","og_site_name":"Supereule - Platforma edukacyjna Mniejszo\u015bci Niemieckiej","article_published_time":"2025-11-19T13:45:38+00:00","og_image":[{"width":578,"height":366,"url":"https:\/\/supereule.pl\/wp-content\/uploads\/2025\/11\/Webina-IBE.png","type":"image\/png"}],"twitter_card":"summary_large_image","twitter_misc":{"Verfasst von":"Edyta Opyd","Gesch\u00e4tzte Lesezeit":"1\u00a0Minute"},"schema":{"@context":"https:\/\/schema.org","@graph":[{"@type":"WebSite","@id":"https:\/\/supereule.pl\/de\/#website","url":"https:\/\/supereule.pl\/de\/","name":"Supereule - Platforma edukacyjna Mniejszo\u015bci Niemieckiej","description":"","potentialAction":[{"@type":"SearchAction","target":{"@type":"EntryPoint","urlTemplate":"https:\/\/supereule.pl\/de\/?s={search_term_string}"},"query-input":"required name=search_term_string"}],"inLanguage":"de"},{"@type":"ImageObject","inLanguage":"de","@id":"https:\/\/supereule.pl\/de\/reform-26-der-kompass-von-morgen-entwurf-des-kerncurriculums-fuer-das-schuljahr-2026-27\/#primaryimage","url":"https:\/\/supereule.pl\/wp-content\/uploads\/2025\/11\/Webina-IBE.png","contentUrl":"https:\/\/supereule.pl\/wp-content\/uploads\/2025\/11\/Webina-IBE.png","width":578,"height":366},{"@type":"WebPage","@id":"https:\/\/supereule.pl\/de\/reform-26-der-kompass-von-morgen-entwurf-des-kerncurriculums-fuer-das-schuljahr-2026-27\/#webpage","url":"https:\/\/supereule.pl\/de\/reform-26-der-kompass-von-morgen-entwurf-des-kerncurriculums-fuer-das-schuljahr-2026-27\/","name":"Reform 26. Der Kompass von morgen. Entwurf des Kerncurriculums f\u00fcr das Schuljahr 2026\/27 - Supereule - Platforma edukacyjna Mniejszo\u015bci Niemieckiej","isPartOf":{"@id":"https:\/\/supereule.pl\/de\/#website"},"primaryImageOfPage":{"@id":"https:\/\/supereule.pl\/de\/reform-26-der-kompass-von-morgen-entwurf-des-kerncurriculums-fuer-das-schuljahr-2026-27\/#primaryimage"},"datePublished":"2025-11-19T13:45:38+00:00","dateModified":"2025-11-19T13:45:38+00:00","author":{"@id":"https:\/\/supereule.pl\/de\/#\/schema\/person\/efe6bb9cc065a86e89ae3f27f2116c31"},"breadcrumb":{"@id":"https:\/\/supereule.pl\/de\/reform-26-der-kompass-von-morgen-entwurf-des-kerncurriculums-fuer-das-schuljahr-2026-27\/#breadcrumb"},"inLanguage":"de","potentialAction":[{"@type":"ReadAction","target":["https:\/\/supereule.pl\/de\/reform-26-der-kompass-von-morgen-entwurf-des-kerncurriculums-fuer-das-schuljahr-2026-27\/"]}]},{"@type":"BreadcrumbList","@id":"https:\/\/supereule.pl\/de\/reform-26-der-kompass-von-morgen-entwurf-des-kerncurriculums-fuer-das-schuljahr-2026-27\/#breadcrumb","itemListElement":[{"@type":"ListItem","position":1,"name":"Home","item":"https:\/\/supereule.pl\/de\/"},{"@type":"ListItem","position":2,"name":"Lehrer","item":"https:\/\/supereule.pl\/de\/category\/lehrer\/"},{"@type":"ListItem","position":3,"name":"Reform 26. Der Kompass von morgen. Entwurf des Kerncurriculums f\u00fcr das Schuljahr 2026\/27"}]},{"@type":"Person","@id":"https:\/\/supereule.pl\/de\/#\/schema\/person\/efe6bb9cc065a86e89ae3f27f2116c31","name":"Edyta Opyd","image":{"@type":"ImageObject","inLanguage":"de","@id":"https:\/\/supereule.pl\/de\/#\/schema\/person\/image\/","url":"https:\/\/secure.gravatar.com\/avatar\/741fe069387a49deaf79d28189ef38a5?s=96&d=mm&r=g","contentUrl":"https:\/\/secure.gravatar.com\/avatar\/741fe069387a49deaf79d28189ef38a5?s=96&d=mm&r=g","caption":"Edyta Opyd"},"url":"https:\/\/supereule.pl\/de\/author\/edyta\/"}]}},"_links":{"self":[{"href":"https:\/\/supereule.pl\/de\/wp-json\/wp\/v2\/posts\/11002"}],"collection":[{"href":"https:\/\/supereule.pl\/de\/wp-json\/wp\/v2\/posts"}],"about":[{"href":"https:\/\/supereule.pl\/de\/wp-json\/wp\/v2\/types\/post"}],"author":[{"embeddable":true,"href":"https:\/\/supereule.pl\/de\/wp-json\/wp\/v2\/users\/6"}],"replies":[{"embeddable":true,"href":"https:\/\/supereule.pl\/de\/wp-json\/wp\/v2\/comments?post=11002"}],"version-history":[{"count":1,"href":"https:\/\/supereule.pl\/de\/wp-json\/wp\/v2\/posts\/11002\/revisions"}],"predecessor-version":[{"id":11003,"href":"https:\/\/supereule.pl\/de\/wp-json\/wp\/v2\/posts\/11002\/revisions\/11003"}],"wp:featuredmedia":[{"embeddable":true,"href":"https:\/\/supereule.pl\/de\/wp-json\/wp\/v2\/media\/10995"}],"wp:attachment":[{"href":"https:\/\/supereule.pl\/de\/wp-json\/wp\/v2\/media?parent=11002"}],"wp:term":[{"taxonomy":"category","embeddable":true,"href":"https:\/\/supereule.pl\/de\/wp-json\/wp\/v2\/categories?post=11002"},{"taxonomy":"post_tag","embeddable":true,"href":"https:\/\/supereule.pl\/de\/wp-json\/wp\/v2\/tags?post=11002"}],"curies":[{"name":"wp","href":"https:\/\/api.w.org\/{rel}","templated":true}]}}