{"id":10955,"date":"2025-11-17T11:13:59","date_gmt":"2025-11-17T10:13:59","guid":{"rendered":"https:\/\/supereule.pl\/i-niemieckojezyczny-konkurs-koled-melodien-unterm-tannenbaum\/"},"modified":"2025-11-17T11:19:59","modified_gmt":"2025-11-17T10:19:59","slug":"i-niemieckojezyczny-konkurs-koled-melodien-unterm-tannenbaum","status":"publish","type":"post","link":"https:\/\/supereule.pl\/de\/i-niemieckojezyczny-konkurs-koled-melodien-unterm-tannenbaum\/","title":{"rendered":"1. Deutschsprachiger Weihnachtslieder-Wettbewerb \u201eMelodien unterm Tannenbaum\u201d!"},"content":{"rendered":"<p style=\"text-align: justify;\">Der Schul- und Kindergartenkomplex in Goslawitz verk\u00fcndet mit gro\u00dfer Freude den Beginn der Anmeldungen zum 1. Deutschsprachigen Weihnachtslieder-Wettbewerb \u201eMelodien unterm Tannenbaum\u201d!<\/p>\n<p style=\"text-align: justify;\">Wir laden alle Musik- und Deutschliebhaber herzlich ein, an diesem besonderen, festlichen Ereignis teilzunehmen.<\/p>\n<p style=\"text-align: justify;\"><strong>Wer kann teilnehmen?<\/strong> Kinder und Jugendliche der Grundschulen aus den Woiwodschaften Oppeln und Schlesien!<\/p>\n<p style=\"text-align: justify;\"><strong>Wettbewerbsaufgabe:<\/strong> Vortrag eines Weihnachtsliedes oder eines festlichen Liedes auf Deutsch!<\/p>\n<p style=\"text-align: justify;\"><strong>Einsendeschluss:<\/strong> 5. Dezember 2025 Link zur Anmeldung:<\/p>\n<p style=\"text-align: justify;\"><a href=\"https:\/\/docs.google.com\/forms\/d\/e\/1FAIpQLSfJyKwbMy4FzkD2f17sFc-JYuC-uC4qasfIF0ouBgLropm5tw\/viewform?usp=send_form\">https:\/\/docs.google.com\/forms\/d\/e\/1FAIpQLSfJyKwbMy4FzkD2f17sFc-JYuC-uC4qasfIF0ouBgLropm5tw\/viewform?usp=send_form<\/a><\/p>\n<p style=\"text-align: justify;\"><strong>Preise:<\/strong> Auf die Gewinner warten festliche Geschenke und Urkunden!<\/p>\n<p>Lasst uns gemeinsam deutsche Weihnachtslieder singen und die magische Atmosph\u00e4re der Weihnachtszeit genie\u00dfen!<\/p>\n","protected":false},"excerpt":{"rendered":"<p>Der Schul- und Kindergartenkomplex in Goslawitz verk\u00fcndet mit gro\u00dfer Freude den Beginn der Anmeldungen zum 1. Deutschsprachigen Weihnachtslieder-Wettbewerb \u201eMelodien unterm Tannenbaum\u201d! Wir laden alle Musik- und Deutschliebhaber herzlich ein, an diesem besonderen, festlichen Ereignis teilzunehmen. Wer kann teilnehmen? Kinder und Jugendliche der Grundschulen aus den Woiwodschaften Oppeln und Schlesien! Wettbewerbsaufgabe: Vortrag eines Weihnachtsliedes oder eines [&hellip;]<\/p>\n","protected":false},"author":7,"featured_media":10953,"comment_status":"closed","ping_status":"closed","sticky":false,"template":"","format":"standard","meta":[],"categories":[94,79],"tags":[],"acf":[],"yoast_head":"<!-- This site is optimized with the Yoast SEO plugin v18.9 - https:\/\/yoast.com\/wordpress\/plugins\/seo\/ -->\n<title>1. Deutschsprachiger Weihnachtslieder-Wettbewerb \u201eMelodien unterm Tannenbaum\u201d! - Supereule - Platforma edukacyjna Mniejszo\u015bci Niemieckiej<\/title>\n<meta name=\"robots\" content=\"index, follow, max-snippet:-1, max-image-preview:large, max-video-preview:-1\" \/>\n<link rel=\"canonical\" href=\"https:\/\/supereule.pl\/de\/i-niemieckojezyczny-konkurs-koled-melodien-unterm-tannenbaum\/\" \/>\n<meta property=\"og:locale\" content=\"de_DE\" \/>\n<meta property=\"og:type\" content=\"article\" \/>\n<meta property=\"og:title\" content=\"1. Deutschsprachiger Weihnachtslieder-Wettbewerb \u201eMelodien unterm Tannenbaum\u201d! - Supereule - Platforma edukacyjna Mniejszo\u015bci Niemieckiej\" \/>\n<meta property=\"og:description\" content=\"Der Schul- und Kindergartenkomplex in Goslawitz verk\u00fcndet mit gro\u00dfer Freude den Beginn der Anmeldungen zum 1. Deutschsprachigen Weihnachtslieder-Wettbewerb \u201eMelodien unterm Tannenbaum\u201d! Wir laden alle Musik- und Deutschliebhaber herzlich ein, an diesem besonderen, festlichen Ereignis teilzunehmen. Wer kann teilnehmen? Kinder und Jugendliche der Grundschulen aus den Woiwodschaften Oppeln und Schlesien! Wettbewerbsaufgabe: Vortrag eines Weihnachtsliedes oder eines [&hellip;]\" \/>\n<meta property=\"og:url\" content=\"https:\/\/supereule.pl\/de\/i-niemieckojezyczny-konkurs-koled-melodien-unterm-tannenbaum\/\" \/>\n<meta property=\"og:site_name\" content=\"Supereule - Platforma edukacyjna Mniejszo\u015bci Niemieckiej\" \/>\n<meta property=\"article:published_time\" content=\"2025-11-17T10:13:59+00:00\" \/>\n<meta property=\"article:modified_time\" content=\"2025-11-17T10:19:59+00:00\" \/>\n<meta property=\"og:image\" content=\"https:\/\/supereule.pl\/wp-content\/uploads\/2025\/11\/580566224_1453352059656991_8218742709598837012_n.jpg\" \/>\n\t<meta property=\"og:image:width\" content=\"698\" \/>\n\t<meta property=\"og:image:height\" content=\"698\" \/>\n\t<meta property=\"og:image:type\" content=\"image\/jpeg\" \/>\n<meta name=\"twitter:card\" content=\"summary_large_image\" \/>\n<meta name=\"twitter:label1\" content=\"Verfasst von\" \/>\n\t<meta name=\"twitter:data1\" content=\"Maria Smarzoch\" \/>\n\t<meta name=\"twitter:label2\" content=\"Gesch\u00e4tzte Lesezeit\" \/>\n\t<meta name=\"twitter:data2\" content=\"1\u00a0Minute\" \/>\n<script type=\"application\/ld+json\" class=\"yoast-schema-graph\">{\"@context\":\"https:\/\/schema.org\",\"@graph\":[{\"@type\":\"WebSite\",\"@id\":\"https:\/\/supereule.pl\/de\/#website\",\"url\":\"https:\/\/supereule.pl\/de\/\",\"name\":\"Supereule - Platforma edukacyjna Mniejszo\u015bci Niemieckiej\",\"description\":\"\",\"potentialAction\":[{\"@type\":\"SearchAction\",\"target\":{\"@type\":\"EntryPoint\",\"urlTemplate\":\"https:\/\/supereule.pl\/de\/?s={search_term_string}\"},\"query-input\":\"required name=search_term_string\"}],\"inLanguage\":\"de\"},{\"@type\":\"ImageObject\",\"inLanguage\":\"de\",\"@id\":\"https:\/\/supereule.pl\/de\/i-niemieckojezyczny-konkurs-koled-melodien-unterm-tannenbaum\/#primaryimage\",\"url\":\"https:\/\/supereule.pl\/wp-content\/uploads\/2025\/11\/580566224_1453352059656991_8218742709598837012_n.jpg\",\"contentUrl\":\"https:\/\/supereule.pl\/wp-content\/uploads\/2025\/11\/580566224_1453352059656991_8218742709598837012_n.jpg\",\"width\":698,\"height\":698},{\"@type\":\"WebPage\",\"@id\":\"https:\/\/supereule.pl\/de\/i-niemieckojezyczny-konkurs-koled-melodien-unterm-tannenbaum\/#webpage\",\"url\":\"https:\/\/supereule.pl\/de\/i-niemieckojezyczny-konkurs-koled-melodien-unterm-tannenbaum\/\",\"name\":\"1. Deutschsprachiger Weihnachtslieder-Wettbewerb \u201eMelodien unterm Tannenbaum\u201d! - Supereule - Platforma edukacyjna Mniejszo\u015bci Niemieckiej\",\"isPartOf\":{\"@id\":\"https:\/\/supereule.pl\/de\/#website\"},\"primaryImageOfPage\":{\"@id\":\"https:\/\/supereule.pl\/de\/i-niemieckojezyczny-konkurs-koled-melodien-unterm-tannenbaum\/#primaryimage\"},\"datePublished\":\"2025-11-17T10:13:59+00:00\",\"dateModified\":\"2025-11-17T10:19:59+00:00\",\"author\":{\"@id\":\"https:\/\/supereule.pl\/de\/#\/schema\/person\/1e411a06175b0baa4c1e0be104b982cd\"},\"breadcrumb\":{\"@id\":\"https:\/\/supereule.pl\/de\/i-niemieckojezyczny-konkurs-koled-melodien-unterm-tannenbaum\/#breadcrumb\"},\"inLanguage\":\"de\",\"potentialAction\":[{\"@type\":\"ReadAction\",\"target\":[\"https:\/\/supereule.pl\/de\/i-niemieckojezyczny-konkurs-koled-melodien-unterm-tannenbaum\/\"]}]},{\"@type\":\"BreadcrumbList\",\"@id\":\"https:\/\/supereule.pl\/de\/i-niemieckojezyczny-konkurs-koled-melodien-unterm-tannenbaum\/#breadcrumb\",\"itemListElement\":[{\"@type\":\"ListItem\",\"position\":1,\"name\":\"Home\",\"item\":\"https:\/\/supereule.pl\/de\/\"},{\"@type\":\"ListItem\",\"position\":2,\"name\":\"Lehrer\",\"item\":\"https:\/\/supereule.pl\/de\/category\/lehrer\/\"},{\"@type\":\"ListItem\",\"position\":3,\"name\":\"1. Deutschsprachiger Weihnachtslieder-Wettbewerb \u201eMelodien unterm Tannenbaum\u201d!\"}]},{\"@type\":\"Person\",\"@id\":\"https:\/\/supereule.pl\/de\/#\/schema\/person\/1e411a06175b0baa4c1e0be104b982cd\",\"name\":\"Maria Smarzoch\",\"image\":{\"@type\":\"ImageObject\",\"inLanguage\":\"de\",\"@id\":\"https:\/\/supereule.pl\/de\/#\/schema\/person\/image\/\",\"url\":\"https:\/\/secure.gravatar.com\/avatar\/bc959eab426354ddf82911ebc9552b60?s=96&d=mm&r=g\",\"contentUrl\":\"https:\/\/secure.gravatar.com\/avatar\/bc959eab426354ddf82911ebc9552b60?s=96&d=mm&r=g\",\"caption\":\"Maria Smarzoch\"},\"url\":\"https:\/\/supereule.pl\/de\/author\/maria-smarzochvdg-pl\/\"}]}<\/script>\n<!-- \/ Yoast SEO plugin. -->","yoast_head_json":{"title":"1. Deutschsprachiger Weihnachtslieder-Wettbewerb \u201eMelodien unterm Tannenbaum\u201d! - Supereule - Platforma edukacyjna Mniejszo\u015bci Niemieckiej","robots":{"index":"index","follow":"follow","max-snippet":"max-snippet:-1","max-image-preview":"max-image-preview:large","max-video-preview":"max-video-preview:-1"},"canonical":"https:\/\/supereule.pl\/de\/i-niemieckojezyczny-konkurs-koled-melodien-unterm-tannenbaum\/","og_locale":"de_DE","og_type":"article","og_title":"1. Deutschsprachiger Weihnachtslieder-Wettbewerb \u201eMelodien unterm Tannenbaum\u201d! - Supereule - Platforma edukacyjna Mniejszo\u015bci Niemieckiej","og_description":"Der Schul- und Kindergartenkomplex in Goslawitz verk\u00fcndet mit gro\u00dfer Freude den Beginn der Anmeldungen zum 1. Deutschsprachigen Weihnachtslieder-Wettbewerb \u201eMelodien unterm Tannenbaum\u201d! Wir laden alle Musik- und Deutschliebhaber herzlich ein, an diesem besonderen, festlichen Ereignis teilzunehmen. Wer kann teilnehmen? Kinder und Jugendliche der Grundschulen aus den Woiwodschaften Oppeln und Schlesien! Wettbewerbsaufgabe: Vortrag eines Weihnachtsliedes oder eines [&hellip;]","og_url":"https:\/\/supereule.pl\/de\/i-niemieckojezyczny-konkurs-koled-melodien-unterm-tannenbaum\/","og_site_name":"Supereule - Platforma edukacyjna Mniejszo\u015bci Niemieckiej","article_published_time":"2025-11-17T10:13:59+00:00","article_modified_time":"2025-11-17T10:19:59+00:00","og_image":[{"width":698,"height":698,"url":"https:\/\/supereule.pl\/wp-content\/uploads\/2025\/11\/580566224_1453352059656991_8218742709598837012_n.jpg","type":"image\/jpeg"}],"twitter_card":"summary_large_image","twitter_misc":{"Verfasst von":"Maria Smarzoch","Gesch\u00e4tzte Lesezeit":"1\u00a0Minute"},"schema":{"@context":"https:\/\/schema.org","@graph":[{"@type":"WebSite","@id":"https:\/\/supereule.pl\/de\/#website","url":"https:\/\/supereule.pl\/de\/","name":"Supereule - Platforma edukacyjna Mniejszo\u015bci Niemieckiej","description":"","potentialAction":[{"@type":"SearchAction","target":{"@type":"EntryPoint","urlTemplate":"https:\/\/supereule.pl\/de\/?s={search_term_string}"},"query-input":"required name=search_term_string"}],"inLanguage":"de"},{"@type":"ImageObject","inLanguage":"de","@id":"https:\/\/supereule.pl\/de\/i-niemieckojezyczny-konkurs-koled-melodien-unterm-tannenbaum\/#primaryimage","url":"https:\/\/supereule.pl\/wp-content\/uploads\/2025\/11\/580566224_1453352059656991_8218742709598837012_n.jpg","contentUrl":"https:\/\/supereule.pl\/wp-content\/uploads\/2025\/11\/580566224_1453352059656991_8218742709598837012_n.jpg","width":698,"height":698},{"@type":"WebPage","@id":"https:\/\/supereule.pl\/de\/i-niemieckojezyczny-konkurs-koled-melodien-unterm-tannenbaum\/#webpage","url":"https:\/\/supereule.pl\/de\/i-niemieckojezyczny-konkurs-koled-melodien-unterm-tannenbaum\/","name":"1. Deutschsprachiger Weihnachtslieder-Wettbewerb \u201eMelodien unterm Tannenbaum\u201d! - Supereule - Platforma edukacyjna Mniejszo\u015bci Niemieckiej","isPartOf":{"@id":"https:\/\/supereule.pl\/de\/#website"},"primaryImageOfPage":{"@id":"https:\/\/supereule.pl\/de\/i-niemieckojezyczny-konkurs-koled-melodien-unterm-tannenbaum\/#primaryimage"},"datePublished":"2025-11-17T10:13:59+00:00","dateModified":"2025-11-17T10:19:59+00:00","author":{"@id":"https:\/\/supereule.pl\/de\/#\/schema\/person\/1e411a06175b0baa4c1e0be104b982cd"},"breadcrumb":{"@id":"https:\/\/supereule.pl\/de\/i-niemieckojezyczny-konkurs-koled-melodien-unterm-tannenbaum\/#breadcrumb"},"inLanguage":"de","potentialAction":[{"@type":"ReadAction","target":["https:\/\/supereule.pl\/de\/i-niemieckojezyczny-konkurs-koled-melodien-unterm-tannenbaum\/"]}]},{"@type":"BreadcrumbList","@id":"https:\/\/supereule.pl\/de\/i-niemieckojezyczny-konkurs-koled-melodien-unterm-tannenbaum\/#breadcrumb","itemListElement":[{"@type":"ListItem","position":1,"name":"Home","item":"https:\/\/supereule.pl\/de\/"},{"@type":"ListItem","position":2,"name":"Lehrer","item":"https:\/\/supereule.pl\/de\/category\/lehrer\/"},{"@type":"ListItem","position":3,"name":"1. Deutschsprachiger Weihnachtslieder-Wettbewerb \u201eMelodien unterm Tannenbaum\u201d!"}]},{"@type":"Person","@id":"https:\/\/supereule.pl\/de\/#\/schema\/person\/1e411a06175b0baa4c1e0be104b982cd","name":"Maria Smarzoch","image":{"@type":"ImageObject","inLanguage":"de","@id":"https:\/\/supereule.pl\/de\/#\/schema\/person\/image\/","url":"https:\/\/secure.gravatar.com\/avatar\/bc959eab426354ddf82911ebc9552b60?s=96&d=mm&r=g","contentUrl":"https:\/\/secure.gravatar.com\/avatar\/bc959eab426354ddf82911ebc9552b60?s=96&d=mm&r=g","caption":"Maria Smarzoch"},"url":"https:\/\/supereule.pl\/de\/author\/maria-smarzochvdg-pl\/"}]}},"_links":{"self":[{"href":"https:\/\/supereule.pl\/de\/wp-json\/wp\/v2\/posts\/10955"}],"collection":[{"href":"https:\/\/supereule.pl\/de\/wp-json\/wp\/v2\/posts"}],"about":[{"href":"https:\/\/supereule.pl\/de\/wp-json\/wp\/v2\/types\/post"}],"author":[{"embeddable":true,"href":"https:\/\/supereule.pl\/de\/wp-json\/wp\/v2\/users\/7"}],"replies":[{"embeddable":true,"href":"https:\/\/supereule.pl\/de\/wp-json\/wp\/v2\/comments?post=10955"}],"version-history":[{"count":1,"href":"https:\/\/supereule.pl\/de\/wp-json\/wp\/v2\/posts\/10955\/revisions"}],"predecessor-version":[{"id":10957,"href":"https:\/\/supereule.pl\/de\/wp-json\/wp\/v2\/posts\/10955\/revisions\/10957"}],"wp:featuredmedia":[{"embeddable":true,"href":"https:\/\/supereule.pl\/de\/wp-json\/wp\/v2\/media\/10953"}],"wp:attachment":[{"href":"https:\/\/supereule.pl\/de\/wp-json\/wp\/v2\/media?parent=10955"}],"wp:term":[{"taxonomy":"category","embeddable":true,"href":"https:\/\/supereule.pl\/de\/wp-json\/wp\/v2\/categories?post=10955"},{"taxonomy":"post_tag","embeddable":true,"href":"https:\/\/supereule.pl\/de\/wp-json\/wp\/v2\/tags?post=10955"}],"curies":[{"name":"wp","href":"https:\/\/api.w.org\/{rel}","templated":true}]}}