{"id":10938,"date":"2025-11-18T07:00:39","date_gmt":"2025-11-18T06:00:39","guid":{"rendered":"https:\/\/supereule.pl\/?p=10938"},"modified":"2025-11-17T10:44:27","modified_gmt":"2025-11-17T09:44:27","slug":"niwki-programm-fortbildungsangebot-fuer-deutschlehrer","status":"publish","type":"post","link":"https:\/\/supereule.pl\/de\/niwki-programm-fortbildungsangebot-fuer-deutschlehrer\/","title":{"rendered":"Niwki-Programm \u2013 Fortbildungsangebot f\u00fcr Deutschlehrer"},"content":{"rendered":"<p>Liebe Lehrerinnen und Lehrer,<\/p>\n<p>im Namen der Koordinatorin des Niwki-Programms laden wir Sie herzlich zu den Schulungen ein!<\/p>\n<p>In diesem Jahr erwarten Sie noch zwei Online-Schulungen und Workshops in Niwki:<\/p>\n<p><a href=\"https:\/\/kursy.rcre.opolskie.pl\/katalog\/forma\/4738\" target=\"_blank\" rel=\"noopener\">\u27a1\ufe0f Formative Bewertung und aktivierende Methoden im Unterricht von Minderheitensprachen \u2013 im Lichte des neuen Absolventenprofils<\/a><\/p>\n<p><strong>25.11.2025, 17:30 Uhr, Zoom<\/strong><\/p>\n<p><a href=\"https:\/\/kursy.rcre.opolskie.pl\/katalog\/forma\/4762\" target=\"_blank\" rel=\"noopener\">\u27a1\ufe0f Digitale B\u00fcrgerschaft und digitale Hygiene. Sprachliche und kulturelle Integration im Kontext der regionalen Bildung<\/a><\/p>\n<p><strong>26.11.2025, 17:30 Uhr, Zoom<\/strong><\/p>\n<p>Workshops \u27a1\ufe0f <a href=\"https:\/\/kursy.rcre.opolskie.pl\/katalog\/forma\/4761\" target=\"_blank\" rel=\"noopener\">November-Wohlf\u00fchlprogramm<\/a> gegen Herbstm\u00fcdigkeit mit Marta Florkiewicz-Borkowska<\/p>\n<p><strong>29.-30.11.2025<\/strong>, Schulungszentrum in Niwki, ul. Wiejska 17<\/p>\n<p>Schauen Sie sich das detaillierte Programm im Anmeldeformular an und verbringen Sie das Andrzejki-Wochenende mit praktischen Aktivit\u00e4ten, die Ihre Kreativit\u00e4t f\u00f6rdern, Ihr Selbstwertgef\u00fchl st\u00e4rken, Stress und Anspannung reduzieren, Ihnen einen Schub positiver Energie geben und viel inneres Wohlbefinden schenken. Anstatt mit Wachs zu wahrzusagen, werden wir mit Nadel und Faden einer alten Jeansjacke oder Stofftasche neue Energie und ein neues Design verleihen. Tun Sie sich etwas Gutes und begeben Sie sich auf eine Reise nach &#8230; Niwki.<\/p>\n<p>Kontakt:<\/p>\n<table width=\"627\">\n<tbody>\n<tr>\n<td colspan=\"2\" width=\"627\">Izabela Szczepa\u0144ska<\/p>\n<p><em>Nauczyciel konsultant, koordynatorka Programu Niwki<\/em><br \/>\n<em>Pracownia Dydaktyki Kszta\u0142cenia Og\u00f3lnego i Technologii Informatycznych<\/em><\/td>\n<\/tr>\n<tr>\n<td colspan=\"2\" width=\"627\">Regionalne Centrum Rozwoju Edukacji \u2013 plac\u00f3wka akredytowana OKO<\/td>\n<\/tr>\n<tr>\n<td width=\"391\">\n<table>\n<tbody>\n<tr>\n<td width=\"70\">Tel.:<\/td>\n<td width=\"229\">+48 77 404 75 88; +48 786 954 402<\/td>\n<\/tr>\n<tr>\n<td>Email:<\/td>\n<td><strong><u><a href=\"mailto:i.szczepanska@oce.opolskie.pl\">i.szczepanska@oce.opolskie.pl<\/a><\/u><\/strong><\/td>\n<\/tr>\n<tr>\n<td>Adres:<\/td>\n<td>45-315 Opole, ul. G\u0142ogowska 27<\/td>\n<\/tr>\n<tr>\n<td>Web:<\/td>\n<td><strong><a href=\"http:\/\/www.oce.opolskie.pl\/\">www.oce.opolskie.pl<\/a><\/strong><\/td>\n<\/tr>\n<\/tbody>\n<\/table>\n<\/td>\n<td width=\"236\"><\/td>\n<\/tr>\n<\/tbody>\n<\/table>\n","protected":false},"excerpt":{"rendered":"<p>Liebe Lehrerinnen und Lehrer, im Namen der Koordinatorin des Niwki-Programms laden wir Sie herzlich zu den Schulungen ein! In diesem Jahr erwarten Sie noch zwei Online-Schulungen und Workshops in Niwki: \u27a1\ufe0f Formative Bewertung und aktivierende Methoden im Unterricht von Minderheitensprachen \u2013 im Lichte des neuen Absolventenprofils 25.11.2025, 17:30 Uhr, Zoom \u27a1\ufe0f Digitale B\u00fcrgerschaft und digitale [&hellip;]<\/p>\n","protected":false},"author":6,"featured_media":6452,"comment_status":"closed","ping_status":"closed","sticky":false,"template":"","format":"standard","meta":[],"categories":[94,72],"tags":[],"acf":[],"yoast_head":"<!-- This site is optimized with the Yoast SEO plugin v18.9 - https:\/\/yoast.com\/wordpress\/plugins\/seo\/ -->\n<title>Niwki-Programm \u2013 Fortbildungsangebot f\u00fcr Deutschlehrer - Supereule - Platforma edukacyjna Mniejszo\u015bci Niemieckiej<\/title>\n<meta name=\"robots\" content=\"index, follow, max-snippet:-1, max-image-preview:large, max-video-preview:-1\" \/>\n<link rel=\"canonical\" href=\"https:\/\/supereule.pl\/de\/niwki-programm-fortbildungsangebot-fuer-deutschlehrer\/\" \/>\n<meta property=\"og:locale\" content=\"de_DE\" \/>\n<meta property=\"og:type\" content=\"article\" \/>\n<meta property=\"og:title\" content=\"Niwki-Programm \u2013 Fortbildungsangebot f\u00fcr Deutschlehrer - Supereule - Platforma edukacyjna Mniejszo\u015bci Niemieckiej\" \/>\n<meta property=\"og:description\" content=\"Liebe Lehrerinnen und Lehrer, im Namen der Koordinatorin des Niwki-Programms laden wir Sie herzlich zu den Schulungen ein! In diesem Jahr erwarten Sie noch zwei Online-Schulungen und Workshops in Niwki: \u27a1\ufe0f Formative Bewertung und aktivierende Methoden im Unterricht von Minderheitensprachen \u2013 im Lichte des neuen Absolventenprofils 25.11.2025, 17:30 Uhr, Zoom \u27a1\ufe0f Digitale B\u00fcrgerschaft und digitale [&hellip;]\" \/>\n<meta property=\"og:url\" content=\"https:\/\/supereule.pl\/de\/niwki-programm-fortbildungsangebot-fuer-deutschlehrer\/\" \/>\n<meta property=\"og:site_name\" content=\"Supereule - Platforma edukacyjna Mniejszo\u015bci Niemieckiej\" \/>\n<meta property=\"article:published_time\" content=\"2025-11-18T06:00:39+00:00\" \/>\n<meta property=\"article:modified_time\" content=\"2025-11-17T09:44:27+00:00\" \/>\n<meta property=\"og:image\" content=\"https:\/\/supereule.pl\/wp-content\/uploads\/2023\/04\/Logo_Niwki.jpg\" \/>\n\t<meta property=\"og:image:width\" content=\"312\" \/>\n\t<meta property=\"og:image:height\" content=\"99\" \/>\n\t<meta property=\"og:image:type\" content=\"image\/jpeg\" \/>\n<meta name=\"twitter:card\" content=\"summary_large_image\" \/>\n<meta name=\"twitter:label1\" content=\"Verfasst von\" \/>\n\t<meta name=\"twitter:data1\" content=\"Edyta Opyd\" \/>\n\t<meta name=\"twitter:label2\" content=\"Gesch\u00e4tzte Lesezeit\" \/>\n\t<meta name=\"twitter:data2\" content=\"1\u00a0Minute\" \/>\n<script type=\"application\/ld+json\" class=\"yoast-schema-graph\">{\"@context\":\"https:\/\/schema.org\",\"@graph\":[{\"@type\":\"WebSite\",\"@id\":\"https:\/\/supereule.pl\/de\/#website\",\"url\":\"https:\/\/supereule.pl\/de\/\",\"name\":\"Supereule - Platforma edukacyjna Mniejszo\u015bci Niemieckiej\",\"description\":\"\",\"potentialAction\":[{\"@type\":\"SearchAction\",\"target\":{\"@type\":\"EntryPoint\",\"urlTemplate\":\"https:\/\/supereule.pl\/de\/?s={search_term_string}\"},\"query-input\":\"required name=search_term_string\"}],\"inLanguage\":\"de\"},{\"@type\":\"ImageObject\",\"inLanguage\":\"de\",\"@id\":\"https:\/\/supereule.pl\/de\/niwki-programm-fortbildungsangebot-fuer-deutschlehrer\/#primaryimage\",\"url\":\"https:\/\/supereule.pl\/wp-content\/uploads\/2023\/04\/Logo_Niwki.jpg\",\"contentUrl\":\"https:\/\/supereule.pl\/wp-content\/uploads\/2023\/04\/Logo_Niwki.jpg\",\"width\":312,\"height\":99},{\"@type\":\"WebPage\",\"@id\":\"https:\/\/supereule.pl\/de\/niwki-programm-fortbildungsangebot-fuer-deutschlehrer\/#webpage\",\"url\":\"https:\/\/supereule.pl\/de\/niwki-programm-fortbildungsangebot-fuer-deutschlehrer\/\",\"name\":\"Niwki-Programm \u2013 Fortbildungsangebot f\u00fcr Deutschlehrer - Supereule - Platforma edukacyjna Mniejszo\u015bci Niemieckiej\",\"isPartOf\":{\"@id\":\"https:\/\/supereule.pl\/de\/#website\"},\"primaryImageOfPage\":{\"@id\":\"https:\/\/supereule.pl\/de\/niwki-programm-fortbildungsangebot-fuer-deutschlehrer\/#primaryimage\"},\"datePublished\":\"2025-11-18T06:00:39+00:00\",\"dateModified\":\"2025-11-17T09:44:27+00:00\",\"author\":{\"@id\":\"https:\/\/supereule.pl\/de\/#\/schema\/person\/efe6bb9cc065a86e89ae3f27f2116c31\"},\"breadcrumb\":{\"@id\":\"https:\/\/supereule.pl\/de\/niwki-programm-fortbildungsangebot-fuer-deutschlehrer\/#breadcrumb\"},\"inLanguage\":\"de\",\"potentialAction\":[{\"@type\":\"ReadAction\",\"target\":[\"https:\/\/supereule.pl\/de\/niwki-programm-fortbildungsangebot-fuer-deutschlehrer\/\"]}]},{\"@type\":\"BreadcrumbList\",\"@id\":\"https:\/\/supereule.pl\/de\/niwki-programm-fortbildungsangebot-fuer-deutschlehrer\/#breadcrumb\",\"itemListElement\":[{\"@type\":\"ListItem\",\"position\":1,\"name\":\"Home\",\"item\":\"https:\/\/supereule.pl\/de\/\"},{\"@type\":\"ListItem\",\"position\":2,\"name\":\"Lehrer\",\"item\":\"https:\/\/supereule.pl\/de\/category\/lehrer\/\"},{\"@type\":\"ListItem\",\"position\":3,\"name\":\"Niwki-Programm \u2013 Fortbildungsangebot f\u00fcr Deutschlehrer\"}]},{\"@type\":\"Person\",\"@id\":\"https:\/\/supereule.pl\/de\/#\/schema\/person\/efe6bb9cc065a86e89ae3f27f2116c31\",\"name\":\"Edyta Opyd\",\"image\":{\"@type\":\"ImageObject\",\"inLanguage\":\"de\",\"@id\":\"https:\/\/supereule.pl\/de\/#\/schema\/person\/image\/\",\"url\":\"https:\/\/secure.gravatar.com\/avatar\/741fe069387a49deaf79d28189ef38a5?s=96&d=mm&r=g\",\"contentUrl\":\"https:\/\/secure.gravatar.com\/avatar\/741fe069387a49deaf79d28189ef38a5?s=96&d=mm&r=g\",\"caption\":\"Edyta Opyd\"},\"url\":\"https:\/\/supereule.pl\/de\/author\/edyta\/\"}]}<\/script>\n<!-- \/ Yoast SEO plugin. -->","yoast_head_json":{"title":"Niwki-Programm \u2013 Fortbildungsangebot f\u00fcr Deutschlehrer - Supereule - Platforma edukacyjna Mniejszo\u015bci Niemieckiej","robots":{"index":"index","follow":"follow","max-snippet":"max-snippet:-1","max-image-preview":"max-image-preview:large","max-video-preview":"max-video-preview:-1"},"canonical":"https:\/\/supereule.pl\/de\/niwki-programm-fortbildungsangebot-fuer-deutschlehrer\/","og_locale":"de_DE","og_type":"article","og_title":"Niwki-Programm \u2013 Fortbildungsangebot f\u00fcr Deutschlehrer - Supereule - Platforma edukacyjna Mniejszo\u015bci Niemieckiej","og_description":"Liebe Lehrerinnen und Lehrer, im Namen der Koordinatorin des Niwki-Programms laden wir Sie herzlich zu den Schulungen ein! In diesem Jahr erwarten Sie noch zwei Online-Schulungen und Workshops in Niwki: \u27a1\ufe0f Formative Bewertung und aktivierende Methoden im Unterricht von Minderheitensprachen \u2013 im Lichte des neuen Absolventenprofils 25.11.2025, 17:30 Uhr, Zoom \u27a1\ufe0f Digitale B\u00fcrgerschaft und digitale [&hellip;]","og_url":"https:\/\/supereule.pl\/de\/niwki-programm-fortbildungsangebot-fuer-deutschlehrer\/","og_site_name":"Supereule - Platforma edukacyjna Mniejszo\u015bci Niemieckiej","article_published_time":"2025-11-18T06:00:39+00:00","article_modified_time":"2025-11-17T09:44:27+00:00","og_image":[{"width":312,"height":99,"url":"https:\/\/supereule.pl\/wp-content\/uploads\/2023\/04\/Logo_Niwki.jpg","type":"image\/jpeg"}],"twitter_card":"summary_large_image","twitter_misc":{"Verfasst von":"Edyta Opyd","Gesch\u00e4tzte Lesezeit":"1\u00a0Minute"},"schema":{"@context":"https:\/\/schema.org","@graph":[{"@type":"WebSite","@id":"https:\/\/supereule.pl\/de\/#website","url":"https:\/\/supereule.pl\/de\/","name":"Supereule - Platforma edukacyjna Mniejszo\u015bci Niemieckiej","description":"","potentialAction":[{"@type":"SearchAction","target":{"@type":"EntryPoint","urlTemplate":"https:\/\/supereule.pl\/de\/?s={search_term_string}"},"query-input":"required name=search_term_string"}],"inLanguage":"de"},{"@type":"ImageObject","inLanguage":"de","@id":"https:\/\/supereule.pl\/de\/niwki-programm-fortbildungsangebot-fuer-deutschlehrer\/#primaryimage","url":"https:\/\/supereule.pl\/wp-content\/uploads\/2023\/04\/Logo_Niwki.jpg","contentUrl":"https:\/\/supereule.pl\/wp-content\/uploads\/2023\/04\/Logo_Niwki.jpg","width":312,"height":99},{"@type":"WebPage","@id":"https:\/\/supereule.pl\/de\/niwki-programm-fortbildungsangebot-fuer-deutschlehrer\/#webpage","url":"https:\/\/supereule.pl\/de\/niwki-programm-fortbildungsangebot-fuer-deutschlehrer\/","name":"Niwki-Programm \u2013 Fortbildungsangebot f\u00fcr Deutschlehrer - Supereule - Platforma edukacyjna Mniejszo\u015bci Niemieckiej","isPartOf":{"@id":"https:\/\/supereule.pl\/de\/#website"},"primaryImageOfPage":{"@id":"https:\/\/supereule.pl\/de\/niwki-programm-fortbildungsangebot-fuer-deutschlehrer\/#primaryimage"},"datePublished":"2025-11-18T06:00:39+00:00","dateModified":"2025-11-17T09:44:27+00:00","author":{"@id":"https:\/\/supereule.pl\/de\/#\/schema\/person\/efe6bb9cc065a86e89ae3f27f2116c31"},"breadcrumb":{"@id":"https:\/\/supereule.pl\/de\/niwki-programm-fortbildungsangebot-fuer-deutschlehrer\/#breadcrumb"},"inLanguage":"de","potentialAction":[{"@type":"ReadAction","target":["https:\/\/supereule.pl\/de\/niwki-programm-fortbildungsangebot-fuer-deutschlehrer\/"]}]},{"@type":"BreadcrumbList","@id":"https:\/\/supereule.pl\/de\/niwki-programm-fortbildungsangebot-fuer-deutschlehrer\/#breadcrumb","itemListElement":[{"@type":"ListItem","position":1,"name":"Home","item":"https:\/\/supereule.pl\/de\/"},{"@type":"ListItem","position":2,"name":"Lehrer","item":"https:\/\/supereule.pl\/de\/category\/lehrer\/"},{"@type":"ListItem","position":3,"name":"Niwki-Programm \u2013 Fortbildungsangebot f\u00fcr Deutschlehrer"}]},{"@type":"Person","@id":"https:\/\/supereule.pl\/de\/#\/schema\/person\/efe6bb9cc065a86e89ae3f27f2116c31","name":"Edyta Opyd","image":{"@type":"ImageObject","inLanguage":"de","@id":"https:\/\/supereule.pl\/de\/#\/schema\/person\/image\/","url":"https:\/\/secure.gravatar.com\/avatar\/741fe069387a49deaf79d28189ef38a5?s=96&d=mm&r=g","contentUrl":"https:\/\/secure.gravatar.com\/avatar\/741fe069387a49deaf79d28189ef38a5?s=96&d=mm&r=g","caption":"Edyta Opyd"},"url":"https:\/\/supereule.pl\/de\/author\/edyta\/"}]}},"_links":{"self":[{"href":"https:\/\/supereule.pl\/de\/wp-json\/wp\/v2\/posts\/10938"}],"collection":[{"href":"https:\/\/supereule.pl\/de\/wp-json\/wp\/v2\/posts"}],"about":[{"href":"https:\/\/supereule.pl\/de\/wp-json\/wp\/v2\/types\/post"}],"author":[{"embeddable":true,"href":"https:\/\/supereule.pl\/de\/wp-json\/wp\/v2\/users\/6"}],"replies":[{"embeddable":true,"href":"https:\/\/supereule.pl\/de\/wp-json\/wp\/v2\/comments?post=10938"}],"version-history":[{"count":6,"href":"https:\/\/supereule.pl\/de\/wp-json\/wp\/v2\/posts\/10938\/revisions"}],"predecessor-version":[{"id":10941,"href":"https:\/\/supereule.pl\/de\/wp-json\/wp\/v2\/posts\/10938\/revisions\/10941"}],"wp:featuredmedia":[{"embeddable":true,"href":"https:\/\/supereule.pl\/de\/wp-json\/wp\/v2\/media\/6452"}],"wp:attachment":[{"href":"https:\/\/supereule.pl\/de\/wp-json\/wp\/v2\/media?parent=10938"}],"wp:term":[{"taxonomy":"category","embeddable":true,"href":"https:\/\/supereule.pl\/de\/wp-json\/wp\/v2\/categories?post=10938"},{"taxonomy":"post_tag","embeddable":true,"href":"https:\/\/supereule.pl\/de\/wp-json\/wp\/v2\/tags?post=10938"}],"curies":[{"name":"wp","href":"https:\/\/api.w.org\/{rel}","templated":true}]}}