{"id":10923,"date":"2025-11-17T09:46:56","date_gmt":"2025-11-17T08:46:56","guid":{"rendered":"https:\/\/supereule.pl\/?p=10923"},"modified":"2025-11-17T09:47:41","modified_gmt":"2025-11-17T08:47:41","slug":"schulungen-fuer-deutschlehrerinnen-und-deutschlehrer-sowie-fuehrungskraefte-der-deutschen-minderheit","status":"publish","type":"post","link":"https:\/\/supereule.pl\/de\/schulungen-fuer-deutschlehrerinnen-und-deutschlehrer-sowie-fuehrungskraefte-der-deutschen-minderheit\/","title":{"rendered":"Schulungen f\u00fcr Deutschlehrerinnen und Deutschlehrer sowie F\u00fchrungskr\u00e4fte der deutschen Minderheit"},"content":{"rendered":"<p>Liebe Lehrerinnen, liebe Lehrer,<\/p>\n<p>wenn Sie noch \u00fcberlegen, ob es sich lohnt, sich f\u00fcr die von der Deutschen Bildungsgesellschaft organisierte Lehrerfortbildung anzumelden, laden wir Sie ein, sich den Bericht \u00fcber die erste Fortbildung in Candrzin-Cosel auf Wochenblatt.TV (ab Min. 5:20) anzusehen:<\/p>\n<p><iframe loading=\"lazy\" title=\"Wochenbatt.TV- 14.11.2025\" width=\"500\" height=\"281\" src=\"https:\/\/www.youtube.com\/embed\/M5bAUEUcUK0?feature=oembed\" frameborder=\"0\" allow=\"accelerometer; autoplay; clipboard-write; encrypted-media; gyroscope; picture-in-picture; web-share\" referrerpolicy=\"strict-origin-when-cross-origin\" allowfullscreen><\/iframe><\/p>\n<p>Die n\u00e4chsten Schulngen finden statt am:<\/p>\n<p>\ud83d\udcc5\u00a0<strong>26. November 2025, 16:00 Uhr<\/strong><br \/>\n\ud83d\udccd\u00a0<em>Szko\u0142a Podstawowa nr 2 im. H. Sienkiewicza w G\u0142og\u00f3wku<\/em><br \/>\n<strong>Thema:<\/strong>\u00a0<em>Produktive Sprachf\u00e4higkeiten<\/em><\/p>\n<p>\ud83d\udcc5\u00a0<strong>3. Dezember 2025, 16:00 Uhr<\/strong><br \/>\n\ud83d\udccd\u00a0<em>Niepubliczna Szko\u0142a Podstawowa w Grodzisku<\/em><br \/>\n<strong>Thema:<\/strong>\u00a0<em>Wortschatz mit Arbeitskarten interaktiv erweitern<\/em><\/p>\n<p>Jede Fortbildung dauert\u00a0<strong>vier Unterrichtsstunden\u00a0<\/strong>und bietet eine hervorragende Quelle der Inspiration, neue Unterrichtsmethoden und Ideen zur Anwendung sowohl im Deutschunterricht als auch bei den Aktivit\u00e4ten der deutschen Minderheit, die der F\u00f6rderung der kommunikativen Kompetenz in deutscher Sprache dienen.<\/p>\n<p>W\u00e4hrend der Workshops werden unter anderem\u00a0<strong>didaktische Spiele\u00a0<\/strong>und das\u00a0<strong>\u201eEscape Box\u201c-Set<\/strong>\u00a0verwendet, das der Deutschen Bildungsgesellschaft in Oppeln vom\u00a0<strong>Goethe-Institut Krakau<\/strong>\u00a0zur Verf\u00fcgung gestellt wurde.<\/p>\n<p>\ud83d\udce7\u00a0<strong>Anmeldungen zu den einzelnen Workshops<\/strong>\u00a0bitte per E-Mail an:\u00a0<a href=\"mailto:sgerstenberg@poczta.onet.pl\">sgerstenberg@poczta.onet.pl<\/a><\/p>\n<p>Wir laden herzlich zur Teilnahme ein!<\/p>\n<p>Dieses Projekt wird mit Mitteln des Bundesministeriums des Innern der Bundesrepublik Deutschland \u00fcber VdG gef\u00f6rdert.<\/p>\n","protected":false},"excerpt":{"rendered":"<p>Liebe Lehrerinnen, liebe Lehrer, wenn Sie noch \u00fcberlegen, ob es sich lohnt, sich f\u00fcr die von der Deutschen Bildungsgesellschaft organisierte Lehrerfortbildung anzumelden, laden wir Sie ein, sich den Bericht \u00fcber die erste Fortbildung in Candrzin-Cosel auf Wochenblatt.TV (ab Min. 5:20) anzusehen: Die n\u00e4chsten Schulngen finden statt am: \ud83d\udcc5\u00a026. November 2025, 16:00 Uhr \ud83d\udccd\u00a0Szko\u0142a Podstawowa nr [&hellip;]<\/p>\n","protected":false},"author":6,"featured_media":10917,"comment_status":"closed","ping_status":"closed","sticky":false,"template":"","format":"standard","meta":[],"categories":[94,72],"tags":[],"acf":[],"yoast_head":"<!-- This site is optimized with the Yoast SEO plugin v18.9 - https:\/\/yoast.com\/wordpress\/plugins\/seo\/ -->\n<title>Schulungen f\u00fcr Deutschlehrerinnen und Deutschlehrer sowie F\u00fchrungskr\u00e4fte der deutschen Minderheit - Supereule - Platforma edukacyjna Mniejszo\u015bci Niemieckiej<\/title>\n<meta name=\"robots\" content=\"index, follow, max-snippet:-1, max-image-preview:large, max-video-preview:-1\" \/>\n<link rel=\"canonical\" href=\"https:\/\/supereule.pl\/de\/schulungen-fuer-deutschlehrerinnen-und-deutschlehrer-sowie-fuehrungskraefte-der-deutschen-minderheit\/\" \/>\n<meta property=\"og:locale\" content=\"de_DE\" \/>\n<meta property=\"og:type\" content=\"article\" \/>\n<meta property=\"og:title\" content=\"Schulungen f\u00fcr Deutschlehrerinnen und Deutschlehrer sowie F\u00fchrungskr\u00e4fte der deutschen Minderheit - Supereule - Platforma edukacyjna Mniejszo\u015bci Niemieckiej\" \/>\n<meta property=\"og:description\" content=\"Liebe Lehrerinnen, liebe Lehrer, wenn Sie noch \u00fcberlegen, ob es sich lohnt, sich f\u00fcr die von der Deutschen Bildungsgesellschaft organisierte Lehrerfortbildung anzumelden, laden wir Sie ein, sich den Bericht \u00fcber die erste Fortbildung in Candrzin-Cosel auf Wochenblatt.TV (ab Min. 5:20) anzusehen: Die n\u00e4chsten Schulngen finden statt am: \ud83d\udcc5\u00a026. November 2025, 16:00 Uhr \ud83d\udccd\u00a0Szko\u0142a Podstawowa nr [&hellip;]\" \/>\n<meta property=\"og:url\" content=\"https:\/\/supereule.pl\/de\/schulungen-fuer-deutschlehrerinnen-und-deutschlehrer-sowie-fuehrungskraefte-der-deutschen-minderheit\/\" \/>\n<meta property=\"og:site_name\" content=\"Supereule - Platforma edukacyjna Mniejszo\u015bci Niemieckiej\" \/>\n<meta property=\"article:published_time\" content=\"2025-11-17T08:46:56+00:00\" \/>\n<meta property=\"article:modified_time\" content=\"2025-11-17T08:47:41+00:00\" \/>\n<meta property=\"og:image\" content=\"https:\/\/supereule.pl\/wp-content\/uploads\/2025\/11\/Lehrerfortbildung.png\" \/>\n\t<meta property=\"og:image:width\" content=\"1177\" \/>\n\t<meta property=\"og:image:height\" content=\"793\" \/>\n\t<meta property=\"og:image:type\" content=\"image\/png\" \/>\n<meta name=\"twitter:card\" content=\"summary_large_image\" \/>\n<meta name=\"twitter:label1\" content=\"Verfasst von\" \/>\n\t<meta name=\"twitter:data1\" content=\"Edyta Opyd\" \/>\n\t<meta name=\"twitter:label2\" content=\"Gesch\u00e4tzte Lesezeit\" \/>\n\t<meta name=\"twitter:data2\" content=\"1\u00a0Minute\" \/>\n<script type=\"application\/ld+json\" class=\"yoast-schema-graph\">{\"@context\":\"https:\/\/schema.org\",\"@graph\":[{\"@type\":\"WebSite\",\"@id\":\"https:\/\/supereule.pl\/de\/#website\",\"url\":\"https:\/\/supereule.pl\/de\/\",\"name\":\"Supereule - Platforma edukacyjna Mniejszo\u015bci Niemieckiej\",\"description\":\"\",\"potentialAction\":[{\"@type\":\"SearchAction\",\"target\":{\"@type\":\"EntryPoint\",\"urlTemplate\":\"https:\/\/supereule.pl\/de\/?s={search_term_string}\"},\"query-input\":\"required name=search_term_string\"}],\"inLanguage\":\"de\"},{\"@type\":\"ImageObject\",\"inLanguage\":\"de\",\"@id\":\"https:\/\/supereule.pl\/de\/schulungen-fuer-deutschlehrerinnen-und-deutschlehrer-sowie-fuehrungskraefte-der-deutschen-minderheit\/#primaryimage\",\"url\":\"https:\/\/supereule.pl\/wp-content\/uploads\/2025\/11\/Lehrerfortbildung.png\",\"contentUrl\":\"https:\/\/supereule.pl\/wp-content\/uploads\/2025\/11\/Lehrerfortbildung.png\",\"width\":1177,\"height\":793},{\"@type\":\"WebPage\",\"@id\":\"https:\/\/supereule.pl\/de\/schulungen-fuer-deutschlehrerinnen-und-deutschlehrer-sowie-fuehrungskraefte-der-deutschen-minderheit\/#webpage\",\"url\":\"https:\/\/supereule.pl\/de\/schulungen-fuer-deutschlehrerinnen-und-deutschlehrer-sowie-fuehrungskraefte-der-deutschen-minderheit\/\",\"name\":\"Schulungen f\u00fcr Deutschlehrerinnen und Deutschlehrer sowie F\u00fchrungskr\u00e4fte der deutschen Minderheit - Supereule - Platforma edukacyjna Mniejszo\u015bci Niemieckiej\",\"isPartOf\":{\"@id\":\"https:\/\/supereule.pl\/de\/#website\"},\"primaryImageOfPage\":{\"@id\":\"https:\/\/supereule.pl\/de\/schulungen-fuer-deutschlehrerinnen-und-deutschlehrer-sowie-fuehrungskraefte-der-deutschen-minderheit\/#primaryimage\"},\"datePublished\":\"2025-11-17T08:46:56+00:00\",\"dateModified\":\"2025-11-17T08:47:41+00:00\",\"author\":{\"@id\":\"https:\/\/supereule.pl\/de\/#\/schema\/person\/efe6bb9cc065a86e89ae3f27f2116c31\"},\"breadcrumb\":{\"@id\":\"https:\/\/supereule.pl\/de\/schulungen-fuer-deutschlehrerinnen-und-deutschlehrer-sowie-fuehrungskraefte-der-deutschen-minderheit\/#breadcrumb\"},\"inLanguage\":\"de\",\"potentialAction\":[{\"@type\":\"ReadAction\",\"target\":[\"https:\/\/supereule.pl\/de\/schulungen-fuer-deutschlehrerinnen-und-deutschlehrer-sowie-fuehrungskraefte-der-deutschen-minderheit\/\"]}]},{\"@type\":\"BreadcrumbList\",\"@id\":\"https:\/\/supereule.pl\/de\/schulungen-fuer-deutschlehrerinnen-und-deutschlehrer-sowie-fuehrungskraefte-der-deutschen-minderheit\/#breadcrumb\",\"itemListElement\":[{\"@type\":\"ListItem\",\"position\":1,\"name\":\"Home\",\"item\":\"https:\/\/supereule.pl\/de\/\"},{\"@type\":\"ListItem\",\"position\":2,\"name\":\"Lehrer\",\"item\":\"https:\/\/supereule.pl\/de\/category\/lehrer\/\"},{\"@type\":\"ListItem\",\"position\":3,\"name\":\"Schulungen f\u00fcr Deutschlehrerinnen und Deutschlehrer sowie F\u00fchrungskr\u00e4fte der deutschen Minderheit\"}]},{\"@type\":\"Person\",\"@id\":\"https:\/\/supereule.pl\/de\/#\/schema\/person\/efe6bb9cc065a86e89ae3f27f2116c31\",\"name\":\"Edyta Opyd\",\"image\":{\"@type\":\"ImageObject\",\"inLanguage\":\"de\",\"@id\":\"https:\/\/supereule.pl\/de\/#\/schema\/person\/image\/\",\"url\":\"https:\/\/secure.gravatar.com\/avatar\/741fe069387a49deaf79d28189ef38a5?s=96&d=mm&r=g\",\"contentUrl\":\"https:\/\/secure.gravatar.com\/avatar\/741fe069387a49deaf79d28189ef38a5?s=96&d=mm&r=g\",\"caption\":\"Edyta Opyd\"},\"url\":\"https:\/\/supereule.pl\/de\/author\/edyta\/\"}]}<\/script>\n<!-- \/ Yoast SEO plugin. -->","yoast_head_json":{"title":"Schulungen f\u00fcr Deutschlehrerinnen und Deutschlehrer sowie F\u00fchrungskr\u00e4fte der deutschen Minderheit - Supereule - Platforma edukacyjna Mniejszo\u015bci Niemieckiej","robots":{"index":"index","follow":"follow","max-snippet":"max-snippet:-1","max-image-preview":"max-image-preview:large","max-video-preview":"max-video-preview:-1"},"canonical":"https:\/\/supereule.pl\/de\/schulungen-fuer-deutschlehrerinnen-und-deutschlehrer-sowie-fuehrungskraefte-der-deutschen-minderheit\/","og_locale":"de_DE","og_type":"article","og_title":"Schulungen f\u00fcr Deutschlehrerinnen und Deutschlehrer sowie F\u00fchrungskr\u00e4fte der deutschen Minderheit - Supereule - Platforma edukacyjna Mniejszo\u015bci Niemieckiej","og_description":"Liebe Lehrerinnen, liebe Lehrer, wenn Sie noch \u00fcberlegen, ob es sich lohnt, sich f\u00fcr die von der Deutschen Bildungsgesellschaft organisierte Lehrerfortbildung anzumelden, laden wir Sie ein, sich den Bericht \u00fcber die erste Fortbildung in Candrzin-Cosel auf Wochenblatt.TV (ab Min. 5:20) anzusehen: Die n\u00e4chsten Schulngen finden statt am: \ud83d\udcc5\u00a026. November 2025, 16:00 Uhr \ud83d\udccd\u00a0Szko\u0142a Podstawowa nr [&hellip;]","og_url":"https:\/\/supereule.pl\/de\/schulungen-fuer-deutschlehrerinnen-und-deutschlehrer-sowie-fuehrungskraefte-der-deutschen-minderheit\/","og_site_name":"Supereule - Platforma edukacyjna Mniejszo\u015bci Niemieckiej","article_published_time":"2025-11-17T08:46:56+00:00","article_modified_time":"2025-11-17T08:47:41+00:00","og_image":[{"width":1177,"height":793,"url":"https:\/\/supereule.pl\/wp-content\/uploads\/2025\/11\/Lehrerfortbildung.png","type":"image\/png"}],"twitter_card":"summary_large_image","twitter_misc":{"Verfasst von":"Edyta Opyd","Gesch\u00e4tzte Lesezeit":"1\u00a0Minute"},"schema":{"@context":"https:\/\/schema.org","@graph":[{"@type":"WebSite","@id":"https:\/\/supereule.pl\/de\/#website","url":"https:\/\/supereule.pl\/de\/","name":"Supereule - Platforma edukacyjna Mniejszo\u015bci Niemieckiej","description":"","potentialAction":[{"@type":"SearchAction","target":{"@type":"EntryPoint","urlTemplate":"https:\/\/supereule.pl\/de\/?s={search_term_string}"},"query-input":"required name=search_term_string"}],"inLanguage":"de"},{"@type":"ImageObject","inLanguage":"de","@id":"https:\/\/supereule.pl\/de\/schulungen-fuer-deutschlehrerinnen-und-deutschlehrer-sowie-fuehrungskraefte-der-deutschen-minderheit\/#primaryimage","url":"https:\/\/supereule.pl\/wp-content\/uploads\/2025\/11\/Lehrerfortbildung.png","contentUrl":"https:\/\/supereule.pl\/wp-content\/uploads\/2025\/11\/Lehrerfortbildung.png","width":1177,"height":793},{"@type":"WebPage","@id":"https:\/\/supereule.pl\/de\/schulungen-fuer-deutschlehrerinnen-und-deutschlehrer-sowie-fuehrungskraefte-der-deutschen-minderheit\/#webpage","url":"https:\/\/supereule.pl\/de\/schulungen-fuer-deutschlehrerinnen-und-deutschlehrer-sowie-fuehrungskraefte-der-deutschen-minderheit\/","name":"Schulungen f\u00fcr Deutschlehrerinnen und Deutschlehrer sowie F\u00fchrungskr\u00e4fte der deutschen Minderheit - Supereule - Platforma edukacyjna Mniejszo\u015bci Niemieckiej","isPartOf":{"@id":"https:\/\/supereule.pl\/de\/#website"},"primaryImageOfPage":{"@id":"https:\/\/supereule.pl\/de\/schulungen-fuer-deutschlehrerinnen-und-deutschlehrer-sowie-fuehrungskraefte-der-deutschen-minderheit\/#primaryimage"},"datePublished":"2025-11-17T08:46:56+00:00","dateModified":"2025-11-17T08:47:41+00:00","author":{"@id":"https:\/\/supereule.pl\/de\/#\/schema\/person\/efe6bb9cc065a86e89ae3f27f2116c31"},"breadcrumb":{"@id":"https:\/\/supereule.pl\/de\/schulungen-fuer-deutschlehrerinnen-und-deutschlehrer-sowie-fuehrungskraefte-der-deutschen-minderheit\/#breadcrumb"},"inLanguage":"de","potentialAction":[{"@type":"ReadAction","target":["https:\/\/supereule.pl\/de\/schulungen-fuer-deutschlehrerinnen-und-deutschlehrer-sowie-fuehrungskraefte-der-deutschen-minderheit\/"]}]},{"@type":"BreadcrumbList","@id":"https:\/\/supereule.pl\/de\/schulungen-fuer-deutschlehrerinnen-und-deutschlehrer-sowie-fuehrungskraefte-der-deutschen-minderheit\/#breadcrumb","itemListElement":[{"@type":"ListItem","position":1,"name":"Home","item":"https:\/\/supereule.pl\/de\/"},{"@type":"ListItem","position":2,"name":"Lehrer","item":"https:\/\/supereule.pl\/de\/category\/lehrer\/"},{"@type":"ListItem","position":3,"name":"Schulungen f\u00fcr Deutschlehrerinnen und Deutschlehrer sowie F\u00fchrungskr\u00e4fte der deutschen Minderheit"}]},{"@type":"Person","@id":"https:\/\/supereule.pl\/de\/#\/schema\/person\/efe6bb9cc065a86e89ae3f27f2116c31","name":"Edyta Opyd","image":{"@type":"ImageObject","inLanguage":"de","@id":"https:\/\/supereule.pl\/de\/#\/schema\/person\/image\/","url":"https:\/\/secure.gravatar.com\/avatar\/741fe069387a49deaf79d28189ef38a5?s=96&d=mm&r=g","contentUrl":"https:\/\/secure.gravatar.com\/avatar\/741fe069387a49deaf79d28189ef38a5?s=96&d=mm&r=g","caption":"Edyta Opyd"},"url":"https:\/\/supereule.pl\/de\/author\/edyta\/"}]}},"_links":{"self":[{"href":"https:\/\/supereule.pl\/de\/wp-json\/wp\/v2\/posts\/10923"}],"collection":[{"href":"https:\/\/supereule.pl\/de\/wp-json\/wp\/v2\/posts"}],"about":[{"href":"https:\/\/supereule.pl\/de\/wp-json\/wp\/v2\/types\/post"}],"author":[{"embeddable":true,"href":"https:\/\/supereule.pl\/de\/wp-json\/wp\/v2\/users\/6"}],"replies":[{"embeddable":true,"href":"https:\/\/supereule.pl\/de\/wp-json\/wp\/v2\/comments?post=10923"}],"version-history":[{"count":2,"href":"https:\/\/supereule.pl\/de\/wp-json\/wp\/v2\/posts\/10923\/revisions"}],"predecessor-version":[{"id":10925,"href":"https:\/\/supereule.pl\/de\/wp-json\/wp\/v2\/posts\/10923\/revisions\/10925"}],"wp:featuredmedia":[{"embeddable":true,"href":"https:\/\/supereule.pl\/de\/wp-json\/wp\/v2\/media\/10917"}],"wp:attachment":[{"href":"https:\/\/supereule.pl\/de\/wp-json\/wp\/v2\/media?parent=10923"}],"wp:term":[{"taxonomy":"category","embeddable":true,"href":"https:\/\/supereule.pl\/de\/wp-json\/wp\/v2\/categories?post=10923"},{"taxonomy":"post_tag","embeddable":true,"href":"https:\/\/supereule.pl\/de\/wp-json\/wp\/v2\/tags?post=10923"}],"curies":[{"name":"wp","href":"https:\/\/api.w.org\/{rel}","templated":true}]}}