{"id":10902,"date":"2025-11-07T14:56:14","date_gmt":"2025-11-07T13:56:14","guid":{"rendered":"https:\/\/supereule.pl\/szkolenia-dla-nauczycieli-jezyka-niemieckiego-oraz-liderow-mniejszosci-niemieckiej\/"},"modified":"2025-11-07T15:03:05","modified_gmt":"2025-11-07T14:03:05","slug":"szkolenia-dla-nauczycieli-jezyka-niemieckiego-oraz-liderow-mniejszosci-niemieckiej","status":"publish","type":"post","link":"https:\/\/supereule.pl\/de\/szkolenia-dla-nauczycieli-jezyka-niemieckiego-oraz-liderow-mniejszosci-niemieckiej\/","title":{"rendered":"Schulungen f\u00fcr Deutschlehrerinnen und Deutschlehrer sowie F\u00fchrungskr\u00e4fte der deutschen Minderheit"},"content":{"rendered":"<p style=\"text-align: justify;\">Die\u00a0<strong>Deutsche Bildungsgesellschaft in Oppeln <\/strong>l\u00e4dt herzlich Lehrerinnen und Lehrer der deutschen Sprache sowie Vertreterinnen und Vertreter der deutschen Minderheit zu einer Reihe von drei Fortbildungsworkshops ein, die von <strong>Frau Agata Makiola<\/strong>\u00a0\u2013 einer erfahrenen Germanistin und Trainerin f\u00fcr Lehrerfortbildungen sowie Schulungen f\u00fcr F\u00fchrungskr\u00e4fte der deutschen Minderheit \u2013 geleitet werden.<\/p>\n<p><strong>Themen und Termine der Workshops:<\/strong><\/p>\n<p>\ud83d\udcc5\u00a0<strong>12. November 2025, 16:00 Uhr<\/strong><br \/>\n\ud83d\udccd\u00a0<em>Zesp\u00f3\u0142 Szkolno-Przedszkolny nr 1 w K\u0119dzierzynie-Ko\u017alu<\/em><br \/>\n<strong>Thema:<\/strong>\u00a0<em>Neue deutsche Sprachspiele<\/em><\/p>\n<p>\ud83d\udcc5\u00a0<strong>26. November 2025, 16:00 Uhr<\/strong><br \/>\n\ud83d\udccd\u00a0<em>Szko\u0142a Podstawowa nr 2 im. H. Sienkiewicza w G\u0142og\u00f3wku<\/em><br \/>\n<strong>Thema:<\/strong>\u00a0<em>Produktive Sprachf\u00e4higkeiten<\/em><\/p>\n<p>\ud83d\udcc5\u00a0<strong>3. Dezember 2025, 16:00 Uhr<\/strong><br \/>\n\ud83d\udccd\u00a0<em>Niepubliczna Szko\u0142a Podstawowa w Grodzisku<\/em><br \/>\n<strong>Thema:<\/strong>\u00a0<em>Wortschatz mit Arbeitskarten interaktiv erweitern<\/em><\/p>\n<p style=\"text-align: justify;\">Jede Fortbildung dauert\u00a0<strong>vier Unterrichtsstunden\u00a0<\/strong>und bietet eine hervorragende Quelle der Inspiration, neue Unterrichtsmethoden und Ideen zur Anwendung sowohl im Deutschunterricht als auch bei den Aktivit\u00e4ten der deutschen Minderheit, die der F\u00f6rderung der kommunikativen Kompetenz in deutscher Sprache dienen.<\/p>\n<p style=\"text-align: justify;\">W\u00e4hrend der Workshops werden unter anderem\u00a0<strong>didaktische Spiele\u00a0<\/strong>und das\u00a0<strong>\u201eEscape Box\u201c-Set<\/strong> verwendet, das der Deutschen Bildungsgesellschaft in Oppeln vom <strong>Goethe-Institut Krakau<\/strong>\u00a0zur Verf\u00fcgung gestellt wurde.<\/p>\n<p>\ud83d\udce7\u00a0<strong>Anmeldungen zu den einzelnen Workshops<\/strong> bitte per E-Mail an: <a href=\"mailto:sgerstenberg@poczta.onet.pl\">sgerstenberg@poczta.onet.pl<\/a><\/p>\n<p>Wir laden herzlich zur Teilnahme ein!<\/p>\n<p>Dieses Projekt wird mit Mitteln des Bundesministeriums des Innern der Bundesrepublik Deutschland \u00fcber VdG gef\u00f6rdert.<\/p>\n","protected":false},"excerpt":{"rendered":"<p>Die\u00a0Deutsche Bildungsgesellschaft in Oppeln l\u00e4dt herzlich Lehrerinnen und Lehrer der deutschen Sprache sowie Vertreterinnen und Vertreter der deutschen Minderheit zu einer Reihe von drei Fortbildungsworkshops ein, die von Frau Agata Makiola\u00a0\u2013 einer erfahrenen Germanistin und Trainerin f\u00fcr Lehrerfortbildungen sowie Schulungen f\u00fcr F\u00fchrungskr\u00e4fte der deutschen Minderheit \u2013 geleitet werden. Themen und Termine der Workshops: \ud83d\udcc5\u00a012. November [&hellip;]<\/p>\n","protected":false},"author":7,"featured_media":10900,"comment_status":"closed","ping_status":"closed","sticky":false,"template":"","format":"standard","meta":[],"categories":[101,94],"tags":[],"acf":[],"yoast_head":"<!-- This site is optimized with the Yoast SEO plugin v18.9 - https:\/\/yoast.com\/wordpress\/plugins\/seo\/ -->\n<title>Schulungen f\u00fcr Deutschlehrerinnen und Deutschlehrer sowie F\u00fchrungskr\u00e4fte der deutschen Minderheit - Supereule - Platforma edukacyjna Mniejszo\u015bci Niemieckiej<\/title>\n<meta name=\"robots\" content=\"index, follow, max-snippet:-1, max-image-preview:large, max-video-preview:-1\" \/>\n<link rel=\"canonical\" href=\"https:\/\/supereule.pl\/de\/szkolenia-dla-nauczycieli-jezyka-niemieckiego-oraz-liderow-mniejszosci-niemieckiej\/\" \/>\n<meta property=\"og:locale\" content=\"de_DE\" \/>\n<meta property=\"og:type\" content=\"article\" \/>\n<meta property=\"og:title\" content=\"Schulungen f\u00fcr Deutschlehrerinnen und Deutschlehrer sowie F\u00fchrungskr\u00e4fte der deutschen Minderheit - Supereule - Platforma edukacyjna Mniejszo\u015bci Niemieckiej\" \/>\n<meta property=\"og:description\" content=\"Die\u00a0Deutsche Bildungsgesellschaft in Oppeln l\u00e4dt herzlich Lehrerinnen und Lehrer der deutschen Sprache sowie Vertreterinnen und Vertreter der deutschen Minderheit zu einer Reihe von drei Fortbildungsworkshops ein, die von Frau Agata Makiola\u00a0\u2013 einer erfahrenen Germanistin und Trainerin f\u00fcr Lehrerfortbildungen sowie Schulungen f\u00fcr F\u00fchrungskr\u00e4fte der deutschen Minderheit \u2013 geleitet werden. Themen und Termine der Workshops: \ud83d\udcc5\u00a012. November [&hellip;]\" \/>\n<meta property=\"og:url\" content=\"https:\/\/supereule.pl\/de\/szkolenia-dla-nauczycieli-jezyka-niemieckiego-oraz-liderow-mniejszosci-niemieckiej\/\" \/>\n<meta property=\"og:site_name\" content=\"Supereule - Platforma edukacyjna Mniejszo\u015bci Niemieckiej\" \/>\n<meta property=\"article:published_time\" content=\"2025-11-07T13:56:14+00:00\" \/>\n<meta property=\"article:modified_time\" content=\"2025-11-07T14:03:05+00:00\" \/>\n<meta property=\"og:image\" content=\"https:\/\/supereule.pl\/wp-content\/uploads\/2025\/11\/DBG.png\" \/>\n\t<meta property=\"og:image:width\" content=\"940\" \/>\n\t<meta property=\"og:image:height\" content=\"788\" \/>\n\t<meta property=\"og:image:type\" content=\"image\/png\" \/>\n<meta name=\"twitter:card\" content=\"summary_large_image\" \/>\n<meta name=\"twitter:label1\" content=\"Verfasst von\" \/>\n\t<meta name=\"twitter:data1\" content=\"Maria Smarzoch\" \/>\n\t<meta name=\"twitter:label2\" content=\"Gesch\u00e4tzte Lesezeit\" \/>\n\t<meta name=\"twitter:data2\" content=\"2\u00a0Minuten\" \/>\n<script type=\"application\/ld+json\" class=\"yoast-schema-graph\">{\"@context\":\"https:\/\/schema.org\",\"@graph\":[{\"@type\":\"WebSite\",\"@id\":\"https:\/\/supereule.pl\/de\/#website\",\"url\":\"https:\/\/supereule.pl\/de\/\",\"name\":\"Supereule - Platforma edukacyjna Mniejszo\u015bci Niemieckiej\",\"description\":\"\",\"potentialAction\":[{\"@type\":\"SearchAction\",\"target\":{\"@type\":\"EntryPoint\",\"urlTemplate\":\"https:\/\/supereule.pl\/de\/?s={search_term_string}\"},\"query-input\":\"required name=search_term_string\"}],\"inLanguage\":\"de\"},{\"@type\":\"ImageObject\",\"inLanguage\":\"de\",\"@id\":\"https:\/\/supereule.pl\/de\/szkolenia-dla-nauczycieli-jezyka-niemieckiego-oraz-liderow-mniejszosci-niemieckiej\/#primaryimage\",\"url\":\"https:\/\/supereule.pl\/wp-content\/uploads\/2025\/11\/DBG.png\",\"contentUrl\":\"https:\/\/supereule.pl\/wp-content\/uploads\/2025\/11\/DBG.png\",\"width\":940,\"height\":788},{\"@type\":\"WebPage\",\"@id\":\"https:\/\/supereule.pl\/de\/szkolenia-dla-nauczycieli-jezyka-niemieckiego-oraz-liderow-mniejszosci-niemieckiej\/#webpage\",\"url\":\"https:\/\/supereule.pl\/de\/szkolenia-dla-nauczycieli-jezyka-niemieckiego-oraz-liderow-mniejszosci-niemieckiej\/\",\"name\":\"Schulungen f\u00fcr Deutschlehrerinnen und Deutschlehrer sowie F\u00fchrungskr\u00e4fte der deutschen Minderheit - Supereule - Platforma edukacyjna Mniejszo\u015bci Niemieckiej\",\"isPartOf\":{\"@id\":\"https:\/\/supereule.pl\/de\/#website\"},\"primaryImageOfPage\":{\"@id\":\"https:\/\/supereule.pl\/de\/szkolenia-dla-nauczycieli-jezyka-niemieckiego-oraz-liderow-mniejszosci-niemieckiej\/#primaryimage\"},\"datePublished\":\"2025-11-07T13:56:14+00:00\",\"dateModified\":\"2025-11-07T14:03:05+00:00\",\"author\":{\"@id\":\"https:\/\/supereule.pl\/de\/#\/schema\/person\/1e411a06175b0baa4c1e0be104b982cd\"},\"breadcrumb\":{\"@id\":\"https:\/\/supereule.pl\/de\/szkolenia-dla-nauczycieli-jezyka-niemieckiego-oraz-liderow-mniejszosci-niemieckiej\/#breadcrumb\"},\"inLanguage\":\"de\",\"potentialAction\":[{\"@type\":\"ReadAction\",\"target\":[\"https:\/\/supereule.pl\/de\/szkolenia-dla-nauczycieli-jezyka-niemieckiego-oraz-liderow-mniejszosci-niemieckiej\/\"]}]},{\"@type\":\"BreadcrumbList\",\"@id\":\"https:\/\/supereule.pl\/de\/szkolenia-dla-nauczycieli-jezyka-niemieckiego-oraz-liderow-mniejszosci-niemieckiej\/#breadcrumb\",\"itemListElement\":[{\"@type\":\"ListItem\",\"position\":1,\"name\":\"Home\",\"item\":\"https:\/\/supereule.pl\/de\/\"},{\"@type\":\"ListItem\",\"position\":2,\"name\":\"Stellenb\u00f6rse\",\"item\":\"https:\/\/supereule.pl\/de\/category\/stellenboerse\/\"},{\"@type\":\"ListItem\",\"position\":3,\"name\":\"Deutschlehrerinnen und Deutschlehrer\",\"item\":\"https:\/\/supereule.pl\/de\/category\/stellenboerse\/deutschlehrerinnen-und-deutschlehrer\/\"},{\"@type\":\"ListItem\",\"position\":4,\"name\":\"Schulungen f\u00fcr Deutschlehrerinnen und Deutschlehrer sowie F\u00fchrungskr\u00e4fte der deutschen Minderheit\"}]},{\"@type\":\"Person\",\"@id\":\"https:\/\/supereule.pl\/de\/#\/schema\/person\/1e411a06175b0baa4c1e0be104b982cd\",\"name\":\"Maria Smarzoch\",\"image\":{\"@type\":\"ImageObject\",\"inLanguage\":\"de\",\"@id\":\"https:\/\/supereule.pl\/de\/#\/schema\/person\/image\/\",\"url\":\"https:\/\/secure.gravatar.com\/avatar\/bc959eab426354ddf82911ebc9552b60?s=96&d=mm&r=g\",\"contentUrl\":\"https:\/\/secure.gravatar.com\/avatar\/bc959eab426354ddf82911ebc9552b60?s=96&d=mm&r=g\",\"caption\":\"Maria Smarzoch\"},\"url\":\"https:\/\/supereule.pl\/de\/author\/maria-smarzochvdg-pl\/\"}]}<\/script>\n<!-- \/ Yoast SEO plugin. -->","yoast_head_json":{"title":"Schulungen f\u00fcr Deutschlehrerinnen und Deutschlehrer sowie F\u00fchrungskr\u00e4fte der deutschen Minderheit - Supereule - Platforma edukacyjna Mniejszo\u015bci Niemieckiej","robots":{"index":"index","follow":"follow","max-snippet":"max-snippet:-1","max-image-preview":"max-image-preview:large","max-video-preview":"max-video-preview:-1"},"canonical":"https:\/\/supereule.pl\/de\/szkolenia-dla-nauczycieli-jezyka-niemieckiego-oraz-liderow-mniejszosci-niemieckiej\/","og_locale":"de_DE","og_type":"article","og_title":"Schulungen f\u00fcr Deutschlehrerinnen und Deutschlehrer sowie F\u00fchrungskr\u00e4fte der deutschen Minderheit - Supereule - Platforma edukacyjna Mniejszo\u015bci Niemieckiej","og_description":"Die\u00a0Deutsche Bildungsgesellschaft in Oppeln l\u00e4dt herzlich Lehrerinnen und Lehrer der deutschen Sprache sowie Vertreterinnen und Vertreter der deutschen Minderheit zu einer Reihe von drei Fortbildungsworkshops ein, die von Frau Agata Makiola\u00a0\u2013 einer erfahrenen Germanistin und Trainerin f\u00fcr Lehrerfortbildungen sowie Schulungen f\u00fcr F\u00fchrungskr\u00e4fte der deutschen Minderheit \u2013 geleitet werden. Themen und Termine der Workshops: \ud83d\udcc5\u00a012. November [&hellip;]","og_url":"https:\/\/supereule.pl\/de\/szkolenia-dla-nauczycieli-jezyka-niemieckiego-oraz-liderow-mniejszosci-niemieckiej\/","og_site_name":"Supereule - Platforma edukacyjna Mniejszo\u015bci Niemieckiej","article_published_time":"2025-11-07T13:56:14+00:00","article_modified_time":"2025-11-07T14:03:05+00:00","og_image":[{"width":940,"height":788,"url":"https:\/\/supereule.pl\/wp-content\/uploads\/2025\/11\/DBG.png","type":"image\/png"}],"twitter_card":"summary_large_image","twitter_misc":{"Verfasst von":"Maria Smarzoch","Gesch\u00e4tzte Lesezeit":"2\u00a0Minuten"},"schema":{"@context":"https:\/\/schema.org","@graph":[{"@type":"WebSite","@id":"https:\/\/supereule.pl\/de\/#website","url":"https:\/\/supereule.pl\/de\/","name":"Supereule - Platforma edukacyjna Mniejszo\u015bci Niemieckiej","description":"","potentialAction":[{"@type":"SearchAction","target":{"@type":"EntryPoint","urlTemplate":"https:\/\/supereule.pl\/de\/?s={search_term_string}"},"query-input":"required name=search_term_string"}],"inLanguage":"de"},{"@type":"ImageObject","inLanguage":"de","@id":"https:\/\/supereule.pl\/de\/szkolenia-dla-nauczycieli-jezyka-niemieckiego-oraz-liderow-mniejszosci-niemieckiej\/#primaryimage","url":"https:\/\/supereule.pl\/wp-content\/uploads\/2025\/11\/DBG.png","contentUrl":"https:\/\/supereule.pl\/wp-content\/uploads\/2025\/11\/DBG.png","width":940,"height":788},{"@type":"WebPage","@id":"https:\/\/supereule.pl\/de\/szkolenia-dla-nauczycieli-jezyka-niemieckiego-oraz-liderow-mniejszosci-niemieckiej\/#webpage","url":"https:\/\/supereule.pl\/de\/szkolenia-dla-nauczycieli-jezyka-niemieckiego-oraz-liderow-mniejszosci-niemieckiej\/","name":"Schulungen f\u00fcr Deutschlehrerinnen und Deutschlehrer sowie F\u00fchrungskr\u00e4fte der deutschen Minderheit - Supereule - Platforma edukacyjna Mniejszo\u015bci Niemieckiej","isPartOf":{"@id":"https:\/\/supereule.pl\/de\/#website"},"primaryImageOfPage":{"@id":"https:\/\/supereule.pl\/de\/szkolenia-dla-nauczycieli-jezyka-niemieckiego-oraz-liderow-mniejszosci-niemieckiej\/#primaryimage"},"datePublished":"2025-11-07T13:56:14+00:00","dateModified":"2025-11-07T14:03:05+00:00","author":{"@id":"https:\/\/supereule.pl\/de\/#\/schema\/person\/1e411a06175b0baa4c1e0be104b982cd"},"breadcrumb":{"@id":"https:\/\/supereule.pl\/de\/szkolenia-dla-nauczycieli-jezyka-niemieckiego-oraz-liderow-mniejszosci-niemieckiej\/#breadcrumb"},"inLanguage":"de","potentialAction":[{"@type":"ReadAction","target":["https:\/\/supereule.pl\/de\/szkolenia-dla-nauczycieli-jezyka-niemieckiego-oraz-liderow-mniejszosci-niemieckiej\/"]}]},{"@type":"BreadcrumbList","@id":"https:\/\/supereule.pl\/de\/szkolenia-dla-nauczycieli-jezyka-niemieckiego-oraz-liderow-mniejszosci-niemieckiej\/#breadcrumb","itemListElement":[{"@type":"ListItem","position":1,"name":"Home","item":"https:\/\/supereule.pl\/de\/"},{"@type":"ListItem","position":2,"name":"Stellenb\u00f6rse","item":"https:\/\/supereule.pl\/de\/category\/stellenboerse\/"},{"@type":"ListItem","position":3,"name":"Deutschlehrerinnen und Deutschlehrer","item":"https:\/\/supereule.pl\/de\/category\/stellenboerse\/deutschlehrerinnen-und-deutschlehrer\/"},{"@type":"ListItem","position":4,"name":"Schulungen f\u00fcr Deutschlehrerinnen und Deutschlehrer sowie F\u00fchrungskr\u00e4fte der deutschen Minderheit"}]},{"@type":"Person","@id":"https:\/\/supereule.pl\/de\/#\/schema\/person\/1e411a06175b0baa4c1e0be104b982cd","name":"Maria Smarzoch","image":{"@type":"ImageObject","inLanguage":"de","@id":"https:\/\/supereule.pl\/de\/#\/schema\/person\/image\/","url":"https:\/\/secure.gravatar.com\/avatar\/bc959eab426354ddf82911ebc9552b60?s=96&d=mm&r=g","contentUrl":"https:\/\/secure.gravatar.com\/avatar\/bc959eab426354ddf82911ebc9552b60?s=96&d=mm&r=g","caption":"Maria Smarzoch"},"url":"https:\/\/supereule.pl\/de\/author\/maria-smarzochvdg-pl\/"}]}},"_links":{"self":[{"href":"https:\/\/supereule.pl\/de\/wp-json\/wp\/v2\/posts\/10902"}],"collection":[{"href":"https:\/\/supereule.pl\/de\/wp-json\/wp\/v2\/posts"}],"about":[{"href":"https:\/\/supereule.pl\/de\/wp-json\/wp\/v2\/types\/post"}],"author":[{"embeddable":true,"href":"https:\/\/supereule.pl\/de\/wp-json\/wp\/v2\/users\/7"}],"replies":[{"embeddable":true,"href":"https:\/\/supereule.pl\/de\/wp-json\/wp\/v2\/comments?post=10902"}],"version-history":[{"count":2,"href":"https:\/\/supereule.pl\/de\/wp-json\/wp\/v2\/posts\/10902\/revisions"}],"predecessor-version":[{"id":10904,"href":"https:\/\/supereule.pl\/de\/wp-json\/wp\/v2\/posts\/10902\/revisions\/10904"}],"wp:featuredmedia":[{"embeddable":true,"href":"https:\/\/supereule.pl\/de\/wp-json\/wp\/v2\/media\/10900"}],"wp:attachment":[{"href":"https:\/\/supereule.pl\/de\/wp-json\/wp\/v2\/media?parent=10902"}],"wp:term":[{"taxonomy":"category","embeddable":true,"href":"https:\/\/supereule.pl\/de\/wp-json\/wp\/v2\/categories?post=10902"},{"taxonomy":"post_tag","embeddable":true,"href":"https:\/\/supereule.pl\/de\/wp-json\/wp\/v2\/tags?post=10902"}],"curies":[{"name":"wp","href":"https:\/\/api.w.org\/{rel}","templated":true}]}}