{"id":10709,"date":"2025-10-03T08:00:00","date_gmt":"2025-10-03T06:00:00","guid":{"rendered":"https:\/\/supereule.pl\/dzien-jednosci-niemiec-2\/"},"modified":"2025-10-06T08:32:22","modified_gmt":"2025-10-06T06:32:22","slug":"dzien-jednosci-niemiec-2","status":"publish","type":"post","link":"https:\/\/supereule.pl\/de\/dzien-jednosci-niemiec-2\/","title":{"rendered":"Tag der Deutschen Einheit"},"content":{"rendered":"<p style=\"text-align: justify;\">Der Tag der Deutschen Einheit wird am 3. Oktober gefeiert. Es handelt sich um einen deutschen Nationalfeiertag, der an die Wiedervereinigung Deutschlands im Jahr 1990 erinnert. Nach 41 Jahren vereinigte sich die Deutsche Demokratische Republik (DDR) mit der Bundesrepublik Deutschland (BRD). Es lohnt sich, Unterrichtsmaterialien zu diesem Thema f\u00fcr den Deutschunterricht vorzubereiten. Nachfolgend pr\u00e4sentieren wir Ihnen einige Vorschl\u00e4ge:<\/p>\n<p style=\"text-align: justify;\"><a href=\"https:\/\/www.twinkl.de\/resource\/tag-der-deutschen-einheit-suchsel-de-su-1725881389\">Crossword puzzle<\/a><\/p>\n<p><a href=\"https:\/\/www.twinkl.de\/resource\/tag-der-deutschen-einheit-ausmalbilder-de-su-1752764607\">Malb\u00fccher<\/a><\/p>\n<p><a href=\"https:\/\/verstehmal.info\/deutsche-einheit\/\">Die Mauer ist weg. Deutsche Geschichte mit Kindern besprechen<\/a><\/p>\n<p><a href=\"https:\/\/www.hanisauland.de\/system\/files\/2021-05\/arbeitsblatt_spezial_dt.-einheit_gs.pdf\">Arbeitsbl\u00e4tter zum HanisauLand-Spezial \u201eDie Deutsche Einheit\u201c<\/a><\/p>\n","protected":false},"excerpt":{"rendered":"<p>Der Tag der Deutschen Einheit wird am 3. Oktober gefeiert. Es handelt sich um einen deutschen Nationalfeiertag, der an die Wiedervereinigung Deutschlands im Jahr 1990 erinnert. Nach 41 Jahren vereinigte sich die Deutsche Demokratische Republik (DDR) mit der Bundesrepublik Deutschland (BRD). Es lohnt sich, Unterrichtsmaterialien zu diesem Thema f\u00fcr den Deutschunterricht vorzubereiten. Nachfolgend pr\u00e4sentieren wir [&hellip;]<\/p>\n","protected":false},"author":7,"featured_media":10707,"comment_status":"closed","ping_status":"closed","sticky":false,"template":"","format":"standard","meta":[],"categories":[101,94],"tags":[],"acf":[],"yoast_head":"<!-- This site is optimized with the Yoast SEO plugin v18.9 - https:\/\/yoast.com\/wordpress\/plugins\/seo\/ -->\n<title>Tag der Deutschen Einheit - Supereule - Platforma edukacyjna Mniejszo\u015bci Niemieckiej<\/title>\n<meta name=\"robots\" content=\"index, follow, max-snippet:-1, max-image-preview:large, max-video-preview:-1\" \/>\n<link rel=\"canonical\" href=\"https:\/\/supereule.pl\/de\/dzien-jednosci-niemiec-2\/\" \/>\n<meta property=\"og:locale\" content=\"de_DE\" \/>\n<meta property=\"og:type\" content=\"article\" \/>\n<meta property=\"og:title\" content=\"Tag der Deutschen Einheit - Supereule - Platforma edukacyjna Mniejszo\u015bci Niemieckiej\" \/>\n<meta property=\"og:description\" content=\"Der Tag der Deutschen Einheit wird am 3. Oktober gefeiert. Es handelt sich um einen deutschen Nationalfeiertag, der an die Wiedervereinigung Deutschlands im Jahr 1990 erinnert. Nach 41 Jahren vereinigte sich die Deutsche Demokratische Republik (DDR) mit der Bundesrepublik Deutschland (BRD). Es lohnt sich, Unterrichtsmaterialien zu diesem Thema f\u00fcr den Deutschunterricht vorzubereiten. Nachfolgend pr\u00e4sentieren wir [&hellip;]\" \/>\n<meta property=\"og:url\" content=\"https:\/\/supereule.pl\/de\/dzien-jednosci-niemiec-2\/\" \/>\n<meta property=\"og:site_name\" content=\"Supereule - Platforma edukacyjna Mniejszo\u015bci Niemieckiej\" \/>\n<meta property=\"article:published_time\" content=\"2025-10-03T06:00:00+00:00\" \/>\n<meta property=\"article:modified_time\" content=\"2025-10-06T06:32:22+00:00\" \/>\n<meta property=\"og:image\" content=\"https:\/\/supereule.pl\/wp-content\/uploads\/2025\/10\/flag-of-germany-1060305_1280.jpg\" \/>\n\t<meta property=\"og:image:width\" content=\"1280\" \/>\n\t<meta property=\"og:image:height\" content=\"720\" \/>\n\t<meta property=\"og:image:type\" content=\"image\/jpeg\" \/>\n<meta name=\"twitter:card\" content=\"summary_large_image\" \/>\n<meta name=\"twitter:label1\" content=\"Verfasst von\" \/>\n\t<meta name=\"twitter:data1\" content=\"Maria Smarzoch\" \/>\n\t<meta name=\"twitter:label2\" content=\"Gesch\u00e4tzte Lesezeit\" \/>\n\t<meta name=\"twitter:data2\" content=\"1\u00a0Minute\" \/>\n<script type=\"application\/ld+json\" class=\"yoast-schema-graph\">{\"@context\":\"https:\/\/schema.org\",\"@graph\":[{\"@type\":\"WebSite\",\"@id\":\"https:\/\/supereule.pl\/de\/#website\",\"url\":\"https:\/\/supereule.pl\/de\/\",\"name\":\"Supereule - Platforma edukacyjna Mniejszo\u015bci Niemieckiej\",\"description\":\"\",\"potentialAction\":[{\"@type\":\"SearchAction\",\"target\":{\"@type\":\"EntryPoint\",\"urlTemplate\":\"https:\/\/supereule.pl\/de\/?s={search_term_string}\"},\"query-input\":\"required name=search_term_string\"}],\"inLanguage\":\"de\"},{\"@type\":\"ImageObject\",\"inLanguage\":\"de\",\"@id\":\"https:\/\/supereule.pl\/de\/dzien-jednosci-niemiec-2\/#primaryimage\",\"url\":\"https:\/\/supereule.pl\/wp-content\/uploads\/2025\/10\/flag-of-germany-1060305_1280.jpg\",\"contentUrl\":\"https:\/\/supereule.pl\/wp-content\/uploads\/2025\/10\/flag-of-germany-1060305_1280.jpg\",\"width\":1280,\"height\":720},{\"@type\":\"WebPage\",\"@id\":\"https:\/\/supereule.pl\/de\/dzien-jednosci-niemiec-2\/#webpage\",\"url\":\"https:\/\/supereule.pl\/de\/dzien-jednosci-niemiec-2\/\",\"name\":\"Tag der Deutschen Einheit - Supereule - Platforma edukacyjna Mniejszo\u015bci Niemieckiej\",\"isPartOf\":{\"@id\":\"https:\/\/supereule.pl\/de\/#website\"},\"primaryImageOfPage\":{\"@id\":\"https:\/\/supereule.pl\/de\/dzien-jednosci-niemiec-2\/#primaryimage\"},\"datePublished\":\"2025-10-03T06:00:00+00:00\",\"dateModified\":\"2025-10-06T06:32:22+00:00\",\"author\":{\"@id\":\"https:\/\/supereule.pl\/de\/#\/schema\/person\/1e411a06175b0baa4c1e0be104b982cd\"},\"breadcrumb\":{\"@id\":\"https:\/\/supereule.pl\/de\/dzien-jednosci-niemiec-2\/#breadcrumb\"},\"inLanguage\":\"de\",\"potentialAction\":[{\"@type\":\"ReadAction\",\"target\":[\"https:\/\/supereule.pl\/de\/dzien-jednosci-niemiec-2\/\"]}]},{\"@type\":\"BreadcrumbList\",\"@id\":\"https:\/\/supereule.pl\/de\/dzien-jednosci-niemiec-2\/#breadcrumb\",\"itemListElement\":[{\"@type\":\"ListItem\",\"position\":1,\"name\":\"Home\",\"item\":\"https:\/\/supereule.pl\/de\/\"},{\"@type\":\"ListItem\",\"position\":2,\"name\":\"Stellenb\u00f6rse\",\"item\":\"https:\/\/supereule.pl\/de\/category\/stellenboerse\/\"},{\"@type\":\"ListItem\",\"position\":3,\"name\":\"Deutschlehrerinnen und Deutschlehrer\",\"item\":\"https:\/\/supereule.pl\/de\/category\/stellenboerse\/deutschlehrerinnen-und-deutschlehrer\/\"},{\"@type\":\"ListItem\",\"position\":4,\"name\":\"Tag der Deutschen Einheit\"}]},{\"@type\":\"Person\",\"@id\":\"https:\/\/supereule.pl\/de\/#\/schema\/person\/1e411a06175b0baa4c1e0be104b982cd\",\"name\":\"Maria Smarzoch\",\"image\":{\"@type\":\"ImageObject\",\"inLanguage\":\"de\",\"@id\":\"https:\/\/supereule.pl\/de\/#\/schema\/person\/image\/\",\"url\":\"https:\/\/secure.gravatar.com\/avatar\/bc959eab426354ddf82911ebc9552b60?s=96&d=mm&r=g\",\"contentUrl\":\"https:\/\/secure.gravatar.com\/avatar\/bc959eab426354ddf82911ebc9552b60?s=96&d=mm&r=g\",\"caption\":\"Maria Smarzoch\"},\"url\":\"https:\/\/supereule.pl\/de\/author\/maria-smarzochvdg-pl\/\"}]}<\/script>\n<!-- \/ Yoast SEO plugin. -->","yoast_head_json":{"title":"Tag der Deutschen Einheit - Supereule - Platforma edukacyjna Mniejszo\u015bci Niemieckiej","robots":{"index":"index","follow":"follow","max-snippet":"max-snippet:-1","max-image-preview":"max-image-preview:large","max-video-preview":"max-video-preview:-1"},"canonical":"https:\/\/supereule.pl\/de\/dzien-jednosci-niemiec-2\/","og_locale":"de_DE","og_type":"article","og_title":"Tag der Deutschen Einheit - Supereule - Platforma edukacyjna Mniejszo\u015bci Niemieckiej","og_description":"Der Tag der Deutschen Einheit wird am 3. Oktober gefeiert. Es handelt sich um einen deutschen Nationalfeiertag, der an die Wiedervereinigung Deutschlands im Jahr 1990 erinnert. Nach 41 Jahren vereinigte sich die Deutsche Demokratische Republik (DDR) mit der Bundesrepublik Deutschland (BRD). Es lohnt sich, Unterrichtsmaterialien zu diesem Thema f\u00fcr den Deutschunterricht vorzubereiten. Nachfolgend pr\u00e4sentieren wir [&hellip;]","og_url":"https:\/\/supereule.pl\/de\/dzien-jednosci-niemiec-2\/","og_site_name":"Supereule - Platforma edukacyjna Mniejszo\u015bci Niemieckiej","article_published_time":"2025-10-03T06:00:00+00:00","article_modified_time":"2025-10-06T06:32:22+00:00","og_image":[{"width":1280,"height":720,"url":"https:\/\/supereule.pl\/wp-content\/uploads\/2025\/10\/flag-of-germany-1060305_1280.jpg","type":"image\/jpeg"}],"twitter_card":"summary_large_image","twitter_misc":{"Verfasst von":"Maria Smarzoch","Gesch\u00e4tzte Lesezeit":"1\u00a0Minute"},"schema":{"@context":"https:\/\/schema.org","@graph":[{"@type":"WebSite","@id":"https:\/\/supereule.pl\/de\/#website","url":"https:\/\/supereule.pl\/de\/","name":"Supereule - Platforma edukacyjna Mniejszo\u015bci Niemieckiej","description":"","potentialAction":[{"@type":"SearchAction","target":{"@type":"EntryPoint","urlTemplate":"https:\/\/supereule.pl\/de\/?s={search_term_string}"},"query-input":"required name=search_term_string"}],"inLanguage":"de"},{"@type":"ImageObject","inLanguage":"de","@id":"https:\/\/supereule.pl\/de\/dzien-jednosci-niemiec-2\/#primaryimage","url":"https:\/\/supereule.pl\/wp-content\/uploads\/2025\/10\/flag-of-germany-1060305_1280.jpg","contentUrl":"https:\/\/supereule.pl\/wp-content\/uploads\/2025\/10\/flag-of-germany-1060305_1280.jpg","width":1280,"height":720},{"@type":"WebPage","@id":"https:\/\/supereule.pl\/de\/dzien-jednosci-niemiec-2\/#webpage","url":"https:\/\/supereule.pl\/de\/dzien-jednosci-niemiec-2\/","name":"Tag der Deutschen Einheit - Supereule - Platforma edukacyjna Mniejszo\u015bci Niemieckiej","isPartOf":{"@id":"https:\/\/supereule.pl\/de\/#website"},"primaryImageOfPage":{"@id":"https:\/\/supereule.pl\/de\/dzien-jednosci-niemiec-2\/#primaryimage"},"datePublished":"2025-10-03T06:00:00+00:00","dateModified":"2025-10-06T06:32:22+00:00","author":{"@id":"https:\/\/supereule.pl\/de\/#\/schema\/person\/1e411a06175b0baa4c1e0be104b982cd"},"breadcrumb":{"@id":"https:\/\/supereule.pl\/de\/dzien-jednosci-niemiec-2\/#breadcrumb"},"inLanguage":"de","potentialAction":[{"@type":"ReadAction","target":["https:\/\/supereule.pl\/de\/dzien-jednosci-niemiec-2\/"]}]},{"@type":"BreadcrumbList","@id":"https:\/\/supereule.pl\/de\/dzien-jednosci-niemiec-2\/#breadcrumb","itemListElement":[{"@type":"ListItem","position":1,"name":"Home","item":"https:\/\/supereule.pl\/de\/"},{"@type":"ListItem","position":2,"name":"Stellenb\u00f6rse","item":"https:\/\/supereule.pl\/de\/category\/stellenboerse\/"},{"@type":"ListItem","position":3,"name":"Deutschlehrerinnen und Deutschlehrer","item":"https:\/\/supereule.pl\/de\/category\/stellenboerse\/deutschlehrerinnen-und-deutschlehrer\/"},{"@type":"ListItem","position":4,"name":"Tag der Deutschen Einheit"}]},{"@type":"Person","@id":"https:\/\/supereule.pl\/de\/#\/schema\/person\/1e411a06175b0baa4c1e0be104b982cd","name":"Maria Smarzoch","image":{"@type":"ImageObject","inLanguage":"de","@id":"https:\/\/supereule.pl\/de\/#\/schema\/person\/image\/","url":"https:\/\/secure.gravatar.com\/avatar\/bc959eab426354ddf82911ebc9552b60?s=96&d=mm&r=g","contentUrl":"https:\/\/secure.gravatar.com\/avatar\/bc959eab426354ddf82911ebc9552b60?s=96&d=mm&r=g","caption":"Maria Smarzoch"},"url":"https:\/\/supereule.pl\/de\/author\/maria-smarzochvdg-pl\/"}]}},"_links":{"self":[{"href":"https:\/\/supereule.pl\/de\/wp-json\/wp\/v2\/posts\/10709"}],"collection":[{"href":"https:\/\/supereule.pl\/de\/wp-json\/wp\/v2\/posts"}],"about":[{"href":"https:\/\/supereule.pl\/de\/wp-json\/wp\/v2\/types\/post"}],"author":[{"embeddable":true,"href":"https:\/\/supereule.pl\/de\/wp-json\/wp\/v2\/users\/7"}],"replies":[{"embeddable":true,"href":"https:\/\/supereule.pl\/de\/wp-json\/wp\/v2\/comments?post=10709"}],"version-history":[{"count":2,"href":"https:\/\/supereule.pl\/de\/wp-json\/wp\/v2\/posts\/10709\/revisions"}],"predecessor-version":[{"id":10711,"href":"https:\/\/supereule.pl\/de\/wp-json\/wp\/v2\/posts\/10709\/revisions\/10711"}],"wp:featuredmedia":[{"embeddable":true,"href":"https:\/\/supereule.pl\/de\/wp-json\/wp\/v2\/media\/10707"}],"wp:attachment":[{"href":"https:\/\/supereule.pl\/de\/wp-json\/wp\/v2\/media?parent=10709"}],"wp:term":[{"taxonomy":"category","embeddable":true,"href":"https:\/\/supereule.pl\/de\/wp-json\/wp\/v2\/categories?post=10709"},{"taxonomy":"post_tag","embeddable":true,"href":"https:\/\/supereule.pl\/de\/wp-json\/wp\/v2\/tags?post=10709"}],"curies":[{"name":"wp","href":"https:\/\/api.w.org\/{rel}","templated":true}]}}